{"id":246873,"date":"2025-07-13T09:41:15","date_gmt":"2025-07-13T09:41:15","guid":{"rendered":"https:\/\/www.europesays.com\/fr\/246873\/"},"modified":"2025-07-13T09:41:15","modified_gmt":"2025-07-13T09:41:15","slug":"football-lasse-moins-flamboyante-mais-encore-victorieuse-face-a-troyes","status":"publish","type":"post","link":"https:\/\/www.europesays.com\/fr\/246873\/","title":{"rendered":"Football. L\u2019ASSE moins flamboyante mais encore victorieuse face \u00e0 Troyes"},"content":{"rendered":"<p>ASSE &#8211; Troyes<\/p>\n<p>1-0<\/p>\n<p>Loin de la foule qui les attendait apr\u00e8s la rencontre \u00e0 l\u2019Envol Stadium le week-end dernier et des errements d\u00e9fensifs de l\u2019\u00c9toile Carouge, l\u2019ASSE s\u2019est confront\u00e9e \u00e0 un tout autre test pour son deuxi\u00e8me match de pr\u00e9paration ce samedi.<\/p>\n<p>Dans un Geoffroy-Guichard \u00e0 huis clos et face \u00e0 un futur adversaire de Ligue 2, les hommes d\u2019Eirik Horneland ont mis du temps avant de r\u00e9ussir \u00e0 inqui\u00e9ter le bloc d\u00e9fensif compact des Troyens. Comme face aux Suisses la semaine derni\u00e8re, les Verts s\u2019en sont remis \u00e0 Old, servi par Fomba, pour d\u00e9bloquer une rencontre longtemps cadenass\u00e9e et monter en r\u00e9gime durant cette intersaison.<\/p>\n<p>Pour l\u2019entra\u00eeneur st\u00e9phanois, hors de question de proc\u00e9der \u00e0 un intense turnover. Seuls Larsonneur, Owusu, Makhloufi, Miladinovic et Boakye devaient se contenter de&#8230;<\/p>\n","protected":false},"excerpt":{"rendered":"ASSE &#8211; Troyes 1-0 Loin de la foule qui les attendait apr\u00e8s la rencontre \u00e0 l\u2019Envol Stadium le&hellip;\n","protected":false},"author":2,"featured_media":246874,"comment_status":"","ping_status":"","sticky":false,"template":"","format":"standard","meta":{"footnotes":""},"categories":[9653],"tags":[1111,11,4000,2430,7539,1777,674,107,63,1011,27,4002,3367,12,25,4001,7538,517],"class_list":{"0":"post-246873","1":"post","2":"type-post","3":"status-publish","4":"format-standard","5":"has-post-thumbnail","7":"category-saint-etienne","8":"tag-actu","9":"tag-actualites","10":"tag-asse-as-saint-etienne-football","11":"tag-auvergne-rhone-alpes","12":"tag-edition-loire-sud","13":"tag-eu","14":"tag-europe","15":"tag-fil-info","16":"tag-football","17":"tag-fr","18":"tag-france","19":"tag-haute-loire","20":"tag-loire","21":"tag-news","22":"tag-republique-francaise","23":"tag-saint-etienne","24":"tag-saint-etienne-ville","25":"tag-sport"},"share_on_mastodon":{"url":"https:\/\/pubeurope.com\/@fr\/114845272413927449","error":""},"_links":{"self":[{"href":"https:\/\/www.europesays.com\/fr\/wp-json\/wp\/v2\/posts\/246873","targetHints":{"allow":["GET"]}}],"collection":[{"href":"https:\/\/www.europesays.com\/fr\/wp-json\/wp\/v2\/posts"}],"about":[{"href":"https:\/\/www.europesays.com\/fr\/wp-json\/wp\/v2\/types\/post"}],"author":[{"embeddable":true,"href":"https:\/\/www.europesays.com\/fr\/wp-json\/wp\/v2\/users\/2"}],"replies":[{"embeddable":true,"href":"https:\/\/www.europesays.com\/fr\/wp-json\/wp\/v2\/comments?post=246873"}],"version-history":[{"count":0,"href":"https:\/\/www.europesays.com\/fr\/wp-json\/wp\/v2\/posts\/246873\/revisions"}],"wp:featuredmedia":[{"embeddable":true,"href":"https:\/\/www.europesays.com\/fr\/wp-json\/wp\/v2\/media\/246874"}],"wp:attachment":[{"href":"https:\/\/www.europesays.com\/fr\/wp-json\/wp\/v2\/media?parent=246873"}],"wp:term":[{"taxonomy":"category","embeddable":true,"href":"https:\/\/www.europesays.com\/fr\/wp-json\/wp\/v2\/categories?post=246873"},{"taxonomy":"post_tag","embeddable":true,"href":"https:\/\/www.europesays.com\/fr\/wp-json\/wp\/v2\/tags?post=246873"}],"curies":[{"name":"wp","href":"https:\/\/api.w.org\/{rel}","templated":true}]}}