{"id":246875,"date":"2025-07-13T09:42:10","date_gmt":"2025-07-13T09:42:10","guid":{"rendered":"https:\/\/www.europesays.com\/fr\/246875\/"},"modified":"2025-07-13T09:42:10","modified_gmt":"2025-07-13T09:42:10","slug":"letape-obligatoire-pour-la-periode-estivale","status":"publish","type":"post","link":"https:\/\/www.europesays.com\/fr\/246875\/","title":{"rendered":"l\u2019\u00e9tape obligatoire pour la p\u00e9riode estivale"},"content":{"rendered":"<p>Si vous cherchez \u00e0 vous immerger dans l\u2019eau en ces temps de chaleur incessante, le paradis sur Terre pourrait bien se trouver en Lorraine. Les infrastructures aquatiques, ce n\u2019est pas ce qui manque \u00e0 <a href=\"https:\/\/www.estrepublicain.fr\/p\/nancy-thermal\" target=\"_blank\" rel=\"noopener\">Nancy Thermal<\/a>. Comptez dix-sept bassins dans un complexe de vingt mille m\u00e8tres carr\u00e9s\u00a0! \u00ab\u00a0Un choix tr\u00e8s vari\u00e9 pour satisfaire tous les profils\u00a0\u00bb, affirme Didier Ringwald, directeur des lieux. De quoi satisfaire toutes les pr\u00e9f\u00e9rences.<\/p>\n<p>  Des activit\u00e9s \u00e0 perte de vue<\/p>\n<p>Bonne nouvelle pour les curistes, <a href=\"https:\/\/www.estrepublicain.fr\/sante\/2024\/09\/26\/cures-a-nancy-thermal-le-centre-toujours-en-rodage-trouve-son-rythme-et-accueille-plus-de-curistes\" target=\"_blank\" rel=\"noopener\">l\u2019espace sant\u00e9, qui avait \u00e9t\u00e9 ferm\u00e9<\/a> un mois apr\u00e8s son ouverture en juillet\u00a02023, entame pour la premi\u00e8re fois une saison estivale compl\u00e8te. Si vous voulez profiter des jacuzzis, de la douche tropicale ou encore du solarium, aucune r\u00e9servation n\u2019est requise. Il vous suffit d\u2019un maillot de bain et un peu de motivation, ce qui ne manque g\u00e9n\u00e9ralement pas \u00e0 l\u2019appel.<\/p>\n<p>Les deux piscines olympiques de <a href=\"https:\/\/www.estrepublicain.fr\/culture-loisirs\/2023\/04\/01\/decouvrez-en-images-l-espace-aquasport-de-nancy-thermal-avec-ses-premiers-nageurs\" target=\"_blank\" rel=\"noopener\">l\u2019espace Aquasport<\/a> s\u00e9duisent aussi bien les sportifs que les amateurs de repos. Pour les premiers, une quinzaine d\u2019activit\u00e9s physiques sont propos\u00e9es\u00a0; pour les seconds, le plus dur sera de choisir le transat id\u00e9al.<\/p>\n<p>Les enfants ne sont pas en reste \u00e9galement. Toboggans, pentagliss, escalade et plongeons, tout a \u00e9t\u00e9 con\u00e7u pour passer une agr\u00e9able journ\u00e9e en famille dans un environnement ludique.<\/p>\n<p>Ce contenu est bloqu\u00e9 car vous n&rsquo;avez pas accept\u00e9 les cookies et autres traceurs.<\/p>\n<p>En cliquant sur \u00ab J\u2019accepte \u00bb, les cookies et autres traceurs seront d\u00e9pos\u00e9s et vous pourrez visualiser les contenus  (<a href=\"\" class=\"consentModule_policy\" target=\"_blank\" title=\"Consulter la politique de protection des donn\u00e9es du fournisseur\">plus d&rsquo;informations<\/a>).<\/p>\n<p>En cliquant sur \u00ab J\u2019accepte tous les cookies \u00bb, vous autorisez des d\u00e9p\u00f4ts de cookies et autres traceurs pour le stockage de vos donn\u00e9es sur nos sites et applications \u00e0 des fins de personnalisation et de ciblage publicitaire.<\/p>\n<p class=\"consentModule_secondaryText\">Vous gardez la possibilit\u00e9 de retirer votre consentement \u00e0 tout moment en consultant notre <a href=\"https:\/\/www.estrepublicain.fr\/protection-des-donnees\" target=\"_blank\" title=\"Consulter notre politique de protection des donn\u00e9es\" rel=\"noopener\">politique de protection des donn\u00e9es<\/a>. <br \/>&#13;<br \/>\n            <a href=\"https:\/\/www.estrepublicain.fr\/magazine-tourisme-et-patrimoine\/2025\/07\/13\/javascript:Didomi.notice.show()\" class=\"consentModule_cmp\" target=\"_blank\" rel=\"noopener\">G\u00e9rer mes choix<\/a>&#13;\n        <\/p>\n<p>&#13;<br \/>\n                        J&rsquo;accepte&#13;<br \/>\n            J&rsquo;accepte tous les cookies&#13;\n        <\/p>\n<p>  Un cadre \u00e9poustouflant<\/p>\n<p>L\u2019exp\u00e9rience thermale et Nancy, c\u2019est une histoire d\u2019amour qui dure depuis plus d\u2019un si\u00e8cle. Les b\u00e2timents sont une synth\u00e8se entre architecture antique et moderne. Imaginez une coupole inspir\u00e9e de l\u2019apog\u00e9e romaine et drap\u00e9e d\u2019une mosa\u00efque Art nouveau\u2026 Bienvenue dans l\u2019univers de Louis Lanternier, \u00e0 qui l\u2019on doit <a href=\"https:\/\/www.estrepublicain.fr\/magazine-tourisme-et-patrimoine\/2023\/03\/10\/nancy-thermal-et-ses-origines-(1-2)-comment-l-architecte-louis-lanternier-a-t-il-fait-jaillir-l-eau-thermale\" target=\"_blank\" rel=\"noopener\"> la d\u00e9couverte des eaux<\/a> \u00e0 36 degr\u00e9s en 1909.<\/p>\n<p>L\u2019emplacement, situ\u00e9 \u00e0 c\u00f4t\u00e9 du Parc Sainte-Marie, offre aux visiteurs un cadre reposant qui contraste avec le mouvement permanent des centres urbains.<\/p>\n<p>Que vous soyez r\u00e9sident ou de passage \u00e0 Nancy, les thermes vous invitent \u00e0 appuyer sur pause le temps de quelques heures, et durant l\u2019\u00e9t\u00e9, cette occasion ne se refuse pas.<\/p>\n<p class=\"note\">Ouvert tous les jours jusqu\u2019\u00e0 20\u00a0h. Le mardi et vendredi jusqu\u2019\u00e0 22\u00a0h pour une partie du complexe.<\/p>\n","protected":false},"excerpt":{"rendered":"Si vous cherchez \u00e0 vous immerger dans l\u2019eau en ces temps de chaleur incessante, le paradis sur Terre&hellip;\n","protected":false},"author":2,"featured_media":246876,"comment_status":"","ping_status":"","sticky":false,"template":"","format":"standard","meta":{"footnotes":""},"categories":[9635],"tags":[1111,11,1707,1704,1706,1705,1777,674,1011,27,775,20065,3457,1702,1703,12,25],"class_list":{"0":"post-246875","1":"post","2":"type-post","3":"status-publish","4":"format-standard","5":"has-post-thumbnail","7":"category-nancy","8":"tag-actu","9":"tag-actualites","10":"tag-edition-luneville","11":"tag-edition-nancy-et-agglomeration","12":"tag-edition-pont-a-mousson","13":"tag-edition-toul","14":"tag-eu","15":"tag-europe","16":"tag-fr","17":"tag-france","18":"tag-grand-est","19":"tag-magazine-tourisme-et-patrimoine","20":"tag-meurthe-et-moselle","21":"tag-nancy","22":"tag-nancy-ville-54b","23":"tag-news","24":"tag-republique-francaise"},"share_on_mastodon":{"url":"https:\/\/pubeurope.com\/@fr\/114845276106114500","error":""},"_links":{"self":[{"href":"https:\/\/www.europesays.com\/fr\/wp-json\/wp\/v2\/posts\/246875","targetHints":{"allow":["GET"]}}],"collection":[{"href":"https:\/\/www.europesays.com\/fr\/wp-json\/wp\/v2\/posts"}],"about":[{"href":"https:\/\/www.europesays.com\/fr\/wp-json\/wp\/v2\/types\/post"}],"author":[{"embeddable":true,"href":"https:\/\/www.europesays.com\/fr\/wp-json\/wp\/v2\/users\/2"}],"replies":[{"embeddable":true,"href":"https:\/\/www.europesays.com\/fr\/wp-json\/wp\/v2\/comments?post=246875"}],"version-history":[{"count":0,"href":"https:\/\/www.europesays.com\/fr\/wp-json\/wp\/v2\/posts\/246875\/revisions"}],"wp:featuredmedia":[{"embeddable":true,"href":"https:\/\/www.europesays.com\/fr\/wp-json\/wp\/v2\/media\/246876"}],"wp:attachment":[{"href":"https:\/\/www.europesays.com\/fr\/wp-json\/wp\/v2\/media?parent=246875"}],"wp:term":[{"taxonomy":"category","embeddable":true,"href":"https:\/\/www.europesays.com\/fr\/wp-json\/wp\/v2\/categories?post=246875"},{"taxonomy":"post_tag","embeddable":true,"href":"https:\/\/www.europesays.com\/fr\/wp-json\/wp\/v2\/tags?post=246875"}],"curies":[{"name":"wp","href":"https:\/\/api.w.org\/{rel}","templated":true}]}}