{"id":246877,"date":"2025-07-13T09:43:12","date_gmt":"2025-07-13T09:43:12","guid":{"rendered":"https:\/\/www.europesays.com\/fr\/246877\/"},"modified":"2025-07-13T09:43:12","modified_gmt":"2025-07-13T09:43:12","slug":"football-forme-a-las-nancy-lorraine-abou-ba-rebondit-a-bordeaux","status":"publish","type":"post","link":"https:\/\/www.europesays.com\/fr\/246877\/","title":{"rendered":"Football. Form\u00e9 \u00e0 l\u2019AS Nancy Lorraine, Abou Ba rebondit \u00e0 Bordeaux"},"content":{"rendered":"<p>FC Nantes, Aris Salonique (Gr\u00e8ce), Consenza et Alessandria (Italie), Seraing (Belgique), Villefranche\u2026 <a href=\"https:\/\/www.estrepublicain.fr\/sport\/2019\/10\/18\/des-nouvelles-de-l-ex-joueur-de-l-asnl-abou-ba-le-canari-qui-fait-son-nid-en-grece\" target=\"_blank\" rel=\"noopener\"> Abou Ba<\/a> a tellement boug\u00e9, depuis son d\u00e9part de l\u2019ASNL pour les Canaris en 2019, que l\u2019on aurait tendance \u00e0 oublier que le natif de Saint-Di\u00e9 n\u2019est \u00e2g\u00e9 que de 26 ans aujourd\u2019hui.<\/p>\n<p>Le milieu de terrain form\u00e9 en For\u00eat de Haye ajoute une nouvelle destination \u00e0 son voyage en ballon, direction les Girondins de Bordeaux. Le club bordelais a chut\u00e9 dans la hi\u00e9rarchie du foot fran\u00e7ais, tomb\u00e9 en N2, mais \u00e7a reste un super challenge pour Abou Ba. L\u2019occasion, pour l\u2019ancien Nanc\u00e9ien, de relancer sa carri\u00e8re qui avait d\u00e9marr\u00e9 sur les chapeaux de roues, avec notamment des s\u00e9lections en \u00e9quipe de France U18 et U20.<\/p>\n","protected":false},"excerpt":{"rendered":"FC Nantes, Aris Salonique (Gr\u00e8ce), Consenza et Alessandria (Italie), Seraing (Belgique), Villefranche\u2026 Abou Ba a tellement boug\u00e9, depuis&hellip;\n","protected":false},"author":2,"featured_media":246878,"comment_status":"","ping_status":"","sticky":false,"template":"","format":"standard","meta":{"footnotes":""},"categories":[9635],"tags":[1111,11,3703,1704,1777,674,1701,63,1011,27,775,1702,1703,12,25,517,1700],"class_list":{"0":"post-246877","1":"post","2":"type-post","3":"status-publish","4":"format-standard","5":"has-post-thumbnail","7":"category-nancy","8":"tag-actu","9":"tag-actualites","10":"tag-asnl","11":"tag-edition-nancy-et-agglomeration","12":"tag-eu","13":"tag-europe","14":"tag-fil-info-sport","15":"tag-football","16":"tag-fr","17":"tag-france","18":"tag-grand-est","19":"tag-nancy","20":"tag-nancy-ville-54b","21":"tag-news","22":"tag-republique-francaise","23":"tag-sport","24":"tag-sport-lorrain"},"share_on_mastodon":{"url":"https:\/\/pubeurope.com\/@fr\/114845280094477310","error":""},"_links":{"self":[{"href":"https:\/\/www.europesays.com\/fr\/wp-json\/wp\/v2\/posts\/246877","targetHints":{"allow":["GET"]}}],"collection":[{"href":"https:\/\/www.europesays.com\/fr\/wp-json\/wp\/v2\/posts"}],"about":[{"href":"https:\/\/www.europesays.com\/fr\/wp-json\/wp\/v2\/types\/post"}],"author":[{"embeddable":true,"href":"https:\/\/www.europesays.com\/fr\/wp-json\/wp\/v2\/users\/2"}],"replies":[{"embeddable":true,"href":"https:\/\/www.europesays.com\/fr\/wp-json\/wp\/v2\/comments?post=246877"}],"version-history":[{"count":0,"href":"https:\/\/www.europesays.com\/fr\/wp-json\/wp\/v2\/posts\/246877\/revisions"}],"wp:featuredmedia":[{"embeddable":true,"href":"https:\/\/www.europesays.com\/fr\/wp-json\/wp\/v2\/media\/246878"}],"wp:attachment":[{"href":"https:\/\/www.europesays.com\/fr\/wp-json\/wp\/v2\/media?parent=246877"}],"wp:term":[{"taxonomy":"category","embeddable":true,"href":"https:\/\/www.europesays.com\/fr\/wp-json\/wp\/v2\/categories?post=246877"},{"taxonomy":"post_tag","embeddable":true,"href":"https:\/\/www.europesays.com\/fr\/wp-json\/wp\/v2\/tags?post=246877"}],"curies":[{"name":"wp","href":"https:\/\/api.w.org\/{rel}","templated":true}]}}