{"id":246888,"date":"2025-07-13T09:52:12","date_gmt":"2025-07-13T09:52:12","guid":{"rendered":"https:\/\/www.europesays.com\/fr\/246888\/"},"modified":"2025-07-13T09:52:12","modified_gmt":"2025-07-13T09:52:12","slug":"securite-renforcee-et-vente-de-petards-et-feux-dartifice-interdite","status":"publish","type":"post","link":"https:\/\/www.europesays.com\/fr\/246888\/","title":{"rendered":"s\u00e9curit\u00e9 renforc\u00e9e et vente de p\u00e9tards et feux d\u2019artifice interdite"},"content":{"rendered":"<p>\u00c0 l\u2019occasion de la F\u00eate nationale, la pr\u00e9fecture de l\u2019Is\u00e8re informe que l\u2019\u00c9tat met en place un dispositif de s\u00e9curit\u00e9 renforc\u00e9 afin de garantir le bon d\u00e9roulement des festivit\u00e9s du 14-Juillet sur l\u2019ensemble du territoire is\u00e9rois.<\/p>\n<p>Tout le week-end, les forces de s\u00e9curit\u00e9 int\u00e9rieure \u2013 policiers nationaux, compagnies r\u00e9publicaines de s\u00e9curit\u00e9 et gendarmes \u2013 sont d\u00e9ploy\u00e9es dans tout le d\u00e9partement. Leur mission\u00a0: assurer la s\u00e9curit\u00e9 des personnes et pr\u00e9venir tout trouble \u00e0 l\u2019ordre public.<\/p>\n<p>Le poste de commandement du Service d\u00e9partemental d\u2019incendie et de secours (Sdis) est \u00e9galement renforc\u00e9. En compl\u00e9ment, des militaires de l\u2019op\u00e9ration Sentinelle patrouilleront dans les rues de l\u2019agglom\u00e9ration grenobloise, contribuant \u00e0 la s\u00e9curisation des grands rassemblements.<\/p>\n<p>Dans ce cadre, la pr\u00e9f\u00e8te de l\u2019Is\u00e8re Catherine S\u00e9guin a pris plusieurs arr\u00eat\u00e9s pr\u00e9fectoraux. Ainsi, jusqu\u2019au mardi 15\u00a0juillet \u00e0 8\u00a0h sont interdits\u00a0:<\/p>\n<p>\u25b6 Le port et le transport d\u2019armes, toutes cat\u00e9gories confondues, de munitions et d\u2019objets pouvant constituer une arme\u00a0;<\/p>\n<p>\u25b6 Le port et le transport par des particuliers, sans motif l\u00e9gitime, d\u2019objets destin\u00e9s \u00e0 dissimuler tout ou partie du visage afin de ne pas \u00eatre identifi\u00e9\u00a0; d\u2019\u00e9quipements de protection destin\u00e9s \u00e0 mettre en \u00e9chec tout ou partie des moyens utilis\u00e9s par les repr\u00e9sentants de la force publique pour le maintien de l\u2019ordre\u00a0;<\/p>\n<p>\u25b6 La vente, la cession, le transport, le port et l\u2019utilisation de fumig\u00e8nes, p\u00e9tards ou feux d\u2019artifice sur la voie publique, \u00e0 l\u2019exception des personnes titulaires de l\u2019agr\u00e9ment pr\u00e9fectoral\u00a0;<\/p>\n<p>\u25b6 Le transport de combustibles corrosifs, carburants \u00e0 emporter et gaz inflammables, sauf n\u00e9cessit\u00e9 d\u00fbment justifi\u00e9e par la personne et v\u00e9rifi\u00e9e avec le concours des services de police et de gendarmerie.<\/p>\n","protected":false},"excerpt":{"rendered":"\u00c0 l\u2019occasion de la F\u00eate nationale, la pr\u00e9fecture de l\u2019Is\u00e8re informe que l\u2019\u00c9tat met en place un dispositif&hellip;\n","protected":false},"author":2,"featured_media":246889,"comment_status":"","ping_status":"","sticky":false,"template":"","format":"standard","meta":{"footnotes":""},"categories":[9566],"tags":[1111,11,2430,1687,115,112,113,116,111,114,1777,674,274,1011,27,2731,2732,108,12,25,104],"class_list":{"0":"post-246888","1":"post","2":"type-post","3":"status-publish","4":"format-standard","5":"has-post-thumbnail","7":"category-grenoble","8":"tag-actu","9":"tag-actualites","10":"tag-auvergne-rhone-alpes","11":"tag-culture-loisirs","12":"tag-edition-bourgoin-jallieu-nord-dauphine","13":"tag-edition-grenoble-agglomeration","14":"tag-edition-gresivaudan-oisans","15":"tag-edition-la-tour-du-pin-nord-dauphine","16":"tag-edition-vienne-roussillon","17":"tag-edition-voiron-saint-marcellin","18":"tag-eu","19":"tag-europe","20":"tag-faits-divers-justice","21":"tag-fr","22":"tag-france","23":"tag-grenoble","24":"tag-grenoble-bassin","25":"tag-isere","26":"tag-news","27":"tag-republique-francaise","28":"tag-societe"},"share_on_mastodon":{"url":"https:\/\/pubeurope.com\/@fr\/114845315444250993","error":""},"_links":{"self":[{"href":"https:\/\/www.europesays.com\/fr\/wp-json\/wp\/v2\/posts\/246888","targetHints":{"allow":["GET"]}}],"collection":[{"href":"https:\/\/www.europesays.com\/fr\/wp-json\/wp\/v2\/posts"}],"about":[{"href":"https:\/\/www.europesays.com\/fr\/wp-json\/wp\/v2\/types\/post"}],"author":[{"embeddable":true,"href":"https:\/\/www.europesays.com\/fr\/wp-json\/wp\/v2\/users\/2"}],"replies":[{"embeddable":true,"href":"https:\/\/www.europesays.com\/fr\/wp-json\/wp\/v2\/comments?post=246888"}],"version-history":[{"count":0,"href":"https:\/\/www.europesays.com\/fr\/wp-json\/wp\/v2\/posts\/246888\/revisions"}],"wp:featuredmedia":[{"embeddable":true,"href":"https:\/\/www.europesays.com\/fr\/wp-json\/wp\/v2\/media\/246889"}],"wp:attachment":[{"href":"https:\/\/www.europesays.com\/fr\/wp-json\/wp\/v2\/media?parent=246888"}],"wp:term":[{"taxonomy":"category","embeddable":true,"href":"https:\/\/www.europesays.com\/fr\/wp-json\/wp\/v2\/categories?post=246888"},{"taxonomy":"post_tag","embeddable":true,"href":"https:\/\/www.europesays.com\/fr\/wp-json\/wp\/v2\/tags?post=246888"}],"curies":[{"name":"wp","href":"https:\/\/api.w.org\/{rel}","templated":true}]}}