{"id":246892,"date":"2025-07-13T09:54:09","date_gmt":"2025-07-13T09:54:09","guid":{"rendered":"https:\/\/www.europesays.com\/fr\/246892\/"},"modified":"2025-07-13T09:54:09","modified_gmt":"2025-07-13T09:54:09","slug":"grievement-blesse-dans-un-accident-un-conducteur-heliporte-vers-le-chu-de-rennes","status":"publish","type":"post","link":"https:\/\/www.europesays.com\/fr\/246892\/","title":{"rendered":"gri\u00e8vement bless\u00e9 dans un accident, un conducteur h\u00e9liport\u00e9 vers le CHU de Rennes"},"content":{"rendered":"<p>            Par<br \/>\n        <strong><br \/>\n            <a href=\"https:\/\/actu.fr\/auteur\/journaliste-lachronique\" title=\"Consulter tous les articles de R\u00e9daction Foug\u00e8res\" rel=\"nofollow noopener\" target=\"_blank\">R\u00e9daction Foug\u00e8res<\/a><br \/>\n        <\/strong><\/p>\n<p>        Publi\u00e9 le<\/p>\n<p>            13 juil. 2025 \u00e0 11h36        <\/p>\n<p>Un accident de la route est survenu,<b> dimanche 13 juillet<\/b> vers 6h, sur la <b>D798<\/b> \u00e0 hauteur de <a href=\"https:\/\/actu.fr\/bretagne\/le-ferre_35111\" rel=\"nofollow noopener\" target=\"_blank\">Le Ferr\u00e9<\/a> <b>(Ille-et-Vilaine)<\/b>, au lieu-dit la Grifferais.<\/p>\n<p class=\" wall-content\">D\u2019apr\u00e8s les premiers \u00e9l\u00e9ments, une voiture, avec un conducteur seul \u00e0 bord, aurait mordu la berme sur le bas-c\u00f4t\u00e9 de la <b>route<\/b> avant de faire plusieurs<b> tonneaux<\/b>.<\/p>\n<p>Transport\u00e9 par h\u00e9licopt\u00e8re<\/p>\n<p class=\" wall-content\">A l\u2019arriv\u00e9e des secours, le chauffeur, \u00e2g\u00e9 de 20 ans et originaire de la commune, \u00e9tait <b>incarc\u00e9r\u00e9<\/b> dans son v\u00e9hicule.<\/p>\n<p class=\" wall-content\">Gri\u00e8vement bless\u00e9 et polytraumatis\u00e9, il a \u00e9t\u00e9 m\u00e9dicalis\u00e9 par le Smur de<b> Foug\u00e8res<\/b> et transport\u00e9 par h\u00e9licopt\u00e8re, le <b>Dragon 50<\/b>, vers le CHU de <b>Rennes-Pontchaillou<\/b>.<\/p>\n<p class=\" wall-content\">D\u2019apr\u00e8s nos informations, son pronostic vital n\u2019est pas engag\u00e9. La <b>gendarmerie<\/b> a ouvert une enqu\u00eate pour d\u00e9terminer les circonstances de l\u2019accident.<\/p>\n<p>Vid\u00e9os : en ce moment sur Actu<\/p>\n<p class=\" wall-content\">Suivez toute l\u2019actualit\u00e9 de vos villes et m\u00e9dias favoris en vous inscrivant \u00e0 <a href=\"https:\/\/moncompte.actu.fr\" title=\"D\u00e9couvez Mon Actu\" rel=\"nofollow noopener\" data-trk=\"{&quot;cta&quot;:{&quot;action&quot;:&quot;https:\\\/\\\/moncompte.actu.fr&quot;,&quot;category&quot;:&quot;mon compte&quot;,&quot;from&quot;:&quot;article footer&quot;,&quot;name&quot;:&quot;Mon actu&quot;,&quot;type&quot;:&quot;cta&quot;}}\" target=\"_blank\">Mon Actu<\/a>.<\/p>\n","protected":false},"excerpt":{"rendered":"Par R\u00e9daction Foug\u00e8res Publi\u00e9 le 13 juil. 2025 \u00e0 11h36 Un accident de la route est survenu, dimanche&hellip;\n","protected":false},"author":2,"featured_media":246893,"comment_status":"","ping_status":"","sticky":false,"template":"","format":"standard","meta":{"footnotes":""},"categories":[2821],"tags":[119,1111,11,829,1777,674,118,1011,27,12,584,25],"class_list":{"0":"post-246892","1":"post","2":"type-post","3":"status-publish","4":"format-standard","5":"has-post-thumbnail","7":"category-rennes","8":"tag-accident","9":"tag-actu","10":"tag-actualites","11":"tag-bretagne","12":"tag-eu","13":"tag-europe","14":"tag-faits-divers","15":"tag-fr","16":"tag-france","17":"tag-news","18":"tag-rennes","19":"tag-republique-francaise"},"share_on_mastodon":{"url":"https:\/\/pubeurope.com\/@fr\/114845323376179564","error":""},"_links":{"self":[{"href":"https:\/\/www.europesays.com\/fr\/wp-json\/wp\/v2\/posts\/246892","targetHints":{"allow":["GET"]}}],"collection":[{"href":"https:\/\/www.europesays.com\/fr\/wp-json\/wp\/v2\/posts"}],"about":[{"href":"https:\/\/www.europesays.com\/fr\/wp-json\/wp\/v2\/types\/post"}],"author":[{"embeddable":true,"href":"https:\/\/www.europesays.com\/fr\/wp-json\/wp\/v2\/users\/2"}],"replies":[{"embeddable":true,"href":"https:\/\/www.europesays.com\/fr\/wp-json\/wp\/v2\/comments?post=246892"}],"version-history":[{"count":0,"href":"https:\/\/www.europesays.com\/fr\/wp-json\/wp\/v2\/posts\/246892\/revisions"}],"wp:featuredmedia":[{"embeddable":true,"href":"https:\/\/www.europesays.com\/fr\/wp-json\/wp\/v2\/media\/246893"}],"wp:attachment":[{"href":"https:\/\/www.europesays.com\/fr\/wp-json\/wp\/v2\/media?parent=246892"}],"wp:term":[{"taxonomy":"category","embeddable":true,"href":"https:\/\/www.europesays.com\/fr\/wp-json\/wp\/v2\/categories?post=246892"},{"taxonomy":"post_tag","embeddable":true,"href":"https:\/\/www.europesays.com\/fr\/wp-json\/wp\/v2\/tags?post=246892"}],"curies":[{"name":"wp","href":"https:\/\/api.w.org\/{rel}","templated":true}]}}