{"id":246903,"date":"2025-07-13T10:00:19","date_gmt":"2025-07-13T10:00:19","guid":{"rendered":"https:\/\/www.europesays.com\/fr\/246903\/"},"modified":"2025-07-13T10:00:19","modified_gmt":"2025-07-13T10:00:19","slug":"face-aux-incendies-les-pompiers-de-loire-atlantique-equipes-de-camions-nouvelle-generation","status":"publish","type":"post","link":"https:\/\/www.europesays.com\/fr\/246903\/","title":{"rendered":"Face aux incendies, les pompiers de Loire-Atlantique \u00e9quip\u00e9s de camions nouvelle g\u00e9n\u00e9ration"},"content":{"rendered":"<p>Il n\u2019y en a que deux en Loire-Atlantique. Deux centres d\u2019incendies et de secours du d\u00e9partement disposent, dans leur arsenal, d\u2019un camion-citerne feux de for\u00eat (CCF) nouvelle g\u00e9n\u00e9ration. Celui de Saint-Nazaire, le deuxi\u00e8me plus important du d\u00e9partement, en a r\u00e9ceptionn\u00e9 un au printemps, tout comme la caserne d\u2019Ancenis. <strong> <a href=\"https:\/\/nantes.maville.com\/info\/info-locale\/la-briere-cette-zone-humide-pres-de-saint-nazaire-qui-s-embrase-parfois-0ed02e64-22be-11ed-85c1-f5e38838383e#:~:text=Des%20feux%20au%20milieu%20de,v%C3%A9g%C3%A9tations%20entre%20Besn%C3%A9%20et%20Prinquiau.\" target=\"_blank\" rel=\"noopener\">\u00ab\u00a0Apr\u00e8s les incendies massifs de l\u2019\u00e9t\u00e9 2022,<\/a> dans le cadre du pacte capacitaire, nous avons \u00e9t\u00e9 choisis pour recevoir un CCF plus moderne afin de renforcer nos moyens\u00a0\u00bb,<\/strong> se r\u00e9jouit le chef de centre Tony Delapr\u00e9.<\/p>\n<p>Comme ses pr\u00e9d\u00e9cesseurs, ce nouveau mod\u00e8le est con\u00e7u pour intervenir aussi bien sur des feux de for\u00eat que des incendies de culture agricole. Il peut embarquer un \u00e9quipage de quatre personnels. Gr\u00e2ce \u00e0 son ch\u00e2ssis flexible type 4&#215;4, il peut s\u2019attaquer \u00e0 tous les terrains et amener les pompiers au plus pr\u00e8s du feu. Il est \u00e9quip\u00e9 d\u2019une citerne de 4\u00a0000\u00a0litres d\u2019eau dont 500\u00a0r\u00e9serv\u00e9s \u00e0 l\u2019auto-protection.<\/p>\n<p><strong>Lire aussi\u00a0:<\/strong> <a href=\"https:\/\/nantes.maville.com\/actu\/actudet_-en-loire-atlantique-180-hectares-de-vegetation-ont-deja-brule-ca-nous-rappelle-l-ete-2022-_8-6894943_actu.Htm?utm_content=photo&amp;utm_term=ouestfrance.saintnazaire&amp;utm_campaign=facebook&amp;utm_source=nonli&amp;utm_medium=Social\" target=\"_blank\" rel=\"noopener\">En Loire-Atlantique, 180\u00a0hectares de v\u00e9g\u00e9tation ont d\u00e9j\u00e0 br\u00fbl\u00e9\u00a0: \u00ab\u00a0\u00c7a nous rappelle l\u2019\u00e9t\u00e9 2022\u00a0\u00bb<\/a><\/p>\n<p>Une s\u00e9curit\u00e9 renforc\u00e9e<\/p>\n<p>La s\u00e9curit\u00e9, c\u2019est le gros plus de ce nouveau mod\u00e8le. Lorsque le feu menace directement les pompiers, ces derniers peuvent se r\u00e9fugier dans l\u2019habitacle situ\u00e9 \u00e0 l\u2019avant de l\u2019engin. De l\u2019int\u00e9rieur, ils peuvent d\u00e9clencher un rideau d\u2019eau protecteur gr\u00e2ce \u00e0 des buses install\u00e9es tout autour du camion. <strong>\u00ab\u00a0Gr\u00e2ce \u00e0 cet \u00e9cran, le feu va ainsi passer tout autour du CCF\u00a0\u00bb,<\/strong> d\u00e9taille le commandant Tony Delapr\u00e9.\u00a0Ce nouveau CCF est \u00e9galement \u00e9quip\u00e9 d\u2019un syst\u00e8me d\u2019air respirable. Chaque pompier a un masque \u00e0 disposition qui lui permettra de respirer de l\u2019air pur pendant une dizaine de minutes.<\/p>\n<p>Toujours de l\u2019int\u00e9rieur, les pompiers peuvent actionner un canon plac\u00e9 sur le toit. T\u00e9l\u00e9commandable, il peut pivoter dans plusieurs directions. Sa puissance lui permet de projeter de l\u2019eau sur une distance de 40\u00a0m.<\/p>\n<p>Huit camions identiques \u00e0 terme<\/p>\n<p>Apr\u00e8s une dizaine de sorties dans le secteur de Saint-Nazaire depuis d\u00e9but juillet, ce camion-citerne feux de for\u00eat a de fortes chances, au cours de l\u2019\u00e9t\u00e9, d\u2019\u00eatre envoy\u00e9 en renfort dans des zones en proie \u00e0 des feux d\u00e9vastateurs.<\/p>\n<p>\u00c0 terme, le service d\u00e9partementel d\u2019incendie et de secours (Sdis) de Loire-Atlantique devrait recevoir 6 autres camions identiques \u00e0 ceux de Saint-Nazaire et Ancenis. Il a en effet b\u00e9n\u00e9fici\u00e9 d\u2019une partie de l\u2019enveloppe de 150\u00a0millions d\u2019euros, annonc\u00e9e par le Pr\u00e9sident de la R\u00e9publique apr\u00e8s les incendies g\u00e9ants de 2022, pour renforcer les moyens terrestres contre les feux de for\u00eat. Deux seront livr\u00e9s en novembre\u00a02025, les quatre autres en 2026 ou 2027. L\u2019\u00c9tat subventionne la moiti\u00e9 de ces engins qui co\u00fbtent 250\u00a0000\u00a0\u20ac l\u2019unit\u00e9.<\/p>\n<p>\u00a0<\/p>\n","protected":false},"excerpt":{"rendered":"Il n\u2019y en a que deux en Loire-Atlantique. Deux centres d\u2019incendies et de secours du d\u00e9partement disposent, dans&hellip;\n","protected":false},"author":2,"featured_media":246904,"comment_status":"","ping_status":"","sticky":false,"template":"","format":"standard","meta":{"footnotes":""},"categories":[2818],"tags":[1111,11,1438,38650,14078,1777,674,2823,1011,27,3606,5383,3047,766,12,2043,2636,1311,25],"class_list":{"0":"post-246903","1":"post","2":"type-post","3":"status-publish","4":"format-standard","5":"has-post-thumbnail","7":"category-nantes","8":"tag-actu","9":"tag-actualites","10":"tag-angers","11":"tag-camions","12":"tag-equipes","13":"tag-eu","14":"tag-europe","15":"tag-face","16":"tag-fr","17":"tag-france","18":"tag-generation","19":"tag-incendies","20":"tag-loire-atlantique","21":"tag-nantes","22":"tag-news","23":"tag-nouvelle","24":"tag-pays-de-la-loire","25":"tag-pompiers","26":"tag-republique-francaise"},"share_on_mastodon":{"url":"https:\/\/pubeurope.com\/@fr\/114845346874423080","error":""},"_links":{"self":[{"href":"https:\/\/www.europesays.com\/fr\/wp-json\/wp\/v2\/posts\/246903","targetHints":{"allow":["GET"]}}],"collection":[{"href":"https:\/\/www.europesays.com\/fr\/wp-json\/wp\/v2\/posts"}],"about":[{"href":"https:\/\/www.europesays.com\/fr\/wp-json\/wp\/v2\/types\/post"}],"author":[{"embeddable":true,"href":"https:\/\/www.europesays.com\/fr\/wp-json\/wp\/v2\/users\/2"}],"replies":[{"embeddable":true,"href":"https:\/\/www.europesays.com\/fr\/wp-json\/wp\/v2\/comments?post=246903"}],"version-history":[{"count":0,"href":"https:\/\/www.europesays.com\/fr\/wp-json\/wp\/v2\/posts\/246903\/revisions"}],"wp:featuredmedia":[{"embeddable":true,"href":"https:\/\/www.europesays.com\/fr\/wp-json\/wp\/v2\/media\/246904"}],"wp:attachment":[{"href":"https:\/\/www.europesays.com\/fr\/wp-json\/wp\/v2\/media?parent=246903"}],"wp:term":[{"taxonomy":"category","embeddable":true,"href":"https:\/\/www.europesays.com\/fr\/wp-json\/wp\/v2\/categories?post=246903"},{"taxonomy":"post_tag","embeddable":true,"href":"https:\/\/www.europesays.com\/fr\/wp-json\/wp\/v2\/tags?post=246903"}],"curies":[{"name":"wp","href":"https:\/\/api.w.org\/{rel}","templated":true}]}}