{"id":246915,"date":"2025-07-13T10:09:10","date_gmt":"2025-07-13T10:09:10","guid":{"rendered":"https:\/\/www.europesays.com\/fr\/246915\/"},"modified":"2025-07-13T10:09:10","modified_gmt":"2025-07-13T10:09:10","slug":"a-cristal-liminana-on-produit-un-pastis-de-marseille-a-marseille","status":"publish","type":"post","link":"https:\/\/www.europesays.com\/fr\/246915\/","title":{"rendered":"\u00c0 Cristal Limi\u00f1ana, \u00ab\u00a0on produit un Pastis de Marseille, \u00e0 Marseille\u00a0\u00bb"},"content":{"rendered":"<p>\u00ab\u00a0Il y a des Marseillais aujourd\u2019hui\u00a0?\u00a0\u00bb, demande aux visiteurs une quinquag\u00e9naire au grand sourire. Maristella Vasserot est directrice de Cristal Limi\u00f1ana, <a href=\"https:\/\/www.laprovence.com\/article\/economie\/20900585287302\/pernod-ricard-annonce-a-ses-salaries-un-projet-de-reorganisation-face-a-un-recul-de-son-activite\" target=\"_blank\" rel=\"nofollow noopener\">une entreprise de fabrication de Pastis<\/a>, de spiritueux et de boissons non alcoolis\u00e9es. Nous l\u2019avons suivie dans sa fabrique situ\u00e9e dans le quartier de La Blancarde (5e) o\u00f9 elle organise r\u00e9guli\u00e8rement des visites. Tous types de Pastis sont exhib\u00e9s dans le magasin. Des transparents, au fenouil, \u00e0 la cannelle, et m\u00eame sans alcool. Debout devant le portrait de son arri\u00e8re-grand-p\u00e8re, Maristella raconte l\u2019histoire familiale.<\/p>\n","protected":false},"excerpt":{"rendered":"\u00ab\u00a0Il y a des Marseillais aujourd\u2019hui\u00a0?\u00a0\u00bb, demande aux visiteurs une quinquag\u00e9naire au grand sourire. Maristella Vasserot est directrice&hellip;\n","protected":false},"author":2,"featured_media":246916,"comment_status":"","ping_status":"","sticky":false,"template":"","format":"standard","meta":{"footnotes":""},"categories":[2814],"tags":[17,1111,11,38651,1777,674,1011,27,38652,884,12,5241,7349,9199,882,16,25],"class_list":{"0":"post-246915","1":"post","2":"type-post","3":"status-publish","4":"format-standard","5":"has-post-thumbnail","7":"category-marseille","8":"tag-17","9":"tag-actu","10":"tag-actualites","11":"tag-cristal","12":"tag-eu","13":"tag-europe","14":"tag-fr","15":"tag-france","16":"tag-liminana","17":"tag-marseille","18":"tag-news","19":"tag-on","20":"tag-pastis","21":"tag-produit","22":"tag-provence-alpes-cote-dazur","23":"tag-region","24":"tag-republique-francaise"},"share_on_mastodon":{"url":"https:\/\/pubeurope.com\/@fr\/114845382298777814","error":""},"_links":{"self":[{"href":"https:\/\/www.europesays.com\/fr\/wp-json\/wp\/v2\/posts\/246915","targetHints":{"allow":["GET"]}}],"collection":[{"href":"https:\/\/www.europesays.com\/fr\/wp-json\/wp\/v2\/posts"}],"about":[{"href":"https:\/\/www.europesays.com\/fr\/wp-json\/wp\/v2\/types\/post"}],"author":[{"embeddable":true,"href":"https:\/\/www.europesays.com\/fr\/wp-json\/wp\/v2\/users\/2"}],"replies":[{"embeddable":true,"href":"https:\/\/www.europesays.com\/fr\/wp-json\/wp\/v2\/comments?post=246915"}],"version-history":[{"count":0,"href":"https:\/\/www.europesays.com\/fr\/wp-json\/wp\/v2\/posts\/246915\/revisions"}],"wp:featuredmedia":[{"embeddable":true,"href":"https:\/\/www.europesays.com\/fr\/wp-json\/wp\/v2\/media\/246916"}],"wp:attachment":[{"href":"https:\/\/www.europesays.com\/fr\/wp-json\/wp\/v2\/media?parent=246915"}],"wp:term":[{"taxonomy":"category","embeddable":true,"href":"https:\/\/www.europesays.com\/fr\/wp-json\/wp\/v2\/categories?post=246915"},{"taxonomy":"post_tag","embeddable":true,"href":"https:\/\/www.europesays.com\/fr\/wp-json\/wp\/v2\/tags?post=246915"}],"curies":[{"name":"wp","href":"https:\/\/api.w.org\/{rel}","templated":true}]}}