{"id":246917,"date":"2025-07-13T10:10:10","date_gmt":"2025-07-13T10:10:10","guid":{"rendered":"https:\/\/www.europesays.com\/fr\/246917\/"},"modified":"2025-07-13T10:10:10","modified_gmt":"2025-07-13T10:10:10","slug":"un-festin-de-roi-la-stupeur-a-marseille-macron-chez-les-windsor-les-images-choc-de-la-semaine","status":"publish","type":"post","link":"https:\/\/www.europesays.com\/fr\/246917\/","title":{"rendered":"Un festin de roi, la stupeur \u00e0 Marseille, Macron chez les Windsor&#8230; Les images choc de la semaine"},"content":{"rendered":"<p><strong>1\/Maillot jaune.<\/strong><\/p>\n<p>Pascal Eenkhoorn, Mattia Cattaneo, Tim Merlier et Remco Evenepoel se donnent \u00e0 fond lors de la troisi\u00e8me \u00e9tape du Tour de France 2025 reliant Valenciennes \u00e0 Dunkerque, le lundi 7 juillet 2025. (Cr\u00e9dit : Abaca)<\/p>\n<p><strong>2\/Br\u00fbler.<\/strong><\/p>\n<p>Un violent incendie, d\u00e9clench\u00e9 par un v\u00e9hicule sur l\u2019autoroute A552, a ravag\u00e9 plusieurs hectares de for\u00eat en quelques heures. La fum\u00e9e atteint rapidement Marseille et les habitants des secteurs du Jas-de-Rode, de Pierrefeu et des Bouroumettes sont pri\u00e9s de rester chez eux. (Cr\u00e9dit : AFP)<\/p>\n<p><strong>3\/S\u2019embraser.<\/strong><\/p>\n<p>Un spectacle de feu observ\u00e9 le 6 juillet \u00e0 Kolkata, en Inde, pendant l\u2019Achoura, dixi\u00e8me jour du mois de Muharram dans le calendrier islamique, jour de deuil pour les chiites et jour de je\u00fbne pour les sunnites. (Cr\u00e9dit : Abaca)<\/p>\n<p><strong>4\/Podium.<\/strong><\/p>\n<p>Plusieurs mannequins d\u00e9filent pour la collection Haute Couture Automne\/Hiver 2025-2026 de Giorgio Armani Priv\u00e9 \u00e0 l\u2019occasion de la Fashion Week parisienne le 8 juillet 2025. (Cr\u00e9dit : Reuters)<\/p>\n<p><strong>5\/Pr\u00eat \u00e0 manger.<\/strong><\/p>\n<p>Un milan \u00e0 queue blanche a \u00e9t\u00e9 observ\u00e9 transportant un campagnol pour en faire son repas et a \u00e9t\u00e9 photographi\u00e9 par Sha Lu \u00e0 Mountain View, en Californie, le mois dernier. (Cr\u00e9dit : Abaca)<\/p>\n<p><strong>6\/Spectacle \u00e9questre.<\/strong><\/p>\n<p>Le 6 juillet 2025 a eu lieu en Espagne la \u00ab Rapa das Bestas \u00bb, une ancienne f\u00eate galicienne consistant \u00e0 capturer des chevaux sauvages, \u00e0 les conduire dans un enclos et \u00e0 leur couper la crini\u00e8re pour les vermifuger et les soigner, afin de c\u00e9l\u00e9brer la coexistence entre l\u2019homme et la n&#8230;<\/p>\n<p><a href=\"https:\/\/www.parismatch.com\/Actu\/un-festin-de-roi-la-stupeur-a-marseille-macron-chez-les-windsor-les-images-choc-de-la-semaine-254199?at_medium=affiliate&amp;at_campaign=Yahoo\" rel=\"nofollow noopener\" target=\"_blank\" data-ylk=\"slk:Lire la suite sur ParisMatch;elm:context_link;itc:0;sec:content-canvas\" class=\"link \">Lire la suite sur ParisMatch<\/a><\/p>\n","protected":false},"excerpt":{"rendered":"1\/Maillot jaune. Pascal Eenkhoorn, Mattia Cattaneo, Tim Merlier et Remco Evenepoel se donnent \u00e0 fond lors de la&hellip;\n","protected":false},"author":2,"featured_media":246918,"comment_status":"","ping_status":"","sticky":false,"template":"","format":"standard","meta":{"footnotes":""},"categories":[2814],"tags":[1111,11,1777,674,1011,27,7483,38654,10877,884,38653,12,882,11697,25,38655,210],"class_list":{"0":"post-246917","1":"post","2":"type-post","3":"status-publish","4":"format-standard","5":"has-post-thumbnail","7":"category-marseille","8":"tag-actu","9":"tag-actualites","10":"tag-eu","11":"tag-europe","12":"tag-fr","13":"tag-france","14":"tag-giorgio-armani","15":"tag-jour-de-deuil","16":"tag-les-habitants","17":"tag-marseille","18":"tag-mattia-cattaneo","19":"tag-news","20":"tag-provence-alpes-cote-dazur","21":"tag-remco-evenepoel","22":"tag-republique-francaise","23":"tag-tim-merlier","24":"tag-tour-de-france"},"share_on_mastodon":{"url":"https:\/\/pubeurope.com\/@fr\/114845386256394036","error":""},"_links":{"self":[{"href":"https:\/\/www.europesays.com\/fr\/wp-json\/wp\/v2\/posts\/246917","targetHints":{"allow":["GET"]}}],"collection":[{"href":"https:\/\/www.europesays.com\/fr\/wp-json\/wp\/v2\/posts"}],"about":[{"href":"https:\/\/www.europesays.com\/fr\/wp-json\/wp\/v2\/types\/post"}],"author":[{"embeddable":true,"href":"https:\/\/www.europesays.com\/fr\/wp-json\/wp\/v2\/users\/2"}],"replies":[{"embeddable":true,"href":"https:\/\/www.europesays.com\/fr\/wp-json\/wp\/v2\/comments?post=246917"}],"version-history":[{"count":0,"href":"https:\/\/www.europesays.com\/fr\/wp-json\/wp\/v2\/posts\/246917\/revisions"}],"wp:featuredmedia":[{"embeddable":true,"href":"https:\/\/www.europesays.com\/fr\/wp-json\/wp\/v2\/media\/246918"}],"wp:attachment":[{"href":"https:\/\/www.europesays.com\/fr\/wp-json\/wp\/v2\/media?parent=246917"}],"wp:term":[{"taxonomy":"category","embeddable":true,"href":"https:\/\/www.europesays.com\/fr\/wp-json\/wp\/v2\/categories?post=246917"},{"taxonomy":"post_tag","embeddable":true,"href":"https:\/\/www.europesays.com\/fr\/wp-json\/wp\/v2\/tags?post=246917"}],"curies":[{"name":"wp","href":"https:\/\/api.w.org\/{rel}","templated":true}]}}