{"id":246919,"date":"2025-07-13T10:11:14","date_gmt":"2025-07-13T10:11:14","guid":{"rendered":"https:\/\/www.europesays.com\/fr\/246919\/"},"modified":"2025-07-13T10:11:14","modified_gmt":"2025-07-13T10:11:14","slug":"alerte-a-la-bombe-sur-un-vol-francfort","status":"publish","type":"post","link":"https:\/\/www.europesays.com\/fr\/246919\/","title":{"rendered":"Alerte \u00e0 la bombe sur un vol Francfort"},"content":{"rendered":"<p>            Par<br \/>\n        <strong><br \/>\n            <a href=\"https:\/\/actu.fr\/auteur\/anthony-soudani\" title=\"Consulter tous les articles de Anthony Soudani\" target=\"_blank\" rel=\"noopener\">Anthony Soudani<\/a><br \/>\n        <\/strong><\/p>\n<p>        Publi\u00e9 le<\/p>\n<p>            13 juil. 2025 \u00e0 11h28        <\/p>\n<p>Panique \u00e0 bord d\u2019un vol Francfort-Lyon. Un avion de la compagnie a\u00e9rienne Lufthansa s\u2019est pos\u00e9 \u00e0 l\u2019<a href=\"https:\/\/actu.fr\/auvergne-rhone-alpes\/lyon_69123\/aeroport-de-lyon-son-vol-easyjet-annule-ses-vacances-gachees-nathalie-est-a-bout-de-nerf_62863928.html\" target=\"_blank\" rel=\"noopener\">a\u00e9roport de Lyon Saint-Exup\u00e9ry<\/a> dans des conditions alarmantes. L\u2019appareil a d\u00fb \u00eatre isol\u00e9 apr\u00e8s une <strong>alerte \u00e0 la bombe<\/strong>.<\/p>\n<p class=\" wall-content\">Un appel a \u00e9t\u00e9 re\u00e7u mentionnant une explosion \u00e0 venir sur un vol entre Francfort et Lyon, d\u2019apr\u00e8s les informations du <a href=\"https:\/\/www.leprogres.fr\/faits-divers-justice\/2025\/07\/12\/alerte-a-la-bombe-sur-un-vol-de-la-lufthansa\" target=\"_blank\" rel=\"noopener\">Progr\u00e8s<\/a>.<\/p>\n<p>Aucun engin explosif d\u00e9tect\u00e9<\/p>\n<p class=\" wall-content\">Si la piste du canular t\u00e9l\u00e9phone type \u00ab\u00a0swatting\u00a0\u00bb, ph\u00e9nom\u00e8ne en vogue de fausses alertes, \u00e9tait consid\u00e9r\u00e9e, les forces de l\u2019ordre ont pr\u00e9f\u00e9r\u00e9 prendre cette affaire au s\u00e9rieux.<\/p>\n<p class=\" wall-content\"><strong>Les chiens d\u00e9mineurs<\/strong> ont d\u00e9barqu\u00e9 dans l\u2019avion stationn\u00e9 en bout de piste. La police a v\u00e9rifi\u00e9 l\u2019identit\u00e9 de tous les passagers d\u00e9barqu\u00e9s au Terminal 2 de l\u2019a\u00e9roport. Finalement, aucun engin explosif a \u00e9t\u00e9 retrouv\u00e9.<\/p>\n<p>Une longue intervention<\/p>\n<p class=\" wall-content\">L\u2019intervention a dur\u00e9 jusqu\u2019\u00e0 21 heures afin de lever d\u00e9finitivement le doute. Le vol dans le sens inverse, Lyon-Francfort, a accumul\u00e9 un long retard. Il a d\u00e9coll\u00e9 peu apr\u00e8s 21h15.<\/p>\n<p>Vid\u00e9os : en ce moment sur Actu<\/p>\n<p class=\" wall-content\">Une enqu\u00eate est ouverte pour retrouver l\u2019auteur de ce canular t\u00e9l\u00e9phonique qui n\u2019a pas fait rire les passagers\u2026 Et encore moins les forces de l\u2019ordre.<\/p>\n<p class=\" wall-content\">Suivez toute l\u2019actualit\u00e9 de vos villes et m\u00e9dias favoris en vous inscrivant \u00e0 <a href=\"https:\/\/moncompte.actu.fr\" title=\"D\u00e9couvez Mon Actu\" rel=\"nofollow noopener\" data-trk=\"{&quot;cta&quot;:{&quot;action&quot;:&quot;https:\\\/\\\/moncompte.actu.fr&quot;,&quot;category&quot;:&quot;mon compte&quot;,&quot;from&quot;:&quot;article footer&quot;,&quot;name&quot;:&quot;Mon actu&quot;,&quot;type&quot;:&quot;cta&quot;}}\" target=\"_blank\">Mon Actu<\/a>.<\/p>\n<ul class=\"ac-article-tag wall-content\">\n<li><a href=\"https:\/\/actu.fr\/tag\/aeroport-lyon-saint-exupery\" data-trk=\"{&quot;cta&quot;:{&quot;action&quot;:&quot;A\\u00e9roport Lyon-Saint-Exupery&quot;,&quot;category&quot;:&quot;tag&quot;,&quot;from&quot;:&quot;article footer&quot;,&quot;name&quot;:&quot;A\\u00e9roport Lyon-Saint-Exupery&quot;,&quot;type&quot;:&quot;cta&quot;}}\" target=\"_blank\" rel=\"noopener\">#A\u00e9roport Lyon-Saint-Exupery<\/a><\/li>\n<li><a href=\"https:\/\/actu.fr\/tag\/police\" data-trk=\"{&quot;cta&quot;:{&quot;action&quot;:&quot;Police&quot;,&quot;category&quot;:&quot;tag&quot;,&quot;from&quot;:&quot;article footer&quot;,&quot;name&quot;:&quot;Police&quot;,&quot;type&quot;:&quot;cta&quot;}}\" target=\"_blank\" rel=\"noopener\">#Police<\/a><\/li>\n<\/ul>\n","protected":false},"excerpt":{"rendered":"Par Anthony Soudani Publi\u00e9 le 13 juil. 2025 \u00e0 11h28 Panique \u00e0 bord d\u2019un vol Francfort-Lyon. Un avion&hellip;\n","protected":false},"author":2,"featured_media":246920,"comment_status":"","ping_status":"","sticky":false,"template":"","format":"standard","meta":{"footnotes":""},"categories":[1889],"tags":[1111,11,12526,2430,1777,674,118,1011,27,2428,12,1072,25],"class_list":{"0":"post-246919","1":"post","2":"type-post","3":"status-publish","4":"format-standard","5":"has-post-thumbnail","7":"category-lyon","8":"tag-actu","9":"tag-actualites","10":"tag-aeroport-lyon-saint-exupery","11":"tag-auvergne-rhone-alpes","12":"tag-eu","13":"tag-europe","14":"tag-faits-divers","15":"tag-fr","16":"tag-france","17":"tag-lyon","18":"tag-news","19":"tag-police","20":"tag-republique-francaise"},"share_on_mastodon":{"url":"https:\/\/pubeurope.com\/@fr\/114845390808460924","error":""},"_links":{"self":[{"href":"https:\/\/www.europesays.com\/fr\/wp-json\/wp\/v2\/posts\/246919","targetHints":{"allow":["GET"]}}],"collection":[{"href":"https:\/\/www.europesays.com\/fr\/wp-json\/wp\/v2\/posts"}],"about":[{"href":"https:\/\/www.europesays.com\/fr\/wp-json\/wp\/v2\/types\/post"}],"author":[{"embeddable":true,"href":"https:\/\/www.europesays.com\/fr\/wp-json\/wp\/v2\/users\/2"}],"replies":[{"embeddable":true,"href":"https:\/\/www.europesays.com\/fr\/wp-json\/wp\/v2\/comments?post=246919"}],"version-history":[{"count":0,"href":"https:\/\/www.europesays.com\/fr\/wp-json\/wp\/v2\/posts\/246919\/revisions"}],"wp:featuredmedia":[{"embeddable":true,"href":"https:\/\/www.europesays.com\/fr\/wp-json\/wp\/v2\/media\/246920"}],"wp:attachment":[{"href":"https:\/\/www.europesays.com\/fr\/wp-json\/wp\/v2\/media?parent=246919"}],"wp:term":[{"taxonomy":"category","embeddable":true,"href":"https:\/\/www.europesays.com\/fr\/wp-json\/wp\/v2\/categories?post=246919"},{"taxonomy":"post_tag","embeddable":true,"href":"https:\/\/www.europesays.com\/fr\/wp-json\/wp\/v2\/tags?post=246919"}],"curies":[{"name":"wp","href":"https:\/\/api.w.org\/{rel}","templated":true}]}}