{"id":246921,"date":"2025-07-13T10:12:10","date_gmt":"2025-07-13T10:12:10","guid":{"rendered":"https:\/\/www.europesays.com\/fr\/246921\/"},"modified":"2025-07-13T10:12:10","modified_gmt":"2025-07-13T10:12:10","slug":"des-ce-mardi-15-juillet-le-boulevard-de-valvert-mis-en-sens-unique-jusqua-charbonnieres","status":"publish","type":"post","link":"https:\/\/www.europesays.com\/fr\/246921\/","title":{"rendered":"d\u00e8s ce mardi 15\u00a0juillet, le boulevard de Valvert mis en sens unique jusqu\u2019\u00e0 Charbonni\u00e8res"},"content":{"rendered":"<p>Dans le cadre de l\u2019am\u00e9nagement de la Voie Lyonnaise 8, qui reliera la Tour-de-Salvagny \u00e0 Saint-Priest \u00e0 l\u2019horizon 2030, les travaux concernent bien des secteurs de l\u2019agglom\u00e9ration, d\u2019Ouest en Est.<\/p>\n<p>Alors qu\u2019entre la Tour-de-Salvagny et Charbonni\u00e8res, cinq kilom\u00e8tres de cette voie cyclable bidirectionnelle ont <a href=\"https:\/\/www.leprogres.fr\/transport\/2025\/04\/28\/entre-la-tour-de-salvagny-et-charbonnieres-la-voie-lyonnaise-8-ouvre-son-premier-troncon-des-travaux-qui-agacent-mais-qui-n-arrivent-qu-une-seule-fois-en-50-ans\" target=\"_blank\" rel=\"noopener\">d\u00e9j\u00e0 \u00e9t\u00e9 r\u00e9alis\u00e9s, inaugur\u00e9s et ouverts \u00e0 la circulation<\/a> , les travaux se situent d\u00e9sormais entre la route de Paris et l\u2019avenue Barth\u00e9l\u00e9my-Buyer, comprenant le boulevard de Valvert, et sont r\u00e9alis\u00e9s en diff\u00e9rentes sections jusqu\u2019\u00e0 mars\u00a02026.<\/p>\n<p><strong>A lire aussi &gt;&gt; <a href=\"https:\/\/www.leprogres.fr\/economie\/2025\/06\/02\/l-avenue-barthelemy-buyer-troncon-de-la-vl-8-en-travaux-pour-six-mois\" target=\"_blank\" rel=\"noopener\"><strong>L\u2019Avenue Barth\u00e9l\u00e9my-Buyer, tron\u00e7on de la VL 8, en travaux pour six mois<\/strong><\/a><\/strong><\/p>\n<p>  Un carrefour strat\u00e9gique<\/p>\n<p>Pour ce faire, le boulevard du Valvert, situ\u00e9 au carrefour de plusieurs axes strat\u00e9giques pour la desserte locale et l\u2019acc\u00e8s \u00e0 la M6, sera donc mis en sens unique du 15\u00a0juillet au 12\u00a0septembre. Afin de limiter la g\u00eane pour les usagers, qu\u2019il s\u2019agisse des actifs effectuant des trajets domicile-travail ou des patients de la clinique du Val d\u2019Ouest, d\u00e9j\u00e0 bien malmen\u00e9s jusqu\u2019ici, la M\u00e9tropole de Lyon a fait le choix de \u00ab\u00a0programmer cette phase durant la p\u00e9riode estivale, car les flux de circulation sont fortement r\u00e9duits\u00a0\u00bb, expliquent ses services.<\/p>\n<p><strong>A lire aussi &gt;&gt; <a href=\"https:\/\/www.leprogres.fr\/transport\/2025\/06\/10\/40-minutes-pour-aller-de-tassin-a-dardilly-les-embouteillages-au-valvert-c-est-l-enfer\" target=\"_blank\" rel=\"noopener\"><strong>\u00ab 40 minutes pour aller de Tassin \u00e0 Dardilly\u00a0\u00bb\u00a0: les embouteillages au Valvert, \u00ab\u00a0c\u2019est l\u2019enfer\u00a0!\u00a0\u00bb<\/strong><\/a><\/strong><\/p>\n<p>  Par o\u00f9 passer\u00a0?<\/p>\n<p>Il conviendra donc, d\u00e8s mardi, de se reporter sur la M6 ou suivre la d\u00e9viation mise en place par Tassin (avenue de Paris &#8211; avenue de la R\u00e9publique-Horloge-avenue Victor Hugo &#8211; Porte de Valvert). Bonnes nouvelles\u00a0: la sortie de la M6 et du boulevard p\u00e9riph\u00e9rique via le boulevard du Valvert est maintenue et l\u2019acc\u00e8s \u00e0 la clinique Val d\u2019Ouest est toujours possible par le chemin de la Vernique (Ecully).<\/p>\n<p><strong>A lire aussi &gt;&gt; <a href=\"https:\/\/www.leprogres.fr\/encadres\/2025\/06\/12\/les-bouchons-mettent-ils-en-danger-les-patients-dans-les-cas-les-plus-graves-la-clinique-du-val-d-ouest-asphyxiee-par-les-travaux\" target=\"_blank\" rel=\"noopener\"><strong>La clinique du Val d\u2019Ouest asphyxi\u00e9e par les bouchons\u00a0: la sant\u00e9 des patients en danger\u00a0?<\/strong><\/a><\/strong><\/p>\n<p>  Ouverture temporaire du couloir de bus \u00e0 Tassin<\/p>\n<p>Pour m\u00e9moire, sur les zones de chantier, la vitesse est limit\u00e9e \u00e0 30\u00a0km\/h. En outre, le bus situ\u00e9 sur l\u2019avenue de la R\u00e9publique \u00e0 Tassin-la-Demi-Lune est temporairement ouvert \u00e0 la circulation g\u00e9n\u00e9rale.<\/p>\n<p>&#13;<br \/>\n  Anticiper ses voyages Pendant toute la dur\u00e9e des travaux, la plateforme toodego.com\/signaler permet d\u2019informer sur les anomalies constat\u00e9es. Enfin, le simulateur d\u2019itin\u00e9raire de la m\u00e9tropole\u00a0: mobilites.grandlyon.com pourra s\u2019av\u00e9rer utile pour anticiper ses voyages.<\/p>\n","protected":false},"excerpt":{"rendered":"Dans le cadre de l\u2019am\u00e9nagement de la Voie Lyonnaise 8, qui reliera la Tour-de-Salvagny \u00e0 Saint-Priest \u00e0 l\u2019horizon&hellip;\n","protected":false},"author":2,"featured_media":246922,"comment_status":"","ping_status":"","sticky":false,"template":"","format":"standard","meta":{"footnotes":""},"categories":[1889],"tags":[1111,11,2430,4749,3542,33,2757,1777,674,1011,27,2428,15658,15657,12,25,2803],"class_list":{"0":"post-246921","1":"post","2":"type-post","3":"status-publish","4":"format-standard","5":"has-post-thumbnail","7":"category-lyon","8":"tag-actu","9":"tag-actualites","10":"tag-auvergne-rhone-alpes","11":"tag-btp-et-chantiers","12":"tag-circulation","13":"tag-economie","14":"tag-edition-lyon-villeurbanne","15":"tag-eu","16":"tag-europe","17":"tag-fr","18":"tag-france","19":"tag-lyon","20":"tag-lyon-5e","21":"tag-lyon-5e-arrondissement","22":"tag-news","23":"tag-republique-francaise","24":"tag-transport"},"share_on_mastodon":{"url":"https:\/\/pubeurope.com\/@fr\/114845394033273594","error":""},"_links":{"self":[{"href":"https:\/\/www.europesays.com\/fr\/wp-json\/wp\/v2\/posts\/246921","targetHints":{"allow":["GET"]}}],"collection":[{"href":"https:\/\/www.europesays.com\/fr\/wp-json\/wp\/v2\/posts"}],"about":[{"href":"https:\/\/www.europesays.com\/fr\/wp-json\/wp\/v2\/types\/post"}],"author":[{"embeddable":true,"href":"https:\/\/www.europesays.com\/fr\/wp-json\/wp\/v2\/users\/2"}],"replies":[{"embeddable":true,"href":"https:\/\/www.europesays.com\/fr\/wp-json\/wp\/v2\/comments?post=246921"}],"version-history":[{"count":0,"href":"https:\/\/www.europesays.com\/fr\/wp-json\/wp\/v2\/posts\/246921\/revisions"}],"wp:featuredmedia":[{"embeddable":true,"href":"https:\/\/www.europesays.com\/fr\/wp-json\/wp\/v2\/media\/246922"}],"wp:attachment":[{"href":"https:\/\/www.europesays.com\/fr\/wp-json\/wp\/v2\/media?parent=246921"}],"wp:term":[{"taxonomy":"category","embeddable":true,"href":"https:\/\/www.europesays.com\/fr\/wp-json\/wp\/v2\/categories?post=246921"},{"taxonomy":"post_tag","embeddable":true,"href":"https:\/\/www.europesays.com\/fr\/wp-json\/wp\/v2\/tags?post=246921"}],"curies":[{"name":"wp","href":"https:\/\/api.w.org\/{rel}","templated":true}]}}