{"id":246923,"date":"2025-07-13T10:13:09","date_gmt":"2025-07-13T10:13:09","guid":{"rendered":"https:\/\/www.europesays.com\/fr\/246923\/"},"modified":"2025-07-13T10:13:09","modified_gmt":"2025-07-13T10:13:09","slug":"municipales-2026-en-ile-de-france-ludi-designe-75-chefs-de-file","status":"publish","type":"post","link":"https:\/\/www.europesays.com\/fr\/246923\/","title":{"rendered":"Municipales 2026 en Ile-de-France\u00a0: l&rsquo;UDI d\u00e9signe 75 chefs de file"},"content":{"rendered":"<tr>\n<td><strong>D\u00e9partements<\/strong><\/td>\n<td><strong>Ville<\/strong><\/td>\n<td><strong>Chef(fe) de file<\/strong><\/td>\n<td><strong>Mandat<\/strong><\/td>\n<\/tr>\n<tr>\n<td>Paris (75)<\/td>\n<td>Paris<\/td>\n<td>Eric SCHAHL<\/td>\n<td>conseiller r\u00e9gional, pr\u00e9sident de la f\u00e9d\u00e9ration UDI.<\/td>\n<\/tr>\n<tr>\n<td>Hauts-de-Seine (92)<\/td>\n<td>Antony<\/td>\n<td>David PASSERON<\/td>\n<td>conseiller territorial, conseiller municipal.<\/td>\n<\/tr>\n<tr>\n<td>Hauts-de-Seine (92)<\/td>\n<td>Bois-Colombes<\/td>\n<td>Sylvie MARIAUD<\/td>\n<td>vice-pr\u00e9sidente du conseil r\u00e9gional, adjointe au maire.<\/td>\n<\/tr>\n<tr>\n<td>Hauts-de-Seine (92)<\/td>\n<td>Bourg-la-Reine<\/td>\n<td>Patrick DONATH<\/td>\n<td>maire.<\/td>\n<\/tr>\n<tr>\n<td>Hauts-de-Seine (92)<\/td>\n<td>Ch\u00e2tenay-Malabry<\/td>\n<td>Patrick BACHELIER<\/td>\n<td>adjoint au maire.<\/td>\n<\/tr>\n<tr>\n<td>Hauts-de-Seine (92)<\/td>\n<td>Ch\u00e2tillon<\/td>\n<td>Alain GAZO<\/td>\n<td>conseiller territorial, conseiller municipal d\u2019opposition.<\/td>\n<\/tr>\n<tr>\n<td>Hauts-de-Seine (92)<\/td>\n<td>Chaville<\/td>\n<td>Herv\u00e9 LIEVRE<\/td>\n<td>1er adjoint au maire.<\/td>\n<\/tr>\n<tr>\n<td>Hauts-de-Seine (92)<\/td>\n<td>Clichy<\/td>\n<td>Patrice PINARD<\/td>\n<td>adjoint au maire.<\/td>\n<\/tr>\n<tr>\n<td>Hauts-de-Seine (92)<\/td>\n<td>Courbevoie<\/td>\n<td>Marie-Pierre LIMOGE<\/td>\n<td>vice-pr\u00e9sidente du conseil d\u00e9partemental, 1\u00e8re adjointe au maire.<\/td>\n<\/tr>\n<tr>\n<td>Hauts-de-Seine (92)<\/td>\n<td>Fontenay-aux-Roses<\/td>\n<td>Laurent VASTEL<\/td>\n<td>maire.<\/td>\n<\/tr>\n<tr>\n<td>Hauts-de-Seine (92)<\/td>\n<td>Garches<\/td>\n<td>B\u00e9atrice BODIN<\/td>\n<td>adjointe au maire.<\/td>\n<\/tr>\n<tr>\n<td>Hauts-de-Seine (92)<\/td>\n<td>La Garenne-Colombes<\/td>\n<td>Alexandre LIENHARD<\/td>\n<td>conseiller municipal.<\/td>\n<\/tr>\n<tr>\n<td>Hauts-de-Seine (92)<\/td>\n<td>Le Plessis-Robinson<\/td>\n<td>Nathalie LEANDRI<\/td>\n<td>conseill\u00e8re d\u00e9partementale, adjointe au maire.<\/td>\n<\/tr>\n<tr>\n<td>Hauts-de-Seine (92)<\/td>\n<td>Meudon<\/td>\n<td>Denis LARGHERO<\/td>\n<td>vice-pr\u00e9sident du conseil d\u00e9partemental, maire, d\u00e9l\u00e9gu\u00e9 d\u00e9partemental UDI.<\/td>\n<\/tr>\n<tr>\n<td>Hauts-de-Seine (92)<\/td>\n<td>Montrouge<\/td>\n<td>Etienne LENGEREAU<\/td>\n<td>maire.<\/td>\n<\/tr>\n<tr>\n<td>Hauts-de-Seine (92)<\/td>\n<td>Nanterre<\/td>\n<td>Fay\u00e7al MENECEUR<\/td>\n<td>conseiller municipal d\u2019opposition.<\/td>\n<\/tr>\n<tr>\n<td>Hauts-de-Seine (92)<\/td>\n<td>Puteaux<\/td>\n<td>Bernard GAHNASSIA<\/td>\n<td>adjoint au maire.<\/td>\n<\/tr>\n<tr>\n<td>Hauts-de-Seine (92)<\/td>\n<td>Rueil-Malmaison<\/td>\n<td>Fran\u00e7ois LE CLEC\u2019H<\/td>\n<td>1er adjoint au maire.<\/td>\n<\/tr>\n<tr>\n<td>Hauts-de-Seine (92)<\/td>\n<td>Saint-Cloud<\/td>\n<td>Nicolas PUJOL<\/td>\n<td>conseiller municipal d\u00e9l\u00e9gu\u00e9.<\/td>\n<\/tr>\n<tr>\n<td>Hauts-de-Seine (92)<\/td>\n<td>Sceaux<\/td>\n<td>Philippe LAURENT<\/td>\n<td>conseiller r\u00e9gional, maire.<\/td>\n<\/tr>\n<tr>\n<td>Hauts-de-Seine (92)<\/td>\n<td>S\u00e8vres<\/td>\n<td>Franck-Eric MOREL<\/td>\n<td>conseiller municipal d\u00e9l\u00e9gu\u00e9.<\/td>\n<\/tr>\n<tr>\n<td>Hauts-de-Seine (92)<\/td>\n<td>Vanves<\/td>\n<td>Bernard GAUDUCHEAU<\/td>\n<td>conseiller r\u00e9gional, maire.<\/td>\n<\/tr>\n<tr>\n<td>Hauts-de-Seine (92)<\/td>\n<td>Villeneuve-la-Garenne<\/td>\n<td>Pascal PELAIN<\/td>\n<td>conseiller r\u00e9gional d\u00e9l\u00e9gu\u00e9<\/td>\n<\/tr>\n<tr>\n<td>Seine-Saint-Denis (93)<\/td>\n<td>Aulnay-sous-Bois<\/td>\n<td>S\u00e9bastien MORIN<\/td>\n<td>adjoint au maire.<\/td>\n<\/tr>\n<tr>\n<td>Seine-Saint-Denis (93)<\/td>\n<td>Bondy<\/td>\n<td>S\u00e9bastien LEITE.<\/td>\n<td\/><\/tr>\n<tr>\n<td>Seine-Saint-Denis (93)<\/td>\n<td>Clichy-sous-Bois<\/td>\n<td>Myriam JERROUDI.<\/td>\n<td\/><\/tr>\n<tr>\n<td>Seine-Saint-Denis (93)<\/td>\n<td>Drancy<\/td>\n<td>Anthony MANGIN<\/td>\n<td>1er adjoint au maire.<\/td>\n<\/tr>\n<tr>\n<td>Seine-Saint-Denis (93)<\/td>\n<td>Dugny<\/td>\n<td>Dominique GAULON<\/td>\n<td>1er adjoint au maire.<\/td>\n<\/tr>\n<tr>\n<td>Seine-Saint-Denis (93)<\/td>\n<td>Epinay-sur-Seine<\/td>\n<td>Farid SAIDANI<\/td>\n<td>adjoint au maire.<\/td>\n<\/tr>\n<tr>\n<td>Seine-Saint-Denis (93)<\/td>\n<td>Gagny<\/td>\n<td>Guillaume FOURNIER<\/td>\n<td>maire adjoint de quartier.<\/td>\n<\/tr>\n<tr>\n<td>Seine-Saint-Denis (93)<\/td>\n<td>Le Raincy<\/td>\n<td>Montasser CHARNY<\/td>\n<td>avocat.<\/td>\n<\/tr>\n<tr>\n<td>Seine-Saint-Denis (93)<\/td>\n<td>Livry-Gargan<\/td>\n<td>Rima CHABANE.<\/td>\n<td\/><\/tr>\n<tr>\n<td>Seine-Saint-Denis (93)<\/td>\n<td>Montfermeil<\/td>\n<td>Abdelkrim SEGHIR.<\/td>\n<td\/><\/tr>\n<tr>\n<td>Seine-Saint-Denis (93)<\/td>\n<td>Montreuil<\/td>\n<td>Nabil BEN GHANEM.<\/td>\n<td\/><\/tr>\n<tr>\n<td>Seine-Saint-Denis (93)<\/td>\n<td>Neuilly-Plaisance<\/td>\n<td>Marie-Fran\u00e7oise PELLEGRINO<\/td>\n<td>d\u00e9l\u00e9gu\u00e9e d\u00e9partementale UDI.<\/td>\n<\/tr>\n<tr>\n<td>Seine-Saint-Denis (93)<\/td>\n<td>Neuilly-sur-Marne<\/td>\n<td>Mathumitha KALATHASAN<\/td>\n<td>conseill\u00e8re municipale d\u00e9l\u00e9gu\u00e9e.<\/td>\n<\/tr>\n<tr>\n<td>Seine-Saint-Denis (93)<\/td>\n<td>Noisy-le-Grand<\/td>\n<td>Eric ALLEMON<\/td>\n<td>1er adjoint au maire.<\/td>\n<\/tr>\n<tr>\n<td>Seine-Saint-Denis (93)<\/td>\n<td>Pantin<\/td>\n<td>Catrina TAVARES.<\/td>\n<td\/><\/tr>\n<tr>\n<td>Seine-Saint-Denis (93)<\/td>\n<td>Rosny-sous-Bois<\/td>\n<td>Ivan ITZKOVITCH<\/td>\n<td>conseiller municipal, ancien pr\u00e9sident du groupe UDI de la M\u00e9tropole du Grand Paris.<\/td>\n<\/tr>\n<tr>\n<td>Seine-Saint-Denis (93)<\/td>\n<td>Saint-Denis<\/td>\n<td>Pascal KOUPPE de KERMARTIN<\/td>\n<td>conseiller municipal<\/td>\n<\/tr>\n<tr>\n<td>Val-de-Marne (94)<\/td>\n<td>Bonneuil-sur-Marne<\/td>\n<td>Gilles DAVID<\/td>\n<td>conseiller municipal d\u2019opposition.<\/td>\n<\/tr>\n<tr>\n<td>Val-de-Marne (94)<\/td>\n<td>Chennevi\u00e8res-sur-Marne<\/td>\n<td>Jean-Pierre BARNAUD<\/td>\n<td>conseiller d\u00e9partemental, maire.<\/td>\n<\/tr>\n<tr>\n<td>Val-de-Marne (94)<\/td>\n<td>Cr\u00e9teil<\/td>\n<td>Sylvain THEZARD<\/td>\n<td>d\u00e9l\u00e9gu\u00e9 d\u00e9partemental UDI.<\/td>\n<\/tr>\n<tr>\n<td>Val-de-Marne (94)<\/td>\n<td>Fontenay-sous-Bois<\/td>\n<td>Lionel BERTRAND<\/td>\n<td>conseiller municipal d\u2019opposition.<\/td>\n<\/tr>\n<tr>\n<td>Val-de-Marne (94)<\/td>\n<td>La Queue-en-Brie<\/td>\n<td>Laurine DAOUGABEL<\/td>\n<td>adjointe au maire.<\/td>\n<\/tr>\n<tr>\n<td>Val-de-Marne (94)<\/td>\n<td>Orly<\/td>\n<td>Patrick BOURGEOIS<\/td>\n<td>ancien adjoint au maire.<\/td>\n<\/tr>\n<tr>\n<td>Val-de-Marne (94)<\/td>\n<td>Ormesson-sur-Marne<\/td>\n<td>Marie-Christine SEGUI<\/td>\n<td>conseill\u00e8re d\u00e9partementale, maire.<\/td>\n<\/tr>\n<tr>\n<td>Val-de-Marne (94)<\/td>\n<td>Villecresnes<\/td>\n<td>Patrick FARCY<\/td>\n<td>maire.<\/td>\n<\/tr>\n<tr>\n<td>Val-de-Marne (94)<\/td>\n<td>Villeneuve-Saint-Georges<\/td>\n<td>Eric COLSON<\/td>\n<td>ancien conseiller municipal, t\u00eate de liste en 2020 et 2025.<\/td>\n<\/tr>\n<tr>\n<td>Val-de-Marne (94)<\/td>\n<td>Vincennes<\/td>\n<td>Charlotte LIBERT<\/td>\n<td>conseill\u00e8re r\u00e9gionale, maire.<\/td>\n<\/tr>\n<tr>\n<td>Seine-et-Marne (77)<\/td>\n<td>Avon<\/td>\n<td>Thomas IANZ.<\/td>\n<td\/><\/tr>\n<tr>\n<td>Seine-et-Marne (77)<\/td>\n<td>Chelles<\/td>\n<td>C\u00e9line NETTHAVONGS<\/td>\n<td>conseill\u00e8re d\u00e9partementale, adjointe au maire.<\/td>\n<\/tr>\n<tr>\n<td>Seine-et-Marne (77)<\/td>\n<td>Combs-la-Ville<\/td>\n<td>Laure-Agn\u00e8s MOLLARD-CADIX<\/td>\n<td>conseill\u00e8re r\u00e9gionale, adjointe au maire.<\/td>\n<\/tr>\n<tr>\n<td>Seine-et-Marne (77)<\/td>\n<td>Le M\u00e9e-sur-Seine<\/td>\n<td>Franck VERNIN<\/td>\n<td>maire, pr\u00e9sident de la communaut\u00e9 d\u2019agglom\u00e9ration.<\/td>\n<\/tr>\n<tr>\n<td>Seine-et-Marne (77)<\/td>\n<td>Montereau-Fault-Yonne<\/td>\n<td>James CHERON<\/td>\n<td>vice-pr\u00e9sident du conseil r\u00e9gional, maire, pr\u00e9sident de la f\u00e9d\u00e9ration UDI.<\/td>\n<\/tr>\n<tr>\n<td>Seine-et-Marne (77)<\/td>\n<td>Ozoir-la-Ferri\u00e8re<\/td>\n<td>Marie-Laure MORELLI<\/td>\n<td>adjointe au maire.<\/td>\n<\/tr>\n<tr>\n<td>Yvelines (78)<\/td>\n<td>Elancourt<\/td>\n<td>Laurent MAZAURY<\/td>\n<td>d\u00e9put\u00e9, conseiller municipal, pr\u00e9sident de la f\u00e9d\u00e9ration UDI.<\/td>\n<\/tr>\n<tr>\n<td>Yvelines (78)<\/td>\n<td>Les Clayes-sous-Bois<\/td>\n<td>Bertrand COQUARD<\/td>\n<td>conseiller d\u00e9partemental, adjoint au maire, d\u00e9l\u00e9gu\u00e9 d\u00e9partemental UDI.<\/td>\n<\/tr>\n<tr>\n<td>Yvelines (78)<\/td>\n<td>Plaisir<\/td>\n<td>Brice FABRY<\/td>\n<td>conseiller municipal.<\/td>\n<\/tr>\n<tr>\n<td>Yvelines (78)<\/td>\n<td>Saint-Cyr-l\u2019Ecole<\/td>\n<td>Sonia BRAU<\/td>\n<td>conseill\u00e8re d\u00e9partementale, maire.<\/td>\n<\/tr>\n<tr>\n<td>Yvelines (78)<\/td>\n<td>Saint-Germain-en-Laye<\/td>\n<td>Eric ROUX<\/td>\n<td>secr\u00e9taire national UDI.<\/td>\n<\/tr>\n<tr>\n<td>Yvelines (78)<\/td>\n<td>Versailles<\/td>\n<td>Arnaud de BELENET<\/td>\n<td>ancien s\u00e9nateur.<\/td>\n<\/tr>\n<tr>\n<td>Yvelines (78)<\/td>\n<td>Voisins-le-Bretonneux<\/td>\n<td>Alexandra ROSETTI<\/td>\n<td>conseill\u00e8re d\u00e9partementale<\/td>\n<\/tr>\n<tr>\n<td>Essonne (91)<\/td>\n<td>Arpajon<\/td>\n<td>Maxime LEVALLET<\/td>\n<td>adjoint au maire.<\/td>\n<\/tr>\n<tr>\n<td>Essonne (91)<\/td>\n<td>Bondoufle<\/td>\n<td>Hugo PESCE.<\/td>\n<td\/><\/tr>\n<tr>\n<td>Essonne (91)<\/td>\n<td>Brunoy<\/td>\n<td>Eric ADAM<\/td>\n<td>adjoint au maire.<\/td>\n<\/tr>\n<tr>\n<td>Essonne (91)<\/td>\n<td>Bures-sur-Yvette<\/td>\n<td>Jean-Fran\u00e7ois VIGIER<\/td>\n<td>conseiller r\u00e9gional, maire, pr\u00e9sident du groupe UDI, d\u00e9l\u00e9gu\u00e9 d\u00e9partemental UDI.<\/td>\n<\/tr>\n<tr>\n<td>Essonne (91)<\/td>\n<td>Draveil<\/td>\n<td>Faten HIDRI<\/td>\n<td>conseill\u00e8re r\u00e9gionale, adjointe au maire.<\/td>\n<\/tr>\n<tr>\n<td>Essonne (91)<\/td>\n<td>Epinay-sous-S\u00e9nart<\/td>\n<td>Choucry MAHJOUB.<\/td>\n<td\/><\/tr>\n<tr>\n<td>Essonne (91)<\/td>\n<td>Gif-sur-Yvette<\/td>\n<td>Yves CAUCHETIER<\/td>\n<td>maire.<\/td>\n<\/tr>\n<tr>\n<td>Essonne (91)<\/td>\n<td>Longjumeau<\/td>\n<td>Redda KOUADRI<\/td>\n<td>adjoint au maire.<\/td>\n<\/tr>\n<tr>\n<td>Essonne (91)<\/td>\n<td>Massy<\/td>\n<td>Nicolas SAMSOEN<\/td>\n<td>conseiller d\u00e9partemental, maire.<\/td>\n<\/tr>\n<tr>\n<td>Essonne (91)<\/td>\n<td>Mennecy<\/td>\n<td>Jean-Philippe DUGOIN-CLEMENT<\/td>\n<td>vice-pr\u00e9sident du conseil r\u00e9gional, maire, pr\u00e9sident de la f\u00e9d\u00e9ration UDI.<\/td>\n<\/tr>\n<tr>\n<td>Essonne (91)<\/td>\n<td>Palaiseau<\/td>\n<td>Catherine VITTECOQ<\/td>\n<td>adjointe au maire.<\/td>\n<\/tr>\n<tr>\n<td>Essonne (91)<\/td>\n<td>Savigny-sur-Orge<\/td>\n<td>David FABRE<\/td>\n<td>conseiller municipal.<\/td>\n<\/tr>\n","protected":false},"excerpt":{"rendered":"D\u00e9partements Ville Chef(fe) de file Mandat Paris (75) Paris Eric SCHAHL conseiller r\u00e9gional, pr\u00e9sident de la f\u00e9d\u00e9ration UDI.&hellip;\n","protected":false},"author":2,"featured_media":246924,"comment_status":"","ping_status":"","sticky":false,"template":"","format":"standard","meta":{"footnotes":""},"categories":[1592],"tags":[38656,1111,11,38657,38658,30567,38659,38660,13160,38661,38662,38663,38664,30570,24584,38665,38666,38667,38668,38669,38670,30203,38671,30571,24585,30572,38059,30573,38672,30456,2327,38673,21618,14772,38674,38675,38676,17445,38677,38678,30205,38679,38680,38681,1936,7935,38682,1777,674,38683,4651,38684,21661,1011,27,38685,14777,38686,38687,38688,38689,3314,662,38690,38691,38692,38693,38694,30578,38695,38696,38697,38698,21669,14781,38699,38700,38701,30213,38702,38703,10118,38704,38705,27541,21673,38706,38707,38708,5672,30580,3434,30216,30217,30218,3435,38709,38710,10963,30581,30219,12,38711,20414,16483,38712,20415,38713,30582,25668,626,38714,38715,38716,38717,38718,38719,21626,25,38720,30223,30224,30585,18341,30586,12652,21679,38721,38722,1937,1945,38723,38724,38725,27545,2292,21681,20423,24590,19792,9754,21683,30230,1938],"class_list":{"0":"post-246923","1":"post","2":"type-post","3":"status-publish","4":"format-standard","5":"has-post-thumbnail","7":"category-ile-de-france","8":"tag-abdelkrim-seghir","9":"tag-actu","10":"tag-actualites","11":"tag-alexandra-rosetti","12":"tag-anthony-mangin","13":"tag-antony","14":"tag-arnaud-de-belenet","15":"tag-arpajon","16":"tag-aulnay-sous-bois","17":"tag-avon","18":"tag-bernard-gauducheau","19":"tag-bois-colombes","20":"tag-bondoufle","21":"tag-bondy","22":"tag-bonneuil-sur-marne","23":"tag-bourg-la-reine","24":"tag-brunoy","25":"tag-bures-sur-yvette","26":"tag-catrina-tavares","27":"tag-charlotte-libert-albanel","28":"tag-chatenay-malabry","29":"tag-chatillon","30":"tag-chaville","31":"tag-chelles","32":"tag-chennevieres-sur-marne","33":"tag-clichy","34":"tag-clichy-sous-bois","35":"tag-colombes","36":"tag-combs-la-ville","37":"tag-conseil-departemental","38":"tag-conseil-regional","39":"tag-conseiller-regional","40":"tag-courbevoie","41":"tag-creteil","42":"tag-david-fabre","43":"tag-denis-larghero","44":"tag-dominique-gaulon","45":"tag-drancy","46":"tag-draveil","47":"tag-dugny","48":"tag-epinay-sur-seine","49":"tag-eric-allemon","50":"tag-eric-colson","51":"tag-eric-schahl","52":"tag-essonne","53":"tag-est-parisien","54":"tag-etienne-lengereau","55":"tag-eu","56":"tag-europe","57":"tag-farid-saidani","58":"tag-femmes","59":"tag-fontenay-aux-roses","60":"tag-fontenay-sous-bois","61":"tag-fr","62":"tag-france","63":"tag-franck-vernin","64":"tag-gagny","65":"tag-garches","66":"tag-gif-sur-yvette","67":"tag-gilles-david","68":"tag-guillaume-fournier","69":"tag-hauts-de-seine","70":"tag-ile-de-france","71":"tag-ivan-itzkovitch","72":"tag-james-cheron","73":"tag-jean-francois-vigier","74":"tag-jean-philippe-dugoin-clement","75":"tag-jean-pierre-barnaud","76":"tag-la-garenne-colombes","77":"tag-la-queue-en-brie","78":"tag-laurent-vastel","79":"tag-laurine-daougabel","80":"tag-le-mee-sur-seine","81":"tag-le-plessis-robinson","82":"tag-le-raincy","83":"tag-les-clayes-sous-bois","84":"tag-lionel-bertrand","85":"tag-livry-gargan","86":"tag-longjumeau","87":"tag-marie-christine-segui","88":"tag-marie-francoise-pellegrino","89":"tag-massy","90":"tag-mathumitha-kalathasan","91":"tag-mennecy","92":"tag-metropole-du-grand-paris","93":"tag-meudon","94":"tag-montasser-charny","95":"tag-montereau-fault-yonne","96":"tag-montfermeil","97":"tag-montreuil","98":"tag-montrouge","99":"tag-municipales-2026","100":"tag-municipales-2026-a-paris","101":"tag-municipales-2026-dans-les-hauts-de-seine","102":"tag-municipales-2026-en-seine-saint-denis","103":"tag-municipales-2026-en-val-de-marne","104":"tag-myriam-jerroudi","105":"tag-nabil-ben-ghanem","106":"tag-nanterre","107":"tag-neuilly-sur-marne","108":"tag-neuilly-plaisance","109":"tag-news","110":"tag-nicolas-samsoen","111":"tag-noisy-le-grand","112":"tag-orly","113":"tag-ormesson-sur-marne","114":"tag-osny","115":"tag-ozoir-la-ferriere","116":"tag-palaiseau","117":"tag-pantin","118":"tag-paris","119":"tag-pascal-kouppe-de-kermartin","120":"tag-pascal-pelain","121":"tag-patrick-bourgeois","122":"tag-patrick-donath","123":"tag-patrick-farcy","124":"tag-philippe-laurent","125":"tag-puteaux","126":"tag-republique-francaise","127":"tag-rima-chabane","128":"tag-rosny-sous-bois","129":"tag-rueil-malmaison","130":"tag-saint-cloud","131":"tag-saint-denis","132":"tag-saint-germain-en-laye","133":"tag-savigny-sur-orge","134":"tag-sceaux","135":"tag-sebastien-leite","136":"tag-sebastien-morin","137":"tag-seine-et-marne","138":"tag-seine-saint-denis","139":"tag-sevres","140":"tag-sonia-brau","141":"tag-thomas-ianz","142":"tag-udi","143":"tag-val-doise","144":"tag-vanves","145":"tag-versailles","146":"tag-villecresnes","147":"tag-villeneuve-la-garenne","148":"tag-villeneuve-saint-georges","149":"tag-vincennes","150":"tag-voisins-le-bretonneux","151":"tag-yvelines"},"share_on_mastodon":{"url":"","error":"Validation failed: Text character limit of 500 exceeded"},"_links":{"self":[{"href":"https:\/\/www.europesays.com\/fr\/wp-json\/wp\/v2\/posts\/246923","targetHints":{"allow":["GET"]}}],"collection":[{"href":"https:\/\/www.europesays.com\/fr\/wp-json\/wp\/v2\/posts"}],"about":[{"href":"https:\/\/www.europesays.com\/fr\/wp-json\/wp\/v2\/types\/post"}],"author":[{"embeddable":true,"href":"https:\/\/www.europesays.com\/fr\/wp-json\/wp\/v2\/users\/2"}],"replies":[{"embeddable":true,"href":"https:\/\/www.europesays.com\/fr\/wp-json\/wp\/v2\/comments?post=246923"}],"version-history":[{"count":0,"href":"https:\/\/www.europesays.com\/fr\/wp-json\/wp\/v2\/posts\/246923\/revisions"}],"wp:featuredmedia":[{"embeddable":true,"href":"https:\/\/www.europesays.com\/fr\/wp-json\/wp\/v2\/media\/246924"}],"wp:attachment":[{"href":"https:\/\/www.europesays.com\/fr\/wp-json\/wp\/v2\/media?parent=246923"}],"wp:term":[{"taxonomy":"category","embeddable":true,"href":"https:\/\/www.europesays.com\/fr\/wp-json\/wp\/v2\/categories?post=246923"},{"taxonomy":"post_tag","embeddable":true,"href":"https:\/\/www.europesays.com\/fr\/wp-json\/wp\/v2\/tags?post=246923"}],"curies":[{"name":"wp","href":"https:\/\/api.w.org\/{rel}","templated":true}]}}