{"id":246927,"date":"2025-07-13T10:16:11","date_gmt":"2025-07-13T10:16:11","guid":{"rendered":"https:\/\/www.europesays.com\/fr\/246927\/"},"modified":"2025-07-13T10:16:11","modified_gmt":"2025-07-13T10:16:11","slug":"arrestation-du-basketteur-russe-daniil-kasatkin-sa-fiancee-temoigne","status":"publish","type":"post","link":"https:\/\/www.europesays.com\/fr\/246927\/","title":{"rendered":"Arrestation du basketteur russe Daniil Kasatkin, sa fianc\u00e9e t\u00e9moigne"},"content":{"rendered":"<p>Comme dans un mauvais film, elle a tourn\u00e9 la t\u00eate et son compagnon a disparu. La sc\u00e8ne se passe samedi 21\u00a0juin \u00e0 l\u2019a\u00e9roport de Paris-Charles-de-Gaulle. Anna Kulyashova est une jolie blonde qui voulait devenir professeur des \u00e9coles, mais a rencontr\u00e9 le grand amour dans une bo\u00eete de nuit moscovite avec un basketteur professionnel.<\/p>\n<p>En avril dernier, le couple \u00e9tait d\u00e9j\u00e0 parti en vacances au Japon. Ils s\u2019appr\u00eataient cette fois \u00e0 rejoindre des amis en Croatie mais avaient d\u00e9cid\u00e9 de faire une escale de trois jours pour visiter Paris. \u00ab\u00a0C\u2019\u00e9tait notre premi\u00e8re fois pour tous les deux.\u00a0\u00bb<\/p>\n<p>Arriv\u00e9s dans le terminal, ils se s\u00e9parent le temps de franchir les contr\u00f4les de passeports. Pass\u00e9 la gu\u00e9rite de la Police aux fronti\u00e8res, Anna constate qu\u2019il n\u2019y a plus personne. Son compagnon est pourtant facile \u00e0 rep\u00e9rer\u00a0: il mesure 1\u00a0m 99\u00a0! La jeune femme ne s\u2019inqui\u00e8te pas et s\u2019en va attendre les valises. Un policier l\u2019aborde et l\u2019informe que son compagnon a \u00e9t\u00e9 arr\u00eat\u00e9. Il r\u00e9cup\u00e8re les bagages du couple pour les contr\u00f4ler. \u00ab\u00a0J\u2019ai pens\u00e9 qu\u2019il y avait eu un probl\u00e8me administratif, nous dit-elle, avec le visa ou peut-\u00eatre \u00e0 cause des cigarettes dans les bagages que nous transportions pour nos amis. J\u2019ai aussi pens\u00e9 aux <a href=\"https:\/\/www.parismatch.com\/Actu\/International\/Guerre-en-Ukraine-quelles-sont-les-sanctions-prises-contre-la-Russie-1790397\" rel=\"nofollow noopener\" target=\"_blank\" data-ylk=\"slk:sanctions;elm:context_link;itc:0;sec:content-canvas\" class=\"link \">sanctions<\/a>.\u00a0\u00bb<\/p>\n<p><a href=\"https:\/\/www.parismatch.com\/actu\/international\/cetait-notre-premiere-fois-a-paris-arrestation-du-basketteur-russe-daniil-kasatkin-sa-fiancee-temoigne-254201?at_medium=affiliate&amp;at_campaign=Yahoo\" rel=\"nofollow noopener\" target=\"_blank\" data-ylk=\"slk:Lire la suite sur ParisMatch;elm:context_link;itc:0;sec:content-canvas\" class=\"link \">Lire la suite sur ParisMatch<\/a><\/p>\n","protected":false},"excerpt":{"rendered":"Comme dans un mauvais film, elle a tourn\u00e9 la t\u00eate et son compagnon a disparu. La sc\u00e8ne se&hellip;\n","protected":false},"author":2,"featured_media":246928,"comment_status":"","ping_status":"","sticky":false,"template":"","format":"standard","meta":{"footnotes":""},"categories":[1888],"tags":[1111,1928,11,1927,1777,674,1011,27,12,1926,626,1925,5242,38726,25],"class_list":{"0":"post-246927","1":"post","2":"type-post","3":"status-publish","4":"format-standard","5":"has-post-thumbnail","7":"category-paris","8":"tag-actu","9":"tag-actu-paris","10":"tag-actualites","11":"tag-actualites-paris","12":"tag-eu","13":"tag-europe","14":"tag-fr","15":"tag-france","16":"tag-news","17":"tag-news-paris","18":"tag-paris","19":"tag-paris-news","20":"tag-passe","21":"tag-police-aux-frontieres","22":"tag-republique-francaise"},"share_on_mastodon":{"url":"https:\/\/pubeurope.com\/@fr\/114845409935367714","error":""},"_links":{"self":[{"href":"https:\/\/www.europesays.com\/fr\/wp-json\/wp\/v2\/posts\/246927","targetHints":{"allow":["GET"]}}],"collection":[{"href":"https:\/\/www.europesays.com\/fr\/wp-json\/wp\/v2\/posts"}],"about":[{"href":"https:\/\/www.europesays.com\/fr\/wp-json\/wp\/v2\/types\/post"}],"author":[{"embeddable":true,"href":"https:\/\/www.europesays.com\/fr\/wp-json\/wp\/v2\/users\/2"}],"replies":[{"embeddable":true,"href":"https:\/\/www.europesays.com\/fr\/wp-json\/wp\/v2\/comments?post=246927"}],"version-history":[{"count":0,"href":"https:\/\/www.europesays.com\/fr\/wp-json\/wp\/v2\/posts\/246927\/revisions"}],"wp:featuredmedia":[{"embeddable":true,"href":"https:\/\/www.europesays.com\/fr\/wp-json\/wp\/v2\/media\/246928"}],"wp:attachment":[{"href":"https:\/\/www.europesays.com\/fr\/wp-json\/wp\/v2\/media?parent=246927"}],"wp:term":[{"taxonomy":"category","embeddable":true,"href":"https:\/\/www.europesays.com\/fr\/wp-json\/wp\/v2\/categories?post=246927"},{"taxonomy":"post_tag","embeddable":true,"href":"https:\/\/www.europesays.com\/fr\/wp-json\/wp\/v2\/tags?post=246927"}],"curies":[{"name":"wp","href":"https:\/\/api.w.org\/{rel}","templated":true}]}}