{"id":246929,"date":"2025-07-13T10:17:12","date_gmt":"2025-07-13T10:17:12","guid":{"rendered":"https:\/\/www.europesays.com\/fr\/246929\/"},"modified":"2025-07-13T10:17:12","modified_gmt":"2025-07-13T10:17:12","slug":"la-caf-de-paris-demande-le-remboursement","status":"publish","type":"post","link":"https:\/\/www.europesays.com\/fr\/246929\/","title":{"rendered":"la CAF de Paris demande le remboursement"},"content":{"rendered":"<p>            Par<br \/>\n        <strong><br \/>\n            <a href=\"https:\/\/actu.fr\/auteur\/redaction-paris\" title=\"Consulter tous les articles de R\u00e9daction Paris\" target=\"_blank\" rel=\"noopener\">R\u00e9daction Paris<\/a><br \/>\n        <\/strong><\/p>\n<p>        Publi\u00e9 le<\/p>\n<p>            13 juil. 2025 \u00e0 6h14        <\/p>\n<p>Elle cumulait chaque mois des revenus issus de biens immobiliers et le Revenu de solidarit\u00e9 active (<a href=\"https:\/\/actu.fr\/tag\/rsa\" target=\"_blank\" rel=\"noopener\">RSA<\/a>). De quoi s\u00e9rieusement attirer l\u2019attention de la Caisse d\u2019allocations familiales (<a href=\"https:\/\/actu.fr\/tag\/caf\" target=\"_blank\" rel=\"noopener\">CAF<\/a>) de Paris. Cette cheffe d\u2019entreprise de 52 ans avait en fait per\u00e7u le RSA de mai \u00e0 octobre 2020 puis de juillet \u00e0 ao\u00fbt 2022 : elle n\u2019avait pas d\u00e9clar\u00e9 plus de 49 000 euros de revenus fonciers pour 2020 et 2022. Mais suite \u00e0 un \u00ab\u00a0contr\u00f4le\u00a0\u00bb men\u00e9 en d\u00e9cembre 2022, la CAF lui avait r\u00e9clam\u00e9 un premier remboursement de 6 800 euros d\u2019indus de RSA pour les p\u00e9riodes de mai \u00e0 novembre 2020 et de juillet \u00e0 ao\u00fbt 2022.\u00a0<br \/>La consultation des relev\u00e9s de comptes bancaires ouverts au nom de Catherine X. aupr\u00e8s de la banque Fortuneo et du Cr\u00e9dit mutuel r\u00e9v\u00e9lait en effet \u00ab\u00a0la perception tous les mois de virements provenant de diff\u00e9rentes personnes physiques\u00a0\u00bb. Interrog\u00e9e sur la nature de ces sommes, Catherine X. avait avou\u00e9 qu\u2019il s\u2019agissait de \u00ab\u00a0biens immobiliers lou\u00e9s\u00a0\u00bb.<\/p>\n<p>Aucune trace des reversements \u00e0 son \u00e9poux<\/p>\n<p class=\" wall-content\">La CAF s\u2019\u00e9tait aussi aper\u00e7ue qu\u2019elle \u00e9tait \u00ab\u00a0connue comme bailleur sous diff\u00e9rents matricules correspondant \u00e0 plusieurs biens immobiliers \u00e0 Paris et Mulhouse\u00a0\u00bb, avaient d\u00e9j\u00e0 retrac\u00e9 les juges du <a href=\"https:\/\/actu.fr\/tag\/tribunal-administratif-de-paris\" target=\"_blank\" rel=\"noopener\">tribunal administratif de Paris<\/a> dans un jugement du 25 mars 2024.<\/p>\n<p class=\" wall-content\">Elle avait pour sa part fait valoir que deux des biens immobiliers \u2013 situ\u00e9s d\u2019une part rue de Lucelle \u00e0 Mulhouse et lou\u00e9 415 euros par mois et d\u2019autre part rue des Gymnastes \u00e0 Mulhouse et lou\u00e9 1 120 euros par mois \u2013 \u00e9taient en r\u00e9alit\u00e9 \u00ab\u00a0la propri\u00e9t\u00e9 de son \u00e9poux\u00a0\u00bb. Son logement situ\u00e9 boulevard Macdonald \u00e0 Paris (19e), lou\u00e9 \u00ab\u00a0700 euros par mois\u00a0\u00bb, \u00e9tait lui aussi \u00ab\u00a0une propri\u00e9t\u00e9 en indivision avec son \u00e9poux \u00e0 qui elle reverse la moiti\u00e9 du loyer\u00a0\u00bb, r\u00e9sumait la juridiction.<\/p>\n<p class=\" wall-content\">Mais \u00ab\u00a0Mme X. ne justifie d\u2019aucun reversement des loyers per\u00e7us \u00e0 son \u00e9poux, en totalit\u00e9 ou partiellement\u00a0\u00bb, avaient \u00e9cart\u00e9 les juges. Au final, aucun de ses arguments n\u2019avait \u00e9t\u00e9 retenu par les juges qui lui avaient aussi refus\u00e9 une \u00ab\u00a0remise de sa dette\u00a0\u00bb au regard de la \u00ab\u00a0r\u00e9it\u00e9ration des manquements\u00a0\u00bb.<\/p>\n<p>    <a href=\"https:\/\/email.publihebdos.com\/form?lid=Mqc7o19yVDtMEo2FE8aUtw2\" title=\"Ouvrie le lien\" target=\"_blank\" rel=\"noopener\">Cliquez ici pour visualiser le contenu<\/a><\/p>\n<p class=\" wall-content\">Reste qu\u2019ensuite, la CAF de Paris est revenue \u00e0 la charge, le 2 juillet 2024, cette fois pour recouvrer 4 700 euros de RSA indument per\u00e7u cette fois-ci entre le 1er mai et le 30 novembre 2020. Mais cette fois encore, aucun de ses arguments relatifs \u00e0 la r\u00e9gularit\u00e9 du \u00ab\u00a0titre de recettes\u00a0\u00bb et \u00e0 \u00ab\u00a0l\u2019insuffisante motivation\u00a0\u00bb de la d\u00e9cision n\u2019a convaincu les magistrats, dans une d\u00e9cision en date du 23 avril 2025 qui vient d\u2019\u00eatre rendue publique. Elle devra donc \u00e9galement rembourser cette somme, soit au total 11 500 euros.<\/p>\n<p class=\" wall-content\"><strong>CB-PressPepper<\/strong><\/p>\n<p class=\" wall-content\">Suivez toute l\u2019actualit\u00e9 de vos villes et m\u00e9dias favoris en vous inscrivant \u00e0 <a href=\"https:\/\/moncompte.actu.fr\" title=\"D\u00e9couvez Mon Actu\" rel=\"nofollow noopener\" data-trk=\"{&quot;cta&quot;:{&quot;action&quot;:&quot;https:\\\/\\\/moncompte.actu.fr&quot;,&quot;category&quot;:&quot;mon compte&quot;,&quot;from&quot;:&quot;article footer&quot;,&quot;name&quot;:&quot;Mon actu&quot;,&quot;type&quot;:&quot;cta&quot;}}\" target=\"_blank\">Mon Actu<\/a>.<\/p>\n","protected":false},"excerpt":{"rendered":"Par R\u00e9daction Paris Publi\u00e9 le 13 juil. 2025 \u00e0 6h14 Elle cumulait chaque mois des revenus issus de&hellip;\n","protected":false},"author":2,"featured_media":246930,"comment_status":"","ping_status":"","sticky":false,"template":"","format":"standard","meta":{"footnotes":""},"categories":[1888],"tags":[11,20504,1777,674,1011,27,12,626,25,12097,104,22321],"class_list":{"0":"post-246929","1":"post","2":"type-post","3":"status-publish","4":"format-standard","5":"has-post-thumbnail","7":"category-paris","8":"tag-actualites","9":"tag-caf","10":"tag-eu","11":"tag-europe","12":"tag-fr","13":"tag-france","14":"tag-news","15":"tag-paris","16":"tag-republique-francaise","17":"tag-rsa","18":"tag-societe","19":"tag-tribunal-administratif-de-paris"},"share_on_mastodon":{"url":"https:\/\/pubeurope.com\/@fr\/114845413764418074","error":""},"_links":{"self":[{"href":"https:\/\/www.europesays.com\/fr\/wp-json\/wp\/v2\/posts\/246929","targetHints":{"allow":["GET"]}}],"collection":[{"href":"https:\/\/www.europesays.com\/fr\/wp-json\/wp\/v2\/posts"}],"about":[{"href":"https:\/\/www.europesays.com\/fr\/wp-json\/wp\/v2\/types\/post"}],"author":[{"embeddable":true,"href":"https:\/\/www.europesays.com\/fr\/wp-json\/wp\/v2\/users\/2"}],"replies":[{"embeddable":true,"href":"https:\/\/www.europesays.com\/fr\/wp-json\/wp\/v2\/comments?post=246929"}],"version-history":[{"count":0,"href":"https:\/\/www.europesays.com\/fr\/wp-json\/wp\/v2\/posts\/246929\/revisions"}],"wp:featuredmedia":[{"embeddable":true,"href":"https:\/\/www.europesays.com\/fr\/wp-json\/wp\/v2\/media\/246930"}],"wp:attachment":[{"href":"https:\/\/www.europesays.com\/fr\/wp-json\/wp\/v2\/media?parent=246929"}],"wp:term":[{"taxonomy":"category","embeddable":true,"href":"https:\/\/www.europesays.com\/fr\/wp-json\/wp\/v2\/categories?post=246929"},{"taxonomy":"post_tag","embeddable":true,"href":"https:\/\/www.europesays.com\/fr\/wp-json\/wp\/v2\/tags?post=246929"}],"curies":[{"name":"wp","href":"https:\/\/api.w.org\/{rel}","templated":true}]}}