{"id":246931,"date":"2025-07-13T10:18:09","date_gmt":"2025-07-13T10:18:09","guid":{"rendered":"https:\/\/www.europesays.com\/fr\/246931\/"},"modified":"2025-07-13T10:18:09","modified_gmt":"2025-07-13T10:18:09","slug":"feu-dartifice-du-14-juillet-2025-a-paris-les-infos-pratiques-et-conseils-pour-profiter-du-spectacle","status":"publish","type":"post","link":"https:\/\/www.europesays.com\/fr\/246931\/","title":{"rendered":"Feu d\u2019artifice du 14\u00a0juillet 2025 \u00e0 Paris\u00a0: les infos pratiques et conseils pour profiter du spectacle"},"content":{"rendered":"<p class=\"paragraph lpe text_align_left lp-f-body-02\">Paris s\u2019appr\u00eate \u00e0 c\u00e9l\u00e9brer la F\u00eate Nationale avec son traditionnel feu d\u2019artifice, tir\u00e9 depuis la tour Eiffel et les jardins du Trocad\u00e9ro ce lundi 14 juillet 2025, ce spectacle est un \u00e9v\u00e9nement \u00e0 voir au moins une fois dans sa vie, un spectacle pyrotechnique grandiose qui illuminera le ciel de la capitale.<\/p>\n<p class=\"paragraph lpe text_align_left lp-f-body-02\">Pour que cette soir\u00e9e soit inoubliable, voici quelques conseils et informations pratiques.<\/p>\n<p>Feu d\u2019artifice, drones et th\u00e8me de l\u2019ann\u00e9e<\/p>\n<p class=\"paragraph lpe text_align_left lp-f-body-02\">4 grandes s\u00e9quences et 11 tableaux, un spectacle visuel et sonore : les drones voleront pour la premi\u00e8re fois c\u00f4t\u00e9 Champs de Mars et Trocad\u00e9ro et envelopperont la tour Eiffel.<\/p>\n<p class=\"paragraph lpe text_align_left lp-f-body-02\">Cette ann\u00e9e, le th\u00e8me du <a href=\"https:\/\/www.leparisien.fr\/etudiant\/sortir\/paris\/eve-feu-d-artifice-du-14-juillet-paris\/\" target=\"_self\" rel=\"noopener\">feu d\u2019artifice du 14 juillet \u00e0 Paris<\/a> promet un voyage \u00e0 travers les couleurs et les \u00e9motions. Apr\u00e8s les JO en 2024, le feu d\u2019artifice, enrichi par 1 000 drones, mettra en lumi\u00e8re ce lundi deux th\u00e8mes importants : l\u2019environnement, pour f\u00eater les 10 ans de l\u2019accord de Paris &#8211; COP21, et la culture br\u00e9silienne : Paris c\u00e9l\u00e9brant pendant six mois en 2025 la Saison Br\u00e9sil France avec de multiples \u00e9v\u00e9nements culturels.<\/p>\n<p>Horaires : \u00e0 quelle heure venir pour assister au feu d\u2019artifice<\/p>\n<p class=\"paragraph lpe text_align_left lp-f-body-02\">Le feu d\u2019artifice sera tir\u00e9 depuis la tour Eiffel et les jardins du Trocad\u00e9ro le lundi 14 juillet 2025 \u00e0 partir de 23 heures. Le spectacle durera environ 35 minutes.<\/p>\n<p class=\"paragraph lpe text_align_left lp-f-body-02\"><b>\u00c0 quelle heure venir assister au feu d\u2019artifice ?<\/b> Beaucoup de personnes viennent assister au feu d\u2019artifice mais aussi au concert de musique classique au Champ de mars juste avant, il faut donc venir au moins \u00e0 partir de 18 heures au Champs de Mars ou au jardin du Trocad\u00e9ro si vous souhaitez voir dans de bonnes conditions le feu d\u2019artifice du 14 juillet.<\/p>\n<p class=\"paragraph lpe text_align_left lp-f-body-02\">Plus vous arriverez tard, plus vous serez loin et moins vous verrez mais aussi entendrez moins bien les musiques. Pr\u00e9voyez un bon pique-nique des jeux, et votre apr\u00e8s-midi : l\u2019attente sera r\u00e9compens\u00e9e.<\/p>\n<p>Les meilleurs spots pour admirer le feu d\u2019artifice du 14 juillet \u00e0 Paris<\/p>\n<p class=\"paragraph lpe text_align_left lp-f-body-02\">Plusieurs options s\u2019offrent \u00e0 vous pour profiter pleinement du feu d\u2019artifice :<\/p>\n<ul class=\"margin_bottom_md fs_18_26 fs_20_28_ad purple-dot\">\n<li class=\"mb_150 pl_325\"><b>Champ de Mars\u00a0:<\/b> L\u2019endroit le plus embl\u00e9matique, offrant une vue imprenable sur la tour Eiffel et assister aussi au grand<a href=\"https:\/\/www.leparisien.fr\/etudiant\/sortir\/paris\/eve-grand-concert-14-juillet-paris-tour-eiffel-champs-de-mars\/\" target=\"_blank\" rel=\"noreferrer noopener\"> concert gratuit de musique classique qui se tiendra sur le Champ de Mars<\/a> \u00e0 partir de 20\u00a0heures, r\u00e9unissant l\u2019Orchestre National de France, le Ch\u0153ur et la Ma\u00eetrise de Radio France ainsi que les plus grands solistes internationaux.<\/li>\n<li class=\"mb_150 pl_325\"><b>Esplanade du Trocad\u00e9ro\u00a0:<\/b> Pour une vue panoramique, rendez-vous sur l\u2019esplanade du Trocad\u00e9ro. L\u2019affluence y est forte, mais la perspective est exceptionnelle.<\/li>\n<li class=\"mb_150 pl_325\"><b>Autres lieux publics\u00a0:<\/b> Le pont de l\u2019Alma, la passerelle Debilly, le Palais de Tokyo, l\u2019avenue du Maine (XIVe), le parc de Belleville, ou encore le Belv\u00e9d\u00e8re au sein du domaine de Saint-Cloud offrant une vue panoramique.<\/li>\n<li class=\"mb_150 pl_325\"><b>Les ponts parisiens\u00a0:<\/b> Le Pont Alexandre-III ou le Pont-Neuf offrent des cadres romantiques pour admirer le spectacle, ils seront noir de monde \u00e0 23 heures.<\/li>\n<li class=\"mb_150 pl_325\"><b>Restaurants, Caf\u00e9s, P\u00e9niches\u00a0:<\/b> Plusieurs \u00e9tablissements parisiens proposent des soir\u00e9es sp\u00e9ciales avec vue sur le feu d\u2019artifice, comme la Tour Montparnasse (Restaurant, Bar au 56e \u00e9tage), l\u2019H\u00f4tel Pullman tour Eiffel, La terrasse du Caf\u00e9 de l\u2019homme au Trocad\u00e9ro ou encore des p\u00e9niches (Vedettes de Paris ou bateauxparisiens.com). Pensez \u00e0 r\u00e9server le plus t\u00f4t possible.<\/li>\n<\/ul>\n<p>Conseils pratiques pour assister au feu<\/p>\n<ul class=\"margin_bottom_md fs_18_26 fs_20_28_ad purple-dot\">\n<li class=\"mb_150 pl_325\"><b>Transport\u00a0:<\/b> Oubliez la voiture ou le bus. Privil\u00e9giez le m\u00e9tro et le RER, mais anticipez la foule. Les stations I\u00e9na, Alma Marceau et La Tour Maubourg seront ferm\u00e9es d\u00e8s 19\u00a0heures.<\/li>\n<\/ul>\n<ul class=\"margin_bottom_md fs_18_26 fs_20_28_ad purple-dot\">\n<li class=\"mb_150 pl_325\"><b>S\u00e9curit\u00e9\u00a0:<\/b> Des contr\u00f4les de s\u00e9curit\u00e9 seront mis en place. \u00c9vitez les sacs volumineux et les objets interdits.<\/li>\n<li class=\"mb_150 pl_325\"><b>Restauration\u00a0:<\/b> Pr\u00e9voyez de quoi vous hydrater et grignoter, surtout si vous venez t\u00f4t.<\/li>\n<li class=\"mb_150 pl_325\"><b>Velib\u2019\u00a0:<\/b> Les stations V\u00e9lib\u2019situ\u00e9es \u00e0 proximit\u00e9 du Champ de Mars seront neutralis\u00e9es toute la journ\u00e9e.<\/li>\n<li class=\"mb_150 pl_325\"><b>Pour les enfants\u00a0:<\/b> Pr\u00e9voyez de bonnes chaussures, de l\u2019eau, des g\u00e2teaux et des distractions pour les faire patienter jusqu\u2019\u00e0 23\u00a0heures.<\/li>\n<\/ul>\n<p class=\"paragraph lpe text_align_left lp-f-body-02\">Le feu d\u2019artifice du 14 juillet \u00e0 Paris ainsi que le concert seront retransmis en direct sur France 2 d\u00e8s 21 heures Le concert et la musique du feu d\u2019artifice seront \u00e9galement diffus\u00e9s en direct sur France Inter.<\/p>\n","protected":false},"excerpt":{"rendered":"Paris s\u2019appr\u00eate \u00e0 c\u00e9l\u00e9brer la F\u00eate Nationale avec son traditionnel feu d\u2019artifice, tir\u00e9 depuis la tour Eiffel et&hellip;\n","protected":false},"author":2,"featured_media":246932,"comment_status":"","ping_status":"","sticky":false,"template":"","format":"standard","meta":{"footnotes":""},"categories":[1888],"tags":[11,872,1777,674,1011,27,2684,12,626,25,28728],"class_list":{"0":"post-246931","1":"post","2":"type-post","3":"status-publish","4":"format-standard","5":"has-post-thumbnail","7":"category-paris","8":"tag-actualites","9":"tag-culture-et-loisirs","10":"tag-eu","11":"tag-europe","12":"tag-fr","13":"tag-france","14":"tag-le-parisien-etudiant","15":"tag-news","16":"tag-paris","17":"tag-republique-francaise","18":"tag-vie-etudiante"},"share_on_mastodon":{"url":"https:\/\/pubeurope.com\/@fr\/114845417687564726","error":""},"_links":{"self":[{"href":"https:\/\/www.europesays.com\/fr\/wp-json\/wp\/v2\/posts\/246931","targetHints":{"allow":["GET"]}}],"collection":[{"href":"https:\/\/www.europesays.com\/fr\/wp-json\/wp\/v2\/posts"}],"about":[{"href":"https:\/\/www.europesays.com\/fr\/wp-json\/wp\/v2\/types\/post"}],"author":[{"embeddable":true,"href":"https:\/\/www.europesays.com\/fr\/wp-json\/wp\/v2\/users\/2"}],"replies":[{"embeddable":true,"href":"https:\/\/www.europesays.com\/fr\/wp-json\/wp\/v2\/comments?post=246931"}],"version-history":[{"count":0,"href":"https:\/\/www.europesays.com\/fr\/wp-json\/wp\/v2\/posts\/246931\/revisions"}],"wp:featuredmedia":[{"embeddable":true,"href":"https:\/\/www.europesays.com\/fr\/wp-json\/wp\/v2\/media\/246932"}],"wp:attachment":[{"href":"https:\/\/www.europesays.com\/fr\/wp-json\/wp\/v2\/media?parent=246931"}],"wp:term":[{"taxonomy":"category","embeddable":true,"href":"https:\/\/www.europesays.com\/fr\/wp-json\/wp\/v2\/categories?post=246931"},{"taxonomy":"post_tag","embeddable":true,"href":"https:\/\/www.europesays.com\/fr\/wp-json\/wp\/v2\/tags?post=246931"}],"curies":[{"name":"wp","href":"https:\/\/api.w.org\/{rel}","templated":true}]}}