{"id":246935,"date":"2025-07-13T10:20:17","date_gmt":"2025-07-13T10:20:17","guid":{"rendered":"https:\/\/www.europesays.com\/fr\/246935\/"},"modified":"2025-07-13T10:20:17","modified_gmt":"2025-07-13T10:20:17","slug":"des-lors-quil-y-a-une-conflictualisation-du-monde-les-militaires-ont-un-role-plus-important","status":"publish","type":"post","link":"https:\/\/www.europesays.com\/fr\/246935\/","title":{"rendered":"\u201cD\u00e8s lors qu\u2019il y a une conflictualisation du monde, les militaires ont un r\u00f4le plus important\u201d"},"content":{"rendered":"<p>      <img fetchpriority=\"high\" decoding=\"async\" class=\"mx-auto\" src=\"data:image\/svg+xml,%3Csvg%20xmlns%3D%27http%3A%2F%2Fwww.w3.org%2F2000%2Fsvg%27%20fill%3D%22%23e4e4e4%22%20viewBox%3D%270%200%20510%20340%27%20width%3D%22510%22%20height%3D%22340%22%3E%3Cpath%20d%3D%27M0%200h510v340H0z%27%2F%3E%3C%2Fsvg%3E\"  loading=\"eager\" width=\"510\" height=\"340\" data-oncrawl-image-size=\"510x340\" alt=\"Emmanuel Macron assist\u00e9 du chef de son \u00e9tat-major particulier, le g\u00e9n\u00e9ral Fabien Mandon, lors d\u2019un conseil de\u00a0d\u00e9fense et de s\u00e9curit\u00e9 nationale consacr\u00e9 au Moyen-Orient, \u00e0 l\u2019Elys\u00e9e, le 22\u00a0juin.\"\/>      <\/p>\n<p class=\"latino-100m text-grey-800\">\n            Emmanuel Macron assist\u00e9 du chef de son \u00e9tat-major particulier, le g\u00e9n\u00e9ral Fabien Mandon, lors d\u2019un conseil de\u00a0d\u00e9fense et de s\u00e9curit\u00e9 nationale consacr\u00e9 au Moyen-Orient, \u00e0 l\u2019Elys\u00e9e, le 22\u00a0juin.\u00a0BENOIT TESSIER -POOL\/SIPA        <\/p>\n<p>    Lire\u00a0plus\u00a0tard  <\/p>\n<p><a aria-label=\"Nous suivre sur Google News\" href=\"https:\/\/news.google.com\/publications\/CAAqBwgKMJe4nQkw3dFs?hl=fr&amp;gl=FR&amp;ceid=FR%3Afr\" target=\"_blank\" data-piano=\"Page_Article,Sous_date_publi,Nous_suivre_sur_google_news,1er_clic,action\" class=\"btn btn--small btn--tertiary btn--icon-only\" rel=\"nofollow noopener\"><\/p>\n<p>      Google Actualit\u00e9s<br \/>\n  <\/a><\/p>\n<p>  Partager<\/p>\n<p>        Facebook<\/p>\n<p>        Bluesky<\/p>\n<p>        E-mail<\/p>\n<p>        Copier le lien<\/p>\n<p>      Envoyer<\/p>\n<p>      S\u2019abonner pour lire    <\/p>\n<p class=\"node__paragraphe antonia-750r text-grey-800 pb-24 pb-md-30\">\nApr\u00e8s celui-ci, il n\u2019en restera qu\u2019un. Un\u00a0dernier d\u00e9fil\u00e9 avant de quitter le pouvoir et de refermer les portes de l\u2019Elys\u00e9e. Ce\u00a014\u00a0juillet, Emmanuel Macron pr\u00e9sidera pour la\u00a0neuvi\u00e8me fois les c\u00e9r\u00e9monies militaires. De retour sur les Champs-Elys\u00e9es, <a href=\"https:\/\/www.nouvelobs.com\/politique\/20240714.OBS91122\/un-defile-du-14-juillet-particulier-entre-jo-et-crise-politique.html\" rel=\"nofollow noopener\" target=\"_blank\">d\u00e9laiss\u00e9s l\u2019an pass\u00e9<\/a> en raison des Jeux olympiques, le rituel a \u00e9t\u00e9 pr\u00e9par\u00e9 dans les moindres d\u00e9tails.<\/p>\n<p class=\"node__paragraphe antonia-750r text-grey-800 pb-8\">\nSoixante-trois avions et 33\u00a0h\u00e9licopt\u00e8res traverseront le ciel parisien, 5\u2009618\u00a0soldats, 247\u00a0v\u00e9hicules motoris\u00e9s et\u00a0200\u00a0chevaux de la garde r\u00e9publicaine d\u00e9fileront \u00e0\u00a0terre. Le pr\u00e9sident, lui, descendra comme toujours l\u2019avenue \u00e0 un train de\u00a0s\u00e9nateur \u00e0 bord d\u2019un v\u00e9hicule l\u00e9ger de reconnaissance et d\u2019appui (VLRA), dans lequel prendra place, derri\u00e8re lui, le g\u00e9n\u00e9ral Thierry Burkhard, chef d\u2019\u00e9tat-major des arm\u00e9es depuis 2021. Le passage en revue des tr\u2026<\/p>\n<p>  <img loading=\"lazy\" decoding=\"async\" class=\"floating-img\" src=\"https:\/\/www.europesays.com\/fr\/wp-content\/uploads\/2025\/07\/img-paywall@2x.png\" width=\"142\" height=\"91\" alt=\"\"\/><\/p>\n<p class=\"latino-100m text-blue-400\">Article r\u00e9serv\u00e9 aux abonn\u00e9s.<\/p>\n<p>          Se connecter<\/p>\n<p class=\"pb-16 text-center antonia-1850c\">Offre d\u2019\u00e9t\u00e9\u00a0:<br \/>1\u20ac\/mois pendant 6\u00a0mois<\/p>\n<p>\n        S&rsquo;abonner\n      <\/p>\n<p>          D\u00e9couvrir toutes nos offres<\/p>\n","protected":false},"excerpt":{"rendered":"Emmanuel Macron assist\u00e9 du chef de son \u00e9tat-major particulier, le g\u00e9n\u00e9ral Fabien Mandon, lors d\u2019un conseil de\u00a0d\u00e9fense et&hellip;\n","protected":false},"author":2,"featured_media":246936,"comment_status":"","ping_status":"","sticky":false,"template":"","format":"standard","meta":{"footnotes":""},"categories":[1590],"tags":[17,11,38729,4527,1073,1777,674,38728,38727,11514,13264,74,12,316,220],"class_list":{"0":"post-246935","1":"post","2":"type-post","3":"status-publish","4":"format-standard","5":"has-post-thumbnail","7":"category-ukraine","8":"tag-17","9":"tag-actualites","10":"tag-conflictualisation","11":"tag-elysee","12":"tag-emmanuel-macron","13":"tag-eu","14":"tag-europe","15":"tag-generaux","16":"tag-influents","17":"tag-macron","18":"tag-militaires","19":"tag-monde","20":"tag-news","21":"tag-politique","22":"tag-ukraine"},"share_on_mastodon":{"url":"https:\/\/pubeurope.com\/@fr\/114845425707496167","error":""},"_links":{"self":[{"href":"https:\/\/www.europesays.com\/fr\/wp-json\/wp\/v2\/posts\/246935","targetHints":{"allow":["GET"]}}],"collection":[{"href":"https:\/\/www.europesays.com\/fr\/wp-json\/wp\/v2\/posts"}],"about":[{"href":"https:\/\/www.europesays.com\/fr\/wp-json\/wp\/v2\/types\/post"}],"author":[{"embeddable":true,"href":"https:\/\/www.europesays.com\/fr\/wp-json\/wp\/v2\/users\/2"}],"replies":[{"embeddable":true,"href":"https:\/\/www.europesays.com\/fr\/wp-json\/wp\/v2\/comments?post=246935"}],"version-history":[{"count":0,"href":"https:\/\/www.europesays.com\/fr\/wp-json\/wp\/v2\/posts\/246935\/revisions"}],"wp:featuredmedia":[{"embeddable":true,"href":"https:\/\/www.europesays.com\/fr\/wp-json\/wp\/v2\/media\/246936"}],"wp:attachment":[{"href":"https:\/\/www.europesays.com\/fr\/wp-json\/wp\/v2\/media?parent=246935"}],"wp:term":[{"taxonomy":"category","embeddable":true,"href":"https:\/\/www.europesays.com\/fr\/wp-json\/wp\/v2\/categories?post=246935"},{"taxonomy":"post_tag","embeddable":true,"href":"https:\/\/www.europesays.com\/fr\/wp-json\/wp\/v2\/tags?post=246935"}],"curies":[{"name":"wp","href":"https:\/\/api.w.org\/{rel}","templated":true}]}}