{"id":246937,"date":"2025-07-13T10:21:10","date_gmt":"2025-07-13T10:21:10","guid":{"rendered":"https:\/\/www.europesays.com\/fr\/246937\/"},"modified":"2025-07-13T10:21:10","modified_gmt":"2025-07-13T10:21:10","slug":"trump-annonce-des-droits-de-douane-de-30-pour-lue","status":"publish","type":"post","link":"https:\/\/www.europesays.com\/fr\/246937\/","title":{"rendered":"Trump annonce des droits de douane de 30% pour l&rsquo;UE"},"content":{"rendered":"<p><strong>Le pr\u00e9sident am\u00e9ricain maintient sa pression commerciale malgr\u00e9 les n\u00e9gociations en cours. R\u00e9ponse timide de la France et de l\u2019Union europ\u00e9enne. Le pr\u00e9sident de la r\u00e9gion Grand Est, Franck Leroy, exprime son inqui\u00e9tude pour l\u2019\u00e9conomie r\u00e9gionale.<\/strong><\/p>\n<p><img loading=\"lazy\" decoding=\"async\" class=\"size-full wp-image-80481\" src=\"https:\/\/www.europesays.com\/fr\/wp-content\/uploads\/2025\/07\/UE-vis-USA-Unlimphotos.jpg\" alt=\"UE vs USA (Unlimphotos)\" width=\"1200\" height=\"800\"  \/>UE vs USA (Unlimphotos)<\/p>\n<p>Donald Trump a confirm\u00e9 samedi l\u2019imposition de droits de douane de 30% sur les importations en provenance de l\u2019Union europ\u00e9enne et du Mexique, qui entreront en vigueur le 1\u1d49\u02b3 ao\u00fbt. Cette d\u00e9cision, annonc\u00e9e via sa plateforme Truth Social, intervient apr\u00e8s plusieurs reports successifs de ces mesures protectionnistes.<\/p>\n<p>Une escalade tarifaire progressive<\/p>\n<p>Le pr\u00e9sident am\u00e9ricain justifie cette mesure par la n\u00e9cessit\u00e9 de \u00ab\u00a0corriger\u00a0\u00bb les d\u00e9s\u00e9quilibres commerciaux avec l\u2019UE, qu\u2019il consid\u00e8re comme une menace pour l\u2019\u00e9conomie et la s\u00e9curit\u00e9 nationale am\u00e9ricaines. Ces tarifs repr\u00e9sentent une hausse significative par rapport aux 25% initialement pr\u00e9vus pour le Mexique.<\/p>\n<p>Cette annonce s\u2019inscrit dans un plan plus large de \u00ab\u00a0droits de douane r\u00e9ciproques\u00a0\u00bb r\u00e9v\u00e9l\u00e9 en avril, comprenant un tarif plancher de 10% et des surtaxes cibl\u00e9es pouvant atteindre 104% selon les pays. Ces mesures avaient \u00e9t\u00e9 temporairement suspendues en raison de leur impact sur les march\u00e9s financiers.<\/p>\n<p>R\u00e9actions de la France et de l\u2019Europe<\/p>\n<p>Emmanuel Macron a exprim\u00e9 \u00ab sa vive d\u00e9sapprobation \u00bb apr\u00e8s l\u2019annonce de Trump et appelle l\u2019Union europ\u00e9enne \u00e0 se d\u00e9fendre. Il demande \u00e0 l\u2019UE \u00ab d\u2019acc\u00e9l\u00e9rer la pr\u00e9paration de contre-mesures cr\u00e9dibles \u00bb. Lesquelles ? On ne sait pas.<br \/>Ursula von der Leyen, pr\u00e9sidente de la Commission europ\u00e9enne, a critiqu\u00e9 cette d\u00e9cision de Donald Trump, estimant qu\u2019elle \u00ab\u00a0perturbera les cha\u00eenes d\u2019approvisionnement transatlantiques essentielles\u00a0\u00bb. L\u2019UE menace timidement de riposter avec des \u00ab\u00a0contre-mesures proportionn\u00e9es\u00a0\u00bb et avait d\u00e9j\u00e0 envisag\u00e9 en mai de taxer 95 milliards d\u2019euros d\u2019importations am\u00e9ricaines.<\/p>\n<p>Malgr\u00e9 cette escalade, Bruxelles maintient sa pr\u00e9f\u00e9rence pour une solution n\u00e9goci\u00e9e, bien qu\u2019aucune nouvelle r\u00e9union ne soit programm\u00e9e entre n\u00e9gociateurs am\u00e9ricains et europ\u00e9ens avant l\u2019\u00e9ch\u00e9ance du 1er ao\u00fbt.<\/p>\n<p>Un dispositif \u00e9largi<\/p>\n<p>Au-del\u00e0 de l\u2019UE et du Mexique, l\u2019administration Trump a pr\u00e9cis\u00e9 les taux applicables \u00e0 une vingtaine de partenaires commerciaux, allant de 20% \u00e0 40%, avec une exception notable pour le Br\u00e9sil (50%). Le Canada se voit imposer des droits de douane de 35%. Au total, une soixantaine de pays pourraient subir des surtaxes sup\u00e9rieures au tarif plancher de 10%.<\/p>\n<p>Cette politique commerciale agressive marque un tournant dans les relations \u00e9conomiques internationales des \u00c9tats-Unis, avec des r\u00e9percussions potentielles majeures sur les \u00e9changes mondiaux.<\/p>\n<p>La r\u00e9gion Grand Est particuli\u00e8rement expos\u00e9e<\/p>\n<p><strong>Le pr\u00e9sident Franck Leroy exprime sa \u00ab vive inqui\u00e9tude face \u00e0 cette d\u00e9cision arbitraire et brutale qui ne fera, au final, que des perdants \u00bb.<\/strong><\/p>\n<p><img loading=\"lazy\" decoding=\"async\" class=\"wp-image-64170 size-medium\" src=\"https:\/\/www.europesays.com\/fr\/wp-content\/uploads\/2025\/07\/franck-leroy-president-capture-site-du-CR-300x203.jpg\" alt=\"Franck Leroy (LR) pr\u00e9sident du Conseil r\u00e9gional Grand Est (capture site du Conseil r\u00e9gional)\" width=\"300\" height=\"203\"  \/>Franck Leroy (LR) pr\u00e9sident du Conseil r\u00e9gional Grand Est (capture site du Conseil r\u00e9gional)<\/p>\n<p>Dans un communiqu\u00e9, le pr\u00e9sident de la R\u00e9gion Grand Est souligne que \u00ab Notre R\u00e9gion, fortement exportatrice et terre d\u2019accueil privil\u00e9gi\u00e9e des investissements \u00e9trangers, est en premi\u00e8re ligne. Elle est une des rares r\u00e9gions \u00e0 pr\u00e9senter un solde commercial positif : viticulture, agriculture, pharmacie, industrie agroalimentaire\u2026 des milliers d\u2019emplois, de savoir-faire et d\u2019exportations sont aujourd\u2019hui menac\u00e9s par ce coup de massue protectionniste. Tous risquent de payer au prix fort un bras de fer commercial qui n\u2019est pas le leur. \u00bb<br \/>Il ajoute : \u00ab Notre r\u00e9ponse doit \u00eatre collective, concert\u00e9e, et r\u00e9solue. L\u2019union fait la force. J\u2019en appelle \u00e0 une r\u00e9action ferme de la Commission europ\u00e9enne et \u00e0 la mise en place imm\u00e9diate d\u2019un plan de soutien pour nos fili\u00e8res. L\u2019Europe ne peut pas rester spectatrice.<\/p>\n<p>Quelques chiffres cl\u00e9s<\/p>\n<p>Chaque ann\u00e9e, ce sont plus de 5,3 milliards d\u2019euros de biens sont export\u00e9s vers les \u00c9tats-Unis depuis le Grand Est. Plusieurs fili\u00e8res strat\u00e9giques sont directement expos\u00e9es dans le Grand Est :<\/p>\n<ul>\n<li>L\u2019industrie pharmaceutique, en particulier le site de Lilly \u00e0 Fegersheim (Bas-Rhin), dont la quasi-totalit\u00e9 de la production (plus de 1,5 milliard d\u2019euros) est destin\u00e9e au march\u00e9 am\u00e9ricain ;<\/li>\n<li>L\u2019automobile, notamment en Moselle, avec plus de 500 millions d\u2019euros d\u2019exportations vers les \u00c9tats-Unis.<\/li>\n<\/ul>\n<p><strong>Les \u00c9tats-Unis sont un partenaire commercial essentiel de la fili\u00e8re viticole :<\/strong><\/p>\n<ul>\n<li>1\u1d49\u02b3 march\u00e9 d\u2019export du Champagne en volume et en valeur ;<\/li>\n<li>3\u1d49 march\u00e9 d\u2019export (apr\u00e8s l\u2019Allemagne et la Belgique) pour les vins d\u2019Alsace ;<\/li>\n<li>En 2024, pr\u00e8s de 30 millions de bouteilles exp\u00e9di\u00e9es vers les Etats-Unis, avec un march\u00e9 en hausse dans les derni\u00e8res ann\u00e9es.<strong>\u00a0Les vignobles du Grand Est repr\u00e9sentent \u00e0 eux seuls 45 000 emplois directs et 171 000 saisonniers.<\/strong><\/li>\n<\/ul>\n<blockquote class=\"wp-embedded-content\" data-secret=\"Odk65zshl7\">\n<p><a href=\"https:\/\/infodujour.fr\/business\/des-marches\/80477-trump-menace-lue-de-droits-de-douane-a-50-des-le-1er-juin\" target=\"_blank\" rel=\"noopener\">Trump menace l\u2019UE de droits de douane \u00e0 50% d\u00e8s le 1er juin<\/a><\/p>\n<\/blockquote>\n<blockquote class=\"wp-embedded-content\" data-secret=\"D8aclIyb8M\">\n<p><a href=\"https:\/\/infodujour.fr\/business\/80218-la-chine-face-a-loffensive-douaniere-americaine-un-plan-de-riposte-silencieux-mais-redoutable\" target=\"_blank\" rel=\"noopener\">Droits de douane : La Chine pr\u00e9pare un plan de riposte silencieux mais redoutable<\/a><\/p>\n<\/blockquote>\n","protected":false},"excerpt":{"rendered":"Le pr\u00e9sident am\u00e9ricain maintient sa pression commerciale malgr\u00e9 les n\u00e9gociations en cours. R\u00e9ponse timide de la France et&hellip;\n","protected":false},"author":2,"featured_media":246938,"comment_status":"","ping_status":"","sticky":false,"template":"","format":"standard","meta":{"footnotes":""},"categories":[1589],"tags":[328,11,75,2388,73,1866,12,364,1864,1865,1863,308],"class_list":{"0":"post-246937","1":"post","2":"type-post","3":"status-publish","4":"format-standard","5":"has-post-thumbnail","7":"category-etats-unis","8":"tag-a-la-une","9":"tag-actualites","10":"tag-donald-trump","11":"tag-droits-de-douane","12":"tag-etats-unis","13":"tag-etats-unis-damerique","14":"tag-news","15":"tag-union-europeenne","16":"tag-united-states","17":"tag-united-states-of-america","18":"tag-us","19":"tag-usa"},"share_on_mastodon":{"url":"https:\/\/pubeurope.com\/@fr\/114845429557810223","error":""},"_links":{"self":[{"href":"https:\/\/www.europesays.com\/fr\/wp-json\/wp\/v2\/posts\/246937","targetHints":{"allow":["GET"]}}],"collection":[{"href":"https:\/\/www.europesays.com\/fr\/wp-json\/wp\/v2\/posts"}],"about":[{"href":"https:\/\/www.europesays.com\/fr\/wp-json\/wp\/v2\/types\/post"}],"author":[{"embeddable":true,"href":"https:\/\/www.europesays.com\/fr\/wp-json\/wp\/v2\/users\/2"}],"replies":[{"embeddable":true,"href":"https:\/\/www.europesays.com\/fr\/wp-json\/wp\/v2\/comments?post=246937"}],"version-history":[{"count":0,"href":"https:\/\/www.europesays.com\/fr\/wp-json\/wp\/v2\/posts\/246937\/revisions"}],"wp:featuredmedia":[{"embeddable":true,"href":"https:\/\/www.europesays.com\/fr\/wp-json\/wp\/v2\/media\/246938"}],"wp:attachment":[{"href":"https:\/\/www.europesays.com\/fr\/wp-json\/wp\/v2\/media?parent=246937"}],"wp:term":[{"taxonomy":"category","embeddable":true,"href":"https:\/\/www.europesays.com\/fr\/wp-json\/wp\/v2\/categories?post=246937"},{"taxonomy":"post_tag","embeddable":true,"href":"https:\/\/www.europesays.com\/fr\/wp-json\/wp\/v2\/tags?post=246937"}],"curies":[{"name":"wp","href":"https:\/\/api.w.org\/{rel}","templated":true}]}}