{"id":246940,"date":"2025-07-13T10:23:13","date_gmt":"2025-07-13T10:23:13","guid":{"rendered":"https:\/\/www.europesays.com\/fr\/246940\/"},"modified":"2025-07-13T10:23:13","modified_gmt":"2025-07-13T10:23:13","slug":"motogp-marc-marquez-en-passe-de-reiterer-une-performance-vieille-de-six-ans-au-gp-dallemagne","status":"publish","type":"post","link":"https:\/\/www.europesays.com\/fr\/246940\/","title":{"rendered":"MotoGP &#8211; Marc M\u00e1rquez en passe de r\u00e9it\u00e9rer une performance vieille de six ans au GP d\u2019Allemagne ?"},"content":{"rendered":"<p>Sous la pluie allemande, Marc M\u00e1rquez a clairement domin\u00e9 les d\u00e9bats en qualifications. Bien que Johann Zarco ait menac\u00e9 l\u2019h\u00e9g\u00e9monie de l\u2019Ib\u00e8re jusque dans les derniers instants, la ma\u00eetrise de celui-ci a notamment \u00e9t\u00e9 d\u00e9montr\u00e9e en course sprint, une fois encore. Malgr\u00e9 un d\u00e9part compliqu\u00e9 par un virage n\u00e9goci\u00e9 trop au large par le leader, ce dernier est parvenu \u00e0 remonter progressivement le peloton, jusqu\u2019\u00e0 prendre le meilleur sur Marco Bezzechi dans les derniers instants.<\/p>\n<p>Poleman puis vainqueur de la course sprint, Marc M\u00e1rquez aimerait naturellement parachever ce nouveau tr\u00e8s bon week-end par une seconde victoire cons\u00e9cutive sur le Sachsenring. Pourtant, le doubl\u00e9 pole position, victoire le dimanche, n\u2019est pas chose ais\u00e9e sur ce trac\u00e9 au regard des r\u00e9centes statistiques. En effet, la derni\u00e8re fois qu\u2019un pilote y est parvenu, ce n\u2019\u00e9tait autre que\u2026 Marc M\u00e1rquez lui-m\u00eame, en 2019.<\/p>\n<p>Vainqueurs \u00e9clectiques au GP d\u2019Allemagne<\/p>\n<p>L\u2019an pass\u00e9, l\u2019\u00e9preuve avait \u00e9t\u00e9 remport\u00e9 par Francesco Bagnaia, co\u00e9quipier malheureux de Marc M\u00e1rquez cette ann\u00e9e. En grande difficult\u00e9 hier, l\u2019Italien va en effet vivre un nouveau Grand Prix difficile en partant depuis le fond de la grille. En l\u2019occurrence, il n\u2019\u00e9tait pas non plus poleman en 2024 en d\u00e9pit de sa victoire, car Jorge Mart\u00edn s\u2019en \u00e9tait empar\u00e9. En 2023, les r\u00f4les s\u2019\u00e9taient invers\u00e9s avec un Mart\u00edn vainqueur, bien que Bagnaia soit parti en pole.<\/p>\n<p>Les ann\u00e9es pr\u00e9c\u00e9dentes se sont \u00e9galement d\u00e9roul\u00e9es sur un sch\u00e9ma similaire. En 2022, Francesco Bagnaia, alors champion du monde cette ann\u00e9e-l\u00e0, d\u00e9marrait le Grand Prix aux avant-postes, mais c\u2019est bien <a href=\"https:\/\/www.autohebdo.fr\/actualites\/tag\/fabio-quartararo\" data-internallinksmanager029f6b8e52c=\"15\" title=\"Fabio Quartararo\" rel=\"nofollow noopener\" target=\"_blank\">Fabio Quartararo<\/a> qui l\u2019avait emport\u00e9 sur ce trac\u00e9. Enfin, en 2021, le sc\u00e9nario avait des allures de ce qu\u2019il s\u2019est pass\u00e9 jusqu\u2019alors ce week-end.<\/p>\n<p>Johann Zarco \u00e9tait parvenu \u00e0 se hisser en pole position du Grand Prix, mais Marc M\u00e1rquez \u00e9tait mont\u00e9 sur la plus haute marche du podium \u00e0 l\u2019issue du week-end. Bien que cette fois, le Fran\u00e7ais ne soit pas le mieux plac\u00e9 sur la grille, il esp\u00e8re faire perdurer la tendance ne voyant pas le poleman s\u2019imposer. En mal de rythme \u00e0 cause de son choix de pneumatique \u2013 medium en l\u2019occurrence \u2013 il ne verra cette fois aucun autre pilote tirer profit d\u2019un choix diff\u00e9rent du siens en Grand Prix. De quoi esp\u00e9rer un meilleur d\u00e9part, et un meilleur r\u00e9sultat\u00a0?<\/p>\n<p><strong>\u00c0 LIRE AUSSI &gt; <a href=\"https:\/\/www.autohebdo.fr\/actualites\/motogp\/grand-prix-d-allemagne-de-motogp-le-programme-complet-de-dimanche.html\" target=\"_blank\" rel=\"noopener nofollow\">Grand Prix d\u2019Allemagne 2025 \u2013 Le programme complet de dimanche au Sachsenring<\/a><\/strong><\/p>\n","protected":false},"excerpt":{"rendered":"Sous la pluie allemande, Marc M\u00e1rquez a clairement domin\u00e9 les d\u00e9bats en qualifications. Bien que Johann Zarco ait&hellip;\n","protected":false},"author":2,"featured_media":246941,"comment_status":"","ping_status":"","sticky":false,"template":"","format":"standard","meta":{"footnotes":""},"categories":[1587],"tags":[11,672,1804,1805,1803,1777,674,1801,12,1802],"class_list":{"0":"post-246940","1":"post","2":"type-post","3":"status-publish","4":"format-standard","5":"has-post-thumbnail","7":"category-allemagne","8":"tag-actualites","9":"tag-allemagne","10":"tag-bundesrepublik-deutschland","11":"tag-de","12":"tag-deutschland","13":"tag-eu","14":"tag-europe","15":"tag-germany","16":"tag-news","17":"tag-republique-federale-dallemagne"},"share_on_mastodon":{"url":"https:\/\/pubeurope.com\/@fr\/114845437350725906","error":""},"_links":{"self":[{"href":"https:\/\/www.europesays.com\/fr\/wp-json\/wp\/v2\/posts\/246940","targetHints":{"allow":["GET"]}}],"collection":[{"href":"https:\/\/www.europesays.com\/fr\/wp-json\/wp\/v2\/posts"}],"about":[{"href":"https:\/\/www.europesays.com\/fr\/wp-json\/wp\/v2\/types\/post"}],"author":[{"embeddable":true,"href":"https:\/\/www.europesays.com\/fr\/wp-json\/wp\/v2\/users\/2"}],"replies":[{"embeddable":true,"href":"https:\/\/www.europesays.com\/fr\/wp-json\/wp\/v2\/comments?post=246940"}],"version-history":[{"count":0,"href":"https:\/\/www.europesays.com\/fr\/wp-json\/wp\/v2\/posts\/246940\/revisions"}],"wp:featuredmedia":[{"embeddable":true,"href":"https:\/\/www.europesays.com\/fr\/wp-json\/wp\/v2\/media\/246941"}],"wp:attachment":[{"href":"https:\/\/www.europesays.com\/fr\/wp-json\/wp\/v2\/media?parent=246940"}],"wp:term":[{"taxonomy":"category","embeddable":true,"href":"https:\/\/www.europesays.com\/fr\/wp-json\/wp\/v2\/categories?post=246940"},{"taxonomy":"post_tag","embeddable":true,"href":"https:\/\/www.europesays.com\/fr\/wp-json\/wp\/v2\/tags?post=246940"}],"curies":[{"name":"wp","href":"https:\/\/api.w.org\/{rel}","templated":true}]}}