{"id":246948,"date":"2025-07-13T10:27:10","date_gmt":"2025-07-13T10:27:10","guid":{"rendered":"https:\/\/www.europesays.com\/fr\/246948\/"},"modified":"2025-07-13T10:27:10","modified_gmt":"2025-07-13T10:27:10","slug":"un-suspect-en-recidive-poursuivi-pour-meurtre","status":"publish","type":"post","link":"https:\/\/www.europesays.com\/fr\/246948\/","title":{"rendered":"Un suspect, en r\u00e9cidive, poursuivi pour meurtre"},"content":{"rendered":"<p>Ce dimanche, le parquet de <a href=\"https:\/\/www.20minutes.fr\/societe\/clermont-ferrand\/\" class=\"color-ultramarine c-link\" target=\"_blank\" rel=\"noopener\">Clermont-Ferrand<\/a> a fait savoir qu\u2019un homme soup\u00e7onn\u00e9 d\u2019avoir <a href=\"https:\/\/www.20minutes.fr\/faits_divers\/4163368-20250712-clermont-ferrand-deux-militaires-retrouves-poignardes-pres-boite-nuit\" class=\"color-ultramarine c-link\" target=\"_blank\" rel=\"noopener\">poignard\u00e9 mortellement<\/a> le caporal-chef K\u00e9vin Amodru &#8211; qui \u00e9tait hors-service &#8211; et bless\u00e9 son coll\u00e8gue lors d\u2019une rixe vendredi dans la capitale auvergnate a \u00e9t\u00e9 samedi mis en examen pour meurtre et tentative de meurtre puis \u00e9crou\u00e9.<\/p>\n<p>Ag\u00e9 d\u2019une vingtaine d\u2019ann\u00e9es, <a href=\"https:\/\/www.20minutes.fr\/faits_divers\/4163410-20250712-clermont-ferrand-deux-interpellations-apres-rixe-mort-militaire\" class=\"color-ultramarine c-link\" target=\"_blank\" rel=\"noopener\">cet individu avait \u00e9t\u00e9 interpell\u00e9 peu apr\u00e8s<\/a> les faits avec un autre homme du m\u00eame \u00e2ge qui a \u00e9t\u00e9 mis en examen pour \u00ab\u00a0violences aggrav\u00e9es\u00a0\u00bb avant d\u2019\u00eatre plac\u00e9 en d\u00e9tention provisoire.<\/p>\n<p>Il encourt la r\u00e9clusion criminelle \u00e0 perp\u00e9tuit\u00e9<\/p>\n<p>D\u00e9j\u00e0 condamn\u00e9 en\u00a02021 \u00e0 Moulins (<a href=\"https:\/\/www.20minutes.fr\/dossier\/allier\" class=\"color-ultramarine c-link\" target=\"_blank\" rel=\"noopener\">Allier<\/a>), alors qu\u2019il \u00e9tait mineur, pour \u00ab\u00a0violences en r\u00e9union ayant entra\u00een\u00e9 la mort sans intention de la donner\u00a0\u00bb, l\u2019homme soup\u00e7onn\u00e9 d\u2019avoir port\u00e9 les coups de couteau encourt la r\u00e9clusion criminelle \u00e0 perp\u00e9tuit\u00e9 \u00ab\u00a0du fait de sa r\u00e9cidive\u00a0\u00bb, a pr\u00e9cis\u00e9 le parquet.<\/p>\n<p>La rixe sur fond d\u2019alcool s\u2019\u00e9tait d\u00e9roul\u00e9e dans la nuit de jeudi \u00e0 vendredi \u00e0 la sortie d\u2019une discoth\u00e8que avant de \u00ab\u00a0d\u00e9g\u00e9n\u00e9rer\u00a0\u00bb.<\/p>\n<p><a href=\"https:\/\/www.20minutes.fr\/societe\/clermont-ferrand\/\" class=\"c-link c-btn c-btn--primary\" target=\"_blank\" rel=\"noopener\">Nos articles sur Clermont-Ferrand<\/a><\/p>\n<p>Les victimes, touch\u00e9es au ventre, avaient \u00e9t\u00e9 aussit\u00f4t prises en charge avec un pronostic vital engag\u00e9 pour le militaire de 27 ans, K\u00e9vin Amodru, qui appartenait au 92e r\u00e9giment d\u2019infanterie de Clermont-Ferrand, d\u00e9c\u00e9d\u00e9 vendredi soir des suites de ses blessures. Son coll\u00e8gue, \u00e2g\u00e9 de 23 ans, est toujours hospitalis\u00e9 mais ses jours ne sont pas en danger.<\/p>\n","protected":false},"excerpt":{"rendered":"Ce dimanche, le parquet de Clermont-Ferrand a fait savoir qu\u2019un homme soup\u00e7onn\u00e9 d\u2019avoir poignard\u00e9 mortellement le caporal-chef K\u00e9vin&hellip;\n","protected":false},"author":2,"featured_media":246949,"comment_status":"","ping_status":"","sticky":false,"template":"","format":"standard","meta":{"footnotes":""},"categories":[2],"tags":[47,11,6733,2430,9050,118,1011,27,3579,12,38353,25],"class_list":{"0":"post-246948","1":"post","2":"type-post","3":"status-publish","4":"format-standard","5":"has-post-thumbnail","7":"category-actualites","8":"tag-actualite","9":"tag-actualites","10":"tag-auvergne","11":"tag-auvergne-rhone-alpes","12":"tag-clermont-ferrand","13":"tag-faits-divers","14":"tag-fr","15":"tag-france","16":"tag-militaire","17":"tag-news","18":"tag-puy-de-dome","19":"tag-republique-francaise"},"share_on_mastodon":{"url":"https:\/\/pubeurope.com\/@fr\/114845453125771496","error":""},"_links":{"self":[{"href":"https:\/\/www.europesays.com\/fr\/wp-json\/wp\/v2\/posts\/246948","targetHints":{"allow":["GET"]}}],"collection":[{"href":"https:\/\/www.europesays.com\/fr\/wp-json\/wp\/v2\/posts"}],"about":[{"href":"https:\/\/www.europesays.com\/fr\/wp-json\/wp\/v2\/types\/post"}],"author":[{"embeddable":true,"href":"https:\/\/www.europesays.com\/fr\/wp-json\/wp\/v2\/users\/2"}],"replies":[{"embeddable":true,"href":"https:\/\/www.europesays.com\/fr\/wp-json\/wp\/v2\/comments?post=246948"}],"version-history":[{"count":0,"href":"https:\/\/www.europesays.com\/fr\/wp-json\/wp\/v2\/posts\/246948\/revisions"}],"wp:featuredmedia":[{"embeddable":true,"href":"https:\/\/www.europesays.com\/fr\/wp-json\/wp\/v2\/media\/246949"}],"wp:attachment":[{"href":"https:\/\/www.europesays.com\/fr\/wp-json\/wp\/v2\/media?parent=246948"}],"wp:term":[{"taxonomy":"category","embeddable":true,"href":"https:\/\/www.europesays.com\/fr\/wp-json\/wp\/v2\/categories?post=246948"},{"taxonomy":"post_tag","embeddable":true,"href":"https:\/\/www.europesays.com\/fr\/wp-json\/wp\/v2\/tags?post=246948"}],"curies":[{"name":"wp","href":"https:\/\/api.w.org\/{rel}","templated":true}]}}