{"id":24695,"date":"2025-04-14T16:39:10","date_gmt":"2025-04-14T16:39:10","guid":{"rendered":"https:\/\/www.europesays.com\/fr\/24695\/"},"modified":"2025-04-14T16:39:10","modified_gmt":"2025-04-14T16:39:10","slug":"son-fils-aine-si-discret-dont-le-pere-est-une-figure-du-cinema-fait-son-apparition-a-paris","status":"publish","type":"post","link":"https:\/\/www.europesays.com\/fr\/24695\/","title":{"rendered":"Son fils a\u00een\u00e9 si discret, dont le p\u00e8re est une figure du cin\u00e9ma, fait son apparition \u00e0 Paris"},"content":{"rendered":"<p>C&rsquo;\u00e9tait l&rsquo;\u00e9v\u00e9nement, le 11 avril 2025, \u00e0 l&rsquo;UGC Bercy, \u00e0 Paris : le cin\u00e9ma accueillait en effet la soir\u00e9e d&rsquo;ouverture du Festival international des jeunes acteurs et actrices. De nombreux talents du cin\u00e9ma fran\u00e7ais ont particip\u00e9 \u00e0 l&rsquo;\u00e9v\u00e9nement : Zo\u00e9 Adjani, Th\u00e9o Fernandez ou Rod Paradot ont notamment r\u00e9pondu pr\u00e9sents. Mais parmi ces jeunes gens \u00e0 l&rsquo;avenir prometteur, il y avait un jeune homme discret : Vincent, le fils de Sophie Marceau et d&rsquo;un cin\u00e9aste c\u00e9l\u00e8bre, qui a connu son heure de gloire dans les ann\u00e9es 1980 et 1990&#8230;<\/p>\n<p><a href=\"https:\/\/www.purepeople.com\/people\/alain-delon_p38\" rel=\"nofollow noopener\" target=\"_blank\" data-ylk=\"slk:Alain Delon;elm:context_link;itc:0;sec:content-canvas\" class=\"link \">Alain Delon<\/a> et <a href=\"https:\/\/www.purepeople.com\/people\/romy-schneider_p93\" rel=\"nofollow noopener\" target=\"_blank\" data-ylk=\"slk:Romy Schneider;elm:context_link;itc:0;sec:content-canvas\" class=\"link \">Romy Schneider<\/a>, <a href=\"https:\/\/www.purepeople.com\/people\/monica-bellucci_p347\" rel=\"nofollow noopener\" target=\"_blank\" data-ylk=\"slk:Monica Bellucci;elm:context_link;itc:0;sec:content-canvas\" class=\"link \">Monica Bellucci<\/a> et <a href=\"https:\/\/www.purepeople.com\/people\/vincent-cassel_p87\" rel=\"nofollow noopener\" target=\"_blank\" data-ylk=\"slk:Vincent Cassel;elm:context_link;itc:0;sec:content-canvas\" class=\"link \">Vincent Cassel<\/a>, <a href=\"https:\/\/www.purepeople.com\/people\/marion-cotillard_p258\" rel=\"nofollow noopener\" target=\"_blank\" data-ylk=\"slk:Marion Cotillard;elm:context_link;itc:0;sec:content-canvas\" class=\"link \">Marion Cotillard<\/a> et <a href=\"https:\/\/www.purepeople.com\/people\/guillaume-canet_p257\" rel=\"nofollow noopener\" target=\"_blank\" data-ylk=\"slk:Guillaume Canet;elm:context_link;itc:0;sec:content-canvas\" class=\"link \">Guillaume Canet<\/a>&#8230; <strong>L&rsquo;histoire du cin\u00e9ma fran\u00e7ais regorge de couples mythiques<\/strong>, qui ont autant captiv\u00e9 les spectateurs que les m\u00e9dias et les photographes. Mais on se souvient un peu moins de <strong>l&rsquo;idylle entre <\/strong><a href=\"https:\/\/www.purepeople.com\/people\/sophie-marceau_p52\" rel=\"nofollow noopener\" target=\"_blank\" data-ylk=\"slk:Sophie Marceau;elm:context_link;itc:0;sec:content-canvas\" class=\"link \"><strong>Sophie Marceau<\/strong><\/a><strong> et <\/strong><a href=\"https:\/\/fr.news.yahoo.com\/sophie-marceau-couple-andrzej-u-175000987.html\" data-ylk=\"slk:le r\u00e9alisateur polonais Andrzej Zulawski;elm:context_link;itc:0;sec:content-canvas;outcm:mb_qualified_link;_E:mb_qualified_link;ct:story;\" class=\"link  yahoo-link\" target=\"_blank\" rel=\"noopener\"><strong>le r\u00e9alisateur polonais Andrzej Zulawski<\/strong><\/a>, qui a pourtant dur\u00e9 dix-sept ans\u00a0: la com\u00e9dienne, star de La Boum et du Monde ne suffit pas, est tomb\u00e9e sous le charme du cin\u00e9aste, de vingt-six ans son a\u00een\u00e9, alors qu&rsquo;elle n&rsquo;avait que 17 ans, en 1984. Ils tourneront ensemble quatre films, Andrzej Zulawski faisant de <strong>la chouchou des Fran\u00e7ai<\/strong>s sa muse (L&rsquo;Amour braque, Mes nuits sont plus belles que vos jours, La Note bleue et La Fid\u00e9lit\u00e9). <strong>Mais Sophie Marceau et <\/strong><a href=\"https:\/\/www.purepeople.com\/article\/sophie-marceau-en-larmes-avec-son-fils-vincent-aux-obseques-d-andrzej-zulawski_a172811\/1\" rel=\"nofollow noopener\" target=\"_blank\" data-ylk=\"slk:Andrzej Zulawski;elm:context_link;itc:0;sec:content-canvas\" class=\"link \"><strong>Andrzej Zulawski<\/strong><\/a><strong> auront aussi un enfant, ensemble\u00a0: <\/strong><a href=\"https:\/\/fr.style.yahoo.com\/sophie-marceau-andrzej-zu-awski-144200322.html\" data-ylk=\"slk:Vincent Zulawski;elm:context_link;itc:0;sec:content-canvas;outcm:mb_qualified_link;_E:mb_qualified_link;ct:story;\" class=\"link  yahoo-link\" target=\"_blank\" rel=\"noopener\"><strong>Vincent Zulawski<\/strong><\/a><strong>, qui f\u00eatera ses 30 ans le 24 juillet 2025.<\/strong><\/p>\n<p>Si le jeune homme est plut\u00f4t discret, son apparition en public, le vendredi 11 avril 2025, n&rsquo;est pas pass\u00e9e inaper\u00e7ue\u00a0: <strong>Vincent Zulawski a en effet particip\u00e9 \u00e0 la 2\u00e8me \u00e9dition du <\/strong><a href=\"https:\/\/fija-festival.com\/\" rel=\"nofollow noopener\" target=\"_blank\" data-ylk=\"slk:Festival international des jeunes acteurs et actrices;elm:context_link;itc:0;sec:content-canvas\" class=\"link \"><strong>Festival international des jeunes acteurs et actrices<\/strong><\/a> (Fija), qui s&rsquo;est d\u00e9roul\u00e9e au cin\u00e9ma UGC Bercy, \u00e0 Paris. Cet \u00e9v\u00e9nement met en avant, depuis l&rsquo;ann\u00e9e derni\u00e8re, des films o\u00f9 le r\u00f4le principal est interpr\u00e9t\u00e9 par des com\u00e9diens de moins de 27 ans. Vincent Zulawski faisait partie du jury, cette ann\u00e9e. Et le bient\u00f4t trentenaire n&rsquo;\u00e9tait pas l\u00e0 comme \u00ab\u00a0fils de\u00a0\u00bb\u00a0! Loin de l\u00e0. En effet, Vincent Zulawski est un artiste aux multiples facettes\u00a0: le jeune homme est com\u00e9dien, il a \u00e9crit et r\u00e9alis\u00e9 un court-m\u00e9trage, La Revanche, et a m\u00eame publi\u00e9 plusieurs recueils de po\u00e8mes. Il ne fait aucun doute que <strong>le fils de Sophie Marceau et de Andrzej Zulawski a h\u00e9rit\u00e9 du talent et de la passion de ses prestigieux parents<\/strong> !<\/p>\n<p>Mais <strong>Vincent Zulawski n&rsquo;\u00e9tait pas le seul proche d&rsquo;une star du cin\u00e9ma fran\u00e7ais \u00e0 participer \u00e0 l&rsquo;\u00e9v\u00e9nement<\/strong>\u00a0! En effet, l&rsquo;UGC Bercy a \u00e9galement accueilli, ce jour-l\u00e0, <strong>Zo\u00e9 Adjani<\/strong>\u00a0! La jeune femme est en effet la ni\u00e8ce d&rsquo;<a href=\"https:\/\/www.purepeople.com\/people\/isabelle-adjani_p236\" rel=\"nofollow noopener\" target=\"_blank\" data-ylk=\"slk:Isabelle Adjani;elm:context_link;itc:0;sec:content-canvas\" class=\"link \">Isabelle Adjani<\/a>, l&rsquo;autre star du cin\u00e9ma fran\u00e7ais. On l&rsquo;a d\u00e9couverte dans le film Cerise en 2015, o\u00f9 elle incarne une adolescente un peu perdu, envoy\u00e9e en Ukraine, chez son p\u00e8re, par sa m\u00e8re. La jeune femme, que l&rsquo;on a \u00e9galement vue dans la s\u00e9rie Filles de feu sur France 2 en 2023, semble, elle aussi, \u00e0 l&rsquo;aube d&rsquo;une carri\u00e8re prometteuse&#8230;<\/p>\n<p><img decoding=\"async\" class=\"caas-img caas-lazy has-preview\" alt=\"Zo\u00e9 Adjani - 2\u00e8me \u00e9dition du Festival International des Jeunes Acteurs et Actrices (FIJA) au cin\u00e9ma UGC Bercy \u00e0 Paris le 11 avril 2025. \u00a9 Coadic Guirec \/ Bestimage\" src=\"https:\/\/www.europesays.com\/fr\/wp-content\/uploads\/2025\/04\/a675639c8d9f8cea396d3d19ed773836.jpeg\"\/><\/p>\n<p>\u00a9 BestImage, COADIC GUIREC \/ BESTIMAGE<\/p>\n<p>Parmi les jur\u00e9s du festival, il y avait aussi <a href=\"https:\/\/fr.news.yahoo.com\/tuche-pourquoi-th%C3%A9o-fernandez-voulu-201400421.html\" data-ylk=\"slk:Th\u00e9o Fernandez;elm:context_link;itc:0;sec:content-canvas;outcm:mb_qualified_link;_E:mb_qualified_link;ct:story;\" class=\"link  yahoo-link\" target=\"_blank\" rel=\"noopener\"><strong>Th\u00e9o Fernandez<\/strong><\/a>, que l&rsquo;on connu dans le r\u00f4le de Donald, dans la saga Les Tuche. <a href=\"https:\/\/fr.news.yahoo.com\/apr%C3%A8s-c%C3%A9line-dion-christine-and-194300362.html\" data-ylk=\"slk:Rahim Redcar;elm:context_link;itc:0;sec:content-canvas;outcm:mb_qualified_link;_E:mb_qualified_link;ct:story;\" class=\"link  yahoo-link\" target=\"_blank\" rel=\"noopener\"><strong>Rahim Redcar<\/strong><\/a>, ex-Christine and the Queens, figure incontournable de la nouvelle sc\u00e8ne fran\u00e7aise, l&rsquo;acteur <a href=\"https:\/\/www.purepeople.com\/article\/thierry-fremont-papa-de-deux-enfants-photos-de-famille-son-epouse-gina-tres-discrete_a459445\/1\" rel=\"nofollow noopener\" target=\"_blank\" data-ylk=\"slk:Thierry Fr\u00e9mont;elm:context_link;itc:0;sec:content-canvas\" class=\"link \"><strong>Thierry Fr\u00e9mont<\/strong><\/a> (Les noces barbares, Les d\u00e9mons de J\u00e9sus, Espace D\u00e9tente&#8230;) et la com\u00e9dienne et metteuse en sc\u00e8ne <strong>Dominique Frot<\/strong>, qui interpr\u00e9tait l&rsquo;inoubliable r\u00f4le de la principale dans la s\u00e9rie Soda, ont \u00e9galement jou\u00e9 les jur\u00e9s, le vendredi 11 avril 2025. Tout comme<strong> Rod Paradot<\/strong>, C\u00e9sar du meilleur espoir masculin pour La T\u00eate haute en 2016, Amaury Foucher, qui a fait ses premiers pas sur le grand \u00e9cran en 2024 dans La Pampa, le com\u00e9dien et danseur <strong>Nicolas Anselmo<\/strong> et <strong>Laur\u00e9na Thellier<\/strong>, qu&rsquo;on a d\u00e9couverte alors qu&rsquo;elle n&rsquo;avait que 16 ans, dans Ma Loute, aux c\u00f4t\u00e9s de <a href=\"https:\/\/www.purepeople.com\/people\/juliette-binoche_p218\" rel=\"nofollow noopener\" target=\"_blank\" data-ylk=\"slk:Juliette Binoche;elm:context_link;itc:0;sec:content-canvas\" class=\"link \">Juliette Binoche<\/a> et de <a href=\"https:\/\/www.purepeople.com\/people\/fabrice-luchini_p1108\" rel=\"nofollow noopener\" target=\"_blank\" data-ylk=\"slk:Fabrice Luchini;elm:context_link;itc:0;sec:content-canvas\" class=\"link \">Fabrice Luchini<\/a>, en 2016. On a \u00e9galement vu, lors de ce festival, le com\u00e9dien <strong>Liam Hellmann<\/strong>, dont la carri\u00e8re a d\u00e9coll\u00e9 gr\u00e2ce \u00e0 la s\u00e9rie de TF1 Ici tout commence, <strong>Ma\u00e9va El Aroussi<\/strong>, que le public a ador\u00e9 dans Un si grand soleil, <a href=\"https:\/\/fr.news.yahoo.com\/jesp%C3%A8re-pouvoir-voir-sortir-vivant-153600748.html\" data-ylk=\"slk:la c\u00e9l\u00e8bre actrice Firmine Richard;elm:context_link;itc:0;sec:content-canvas;outcm:mb_qualified_link;_E:mb_qualified_link;ct:story;\" class=\"link  yahoo-link\" target=\"_blank\" rel=\"noopener\">la c\u00e9l\u00e8bre actrice <strong>Firmine Richard<\/strong><\/a>, mais aussi <strong>Lola Le Lann<\/strong>, la jeune h\u00e9ro\u00efne du film Un moment d&rsquo;\u00e9garement, <strong>F\u00e9lix Lefebvre<\/strong>, d\u00e9couvert dans \u00c9t\u00e9 85 de <a href=\"https:\/\/www.purepeople.com\/people\/francois-ozon_p2331\" rel=\"nofollow noopener\" target=\"_blank\" data-ylk=\"slk:Fran\u00e7ois Ozon;elm:context_link;itc:0;sec:content-canvas\" class=\"link \">Fran\u00e7ois Ozon<\/a>, et les talentueux <strong>Lina Camelia Lumbroso<\/strong> et <strong>Baptiste Perais<\/strong>. <strong>Jean-Christophe Bouvet<\/strong>, inoubliable g\u00e9n\u00e9ral Bertineau dans Taxi et Pierre Cadault dans <a href=\"https:\/\/fr.news.yahoo.com\/brigitte-macron-4%C3%A8me-saison-demily-165400751.html\" data-ylk=\"slk:Emily in Paris;elm:context_link;itc:0;sec:content-canvas;outcm:mb_qualified_link;_E:mb_qualified_link;ct:story;\" class=\"link  yahoo-link\" target=\"_blank\" rel=\"noopener\">Emily in Paris<\/a>, faisait aussi partie des invit\u00e9s de cette 2\u00e8me \u00e9dition du festival parisien, qui se poursuit jusqu&rsquo;au 19 avril 2025.<\/p>\n<p><a href=\"https:\/\/www.purepeople.com\/article\/sophie-marceau-son-fils-aine-si-discret-dont-le-pere-est-une-figure-du-cinema-fait-son-apparition-a-paris_a536959\/1\" rel=\"nofollow noopener\" target=\"_blank\" data-ylk=\"slk:Article original sur Purepeople;elm:context_link;itc:0;sec:content-canvas\" class=\"link \">Article original sur Purepeople<\/a><\/p>\n","protected":false},"excerpt":{"rendered":"C&rsquo;\u00e9tait l&rsquo;\u00e9v\u00e9nement, le 11 avril 2025, \u00e0 l&rsquo;UGC Bercy, \u00e0 Paris : le cin\u00e9ma accueillait en effet la&hellip;\n","protected":false},"author":2,"featured_media":24696,"comment_status":"","ping_status":"","sticky":false,"template":"","format":"standard","meta":{"footnotes":""},"categories":[1888],"tags":[8903,1111,1928,11,1927,8899,8900,1777,674,8901,1011,27,12,1926,626,1925,25,8902,906,6215],"class_list":{"0":"post-24695","1":"post","2":"type-post","3":"status-publish","4":"format-standard","5":"has-post-thumbnail","7":"category-paris","8":"tag-acteurs-et-actrices","9":"tag-actu","10":"tag-actu-paris","11":"tag-actualites","12":"tag-actualites-paris","13":"tag-andrzej-zulawski","14":"tag-cinema-francais","15":"tag-eu","16":"tag-europe","17":"tag-festival-international","18":"tag-fr","19":"tag-france","20":"tag-news","21":"tag-news-paris","22":"tag-paris","23":"tag-paris-news","24":"tag-republique-francaise","25":"tag-rod-paradot","26":"tag-sophie-marceau","27":"tag-vincent-cassel"},"share_on_mastodon":{"url":"https:\/\/pubeurope.com\/@fr\/114337307923272706","error":""},"_links":{"self":[{"href":"https:\/\/www.europesays.com\/fr\/wp-json\/wp\/v2\/posts\/24695","targetHints":{"allow":["GET"]}}],"collection":[{"href":"https:\/\/www.europesays.com\/fr\/wp-json\/wp\/v2\/posts"}],"about":[{"href":"https:\/\/www.europesays.com\/fr\/wp-json\/wp\/v2\/types\/post"}],"author":[{"embeddable":true,"href":"https:\/\/www.europesays.com\/fr\/wp-json\/wp\/v2\/users\/2"}],"replies":[{"embeddable":true,"href":"https:\/\/www.europesays.com\/fr\/wp-json\/wp\/v2\/comments?post=24695"}],"version-history":[{"count":0,"href":"https:\/\/www.europesays.com\/fr\/wp-json\/wp\/v2\/posts\/24695\/revisions"}],"wp:featuredmedia":[{"embeddable":true,"href":"https:\/\/www.europesays.com\/fr\/wp-json\/wp\/v2\/media\/24696"}],"wp:attachment":[{"href":"https:\/\/www.europesays.com\/fr\/wp-json\/wp\/v2\/media?parent=24695"}],"wp:term":[{"taxonomy":"category","embeddable":true,"href":"https:\/\/www.europesays.com\/fr\/wp-json\/wp\/v2\/categories?post=24695"},{"taxonomy":"post_tag","embeddable":true,"href":"https:\/\/www.europesays.com\/fr\/wp-json\/wp\/v2\/tags?post=24695"}],"curies":[{"name":"wp","href":"https:\/\/api.w.org\/{rel}","templated":true}]}}