{"id":246952,"date":"2025-07-13T10:30:10","date_gmt":"2025-07-13T10:30:10","guid":{"rendered":"https:\/\/www.europesays.com\/fr\/246952\/"},"modified":"2025-07-13T10:30:10","modified_gmt":"2025-07-13T10:30:10","slug":"la-france-bat-la-coree-du-sud-et-acheve-la-ligue-des-nations-sur-une-bonne-note-avant-les-mondiaux-lequipe","status":"publish","type":"post","link":"https:\/\/www.europesays.com\/fr\/246952\/","title":{"rendered":"La France bat la Cor\u00e9e du Sud et ach\u00e8ve la Ligue des nations sur une bonne note avant les Mondiaux &#8211; L&#039;\u00c9quipe"},"content":{"rendered":"<ol>\n<li><a href=\"https:\/\/news.google.com\/rss\/articles\/CBMi5wFBVV95cUxPa3ZUZF9KWTduV1ppTTdmakx3UVllWjZuLTFmNnlHMkdwYnJvQ2JyUXZsclJZUXh6RnZYOVUyUGFxWlBNZkY1ZEpTS3Y5V25XMlg4THZaaldXUk14MDJHMks0U1Q4Y0Iyc2sxUExoakZXeURucGNrcldEeGMzUnhaMnc0V25aVExOU1otYUhNNE9fT3VqdHVtOHozSGtuTzZvR2FoOHNkX2Nmd1Z1MFFvNXFrbWs5ZWZxSzlOTmNyWWJXTzdqUXlIMzB4OVQyZWRFd0MwekdobWM2bG9Nd0dGbjNXc3RhVFk?oc=5\" target=\"_blank\" rel=\"nofollow noopener\">La France bat la Cor\u00e9e du Sud et ach\u00e8ve la Ligue des nations sur une bonne note avant les Mondiaux<\/a>&nbsp;&nbsp;L&rsquo;\u00c9quipe<\/li>\n<li><a href=\"https:\/\/news.google.com\/rss\/articles\/CBMixwFBVV95cUxPY1M4RldNR0FJOTN6aDU5Y0Nhbl9hSWFTdlBKSnNEM0RWUWwzMzQ2Mm45eVc0eGo0V2pWVEVoc2tTclJObFZSMXZrckRDa3dGUmcwRVRBSUZBbmFuOGhaM3pXTDd2NF9ZYWJ6bUZHdWI0VEdBWUFrX3Jzd3h5SWVQUUNrSjZHb3JQR2liNDBYdklQd0dzQndIM3VRNDdzakJTOVFyNUthemgzZFdoOGpRUGdGTGRXTTVHMnNEd1Y4b3VpRFZfd1FN?oc=5\" target=\"_blank\" rel=\"nofollow noopener\">Le replay de France &#8211; Bulgarie &#8211; Volley (F) &#8211; Ligue des Nations<\/a>&nbsp;&nbsp;Orange Actualit\u00e9s | Sports<\/li>\n<li><a href=\"https:\/\/news.google.com\/rss\/articles\/CBMiswFBVV95cUxOVXh0UGJ4Sk1ybXJZdC1WeUJ2eHNzV01Xbll3ZF8yam9QaTJfMWxYSGlNUTNiVTZkYmY4Um9Jb29PZ1lmMU91LXRya18xQnhPOWRDVFk5SUlWSnNHejZUaDAzYzN0WUZCQ2NleTFZRDFxdVhrcm9jT1A1NlE0WE9wX3ZDdW5EenJ1dGItZDI5SUFXZ0g5VnhuNlJUY3c1RDFQd0JSRE9qbU5sM1RtZHdTa1hxcw?oc=5\" target=\"_blank\" rel=\"nofollow noopener\">Volley : les Bleues dominent la Bulgarie en Ligue des nations<\/a>&nbsp;&nbsp;Le Figaro<\/li>\n<li><a href=\"https:\/\/news.google.com\/rss\/articles\/CBMinAJBVV95cUxNTzl0SEt4YnNLRF82VEJjc0hBcGlRM2c1TTNMTGZWbkszbFA1S0VXQUlaVVktbTQ1QTk5RzVKSmdlVk1zNk5JUkhwN1VQREIyTXBnU1JUc2R3VXNOTFZPUzM0QU5UNUlNbVhRbnVqZDJjbkFVTHdQOWczNlZjNDFjazZmbklHYWxJbWZPbUwtTUNQOU83eWxJYWJNTVJtNllnNW9aMkdyMUd6cy1nYkdaTHhuMmpOeE9KWTE2YWRuMFdfWFY1NXdVQU9rczZ1ZEM4Vlc3T3cya1lYWkNZTXZCeGhmRmFoTXFuRjg5UnFzWk5IaldYLTl1WmtnRkMyTWxHZkJPb0JjNFFFcnJaWFBJRXAyTTJBUXFtS3FzRA?oc=5\" target=\"_blank\" rel=\"nofollow noopener\">Maintien d\u00e9j\u00e0 assur\u00e9 en Ligue des nations, d\u00e9faite serr\u00e9e contre le grand Br\u00e9sil et Mondial en approche : jusqu&rsquo;o\u00f9 peuvent grimper les Bleues ?<\/a>&nbsp;&nbsp;L&rsquo;\u00c9quipe<\/li>\n<li><a href=\"https:\/\/news.google.com\/rss\/articles\/CBMiigJBVV95cUxNbjdqemVXeW50VGNtTVNXeFJkTlZQQ1kwaFQxOFJucUUtTjNhdWZiNHlOWmJrOUpsOHFUQWVXcHN0MGU5QWMzNUtNVndvVWxMRDdWVFdtSGxRZC1qdWdHMkdsS3ZDTE85U3R1M3JUZ2s5MkJrSXlBdWJMTnBQTWpENFE2dWFZanpWMjk0Q1IyQWJMYkNtTHhmVjhvM3A0UTUwTWp6cmxUYmtmYnhRX1NlS1hVTUxleDlSUGFwVzI4ZUVnYklLM0o4dDFRYzVFOG45M2NwalNrenhxVjB0eDNqRDM4TS1hRVFCeUkwRnFwckxBWWV6T3hISzhDSzg4X0wybm1pYkdzeXN1QQ?oc=5\" target=\"_blank\" rel=\"nofollow noopener\">Volley-ball. L\u2019\u00e9quipe de France s\u2019incline face au Br\u00e9sil en Ligue des nations f\u00e9minine<\/a>&nbsp;&nbsp;Ouest-France<\/li>\n<\/ol>\n","protected":false},"excerpt":{"rendered":"La France bat la Cor\u00e9e du Sud et ach\u00e8ve la Ligue des nations sur une bonne note avant&hellip;\n","protected":false},"author":2,"featured_media":246953,"comment_status":"","ping_status":"","sticky":false,"template":"","format":"standard","meta":{"footnotes":""},"categories":[1417],"tags":[1011,27,60,1470,1469],"class_list":{"0":"post-246952","1":"post","2":"type-post","3":"status-publish","4":"format-standard","5":"has-post-thumbnail","7":"category-volley","8":"tag-fr","9":"tag-france","10":"tag-sports","11":"tag-volley","12":"tag-volleyball"},"share_on_mastodon":{"url":"https:\/\/pubeurope.com\/@fr\/114845464898009172","error":""},"_links":{"self":[{"href":"https:\/\/www.europesays.com\/fr\/wp-json\/wp\/v2\/posts\/246952","targetHints":{"allow":["GET"]}}],"collection":[{"href":"https:\/\/www.europesays.com\/fr\/wp-json\/wp\/v2\/posts"}],"about":[{"href":"https:\/\/www.europesays.com\/fr\/wp-json\/wp\/v2\/types\/post"}],"author":[{"embeddable":true,"href":"https:\/\/www.europesays.com\/fr\/wp-json\/wp\/v2\/users\/2"}],"replies":[{"embeddable":true,"href":"https:\/\/www.europesays.com\/fr\/wp-json\/wp\/v2\/comments?post=246952"}],"version-history":[{"count":0,"href":"https:\/\/www.europesays.com\/fr\/wp-json\/wp\/v2\/posts\/246952\/revisions"}],"wp:featuredmedia":[{"embeddable":true,"href":"https:\/\/www.europesays.com\/fr\/wp-json\/wp\/v2\/media\/246953"}],"wp:attachment":[{"href":"https:\/\/www.europesays.com\/fr\/wp-json\/wp\/v2\/media?parent=246952"}],"wp:term":[{"taxonomy":"category","embeddable":true,"href":"https:\/\/www.europesays.com\/fr\/wp-json\/wp\/v2\/categories?post=246952"},{"taxonomy":"post_tag","embeddable":true,"href":"https:\/\/www.europesays.com\/fr\/wp-json\/wp\/v2\/tags?post=246952"}],"curies":[{"name":"wp","href":"https:\/\/api.w.org\/{rel}","templated":true}]}}