{"id":246954,"date":"2025-07-13T10:31:12","date_gmt":"2025-07-13T10:31:12","guid":{"rendered":"https:\/\/www.europesays.com\/fr\/246954\/"},"modified":"2025-07-13T10:31:12","modified_gmt":"2025-07-13T10:31:12","slug":"rugby-scapulaire-maxime-lucu-parmi-les-5-meilleurs-demi-de-melee-de-top-14-pour-la-lnr","status":"publish","type":"post","link":"https:\/\/www.europesays.com\/fr\/246954\/","title":{"rendered":"Rugby Scapulaire &#8211; Maxime Lucu parmi les 5 meilleurs demi de m\u00eal\u00e9e de Top 14 pour la LNR"},"content":{"rendered":"<p>\u00a0<\/p>\n<p>Alors que la saison de Top 14 vient de se terminer, la LNR<br \/>\npropose \u00e0 ses abonn\u00e9s sur les r\u00e9seaux sociaux de voter pour \u00e9lire<br \/>\nle XV type de la saison. Parmi les 5 demis de m\u00eal\u00e9e retenus, on<br \/>\nretrouve notre demi de m\u00eal\u00e9e international, <strong>Maxime<br \/>\nLucu<\/strong>. Il est face \u00e0 <strong>Baptiste Couilloud<\/strong>,<br \/>\n<strong>Baptiste Serin<\/strong>, <strong>Tawera<br \/>\nKerr-Barlow<\/strong> et <strong>Nolann Le Garrec<\/strong>.<br \/>\nN\u2019h\u00e9sitez pas \u00e0 voter pour lui.<\/p>\n<p>\u00a0<\/p>\n<blockquote class=\"twitter-tweet\">\n<p dir=\"ltr\" lang=\"fr\">5 demi de m\u00eal\u00e9e en lice, un seul n\u00b09 dans le<br \/>\nXV type de la saison de <a href=\"https:\/\/twitter.com\/hashtag\/TOP14?src=hash&amp;ref_src=twsrc%5Etfw\" rel=\"nofollow noopener\" target=\"_blank\"><br \/>\n#TOP14<\/a><\/p>\n<p>\ufe0f \u00c0 vous de voter pour les joueurs qui vous ont le plus<br \/>\nimpressionn\u00e9 cette saison<br \/><a href=\"https:\/\/t.co\/cVv9kTmRp3\" rel=\"nofollow\">https:\/\/t.co\/cVv9kTmRp3<\/a><br \/>\n<a href=\"https:\/\/t.co\/Qz9rMmiU2M\" rel=\"nofollow\">pic.twitter.com\/Qz9rMmiU2M<\/a><\/p>\n<p>\u2014 TOP 14 Rugby (@top14rugby) <a href=\"https:\/\/twitter.com\/top14rugby\/status\/1944052419693797663?ref_src=twsrc%5Etfw\" rel=\"nofollow noopener\" target=\"_blank\"><br \/>\nJuly 12, 2025<\/a><\/p>\n<\/blockquote>\n<p><script async src=\"https:\/\/platform.twitter.com\/widgets.js\" charset=\"utf-8\"><\/script><\/p>\n","protected":false},"excerpt":{"rendered":"\u00a0 Alors que la saison de Top 14 vient de se terminer, la LNR propose \u00e0 ses abonn\u00e9s&hellip;\n","protected":false},"author":2,"featured_media":246955,"comment_status":"","ping_status":"","sticky":false,"template":"","format":"standard","meta":{"footnotes":""},"categories":[1416],"tags":[1011,27,479,1468,60],"class_list":{"0":"post-246954","1":"post","2":"type-post","3":"status-publish","4":"format-standard","5":"has-post-thumbnail","7":"category-rugby","8":"tag-fr","9":"tag-france","10":"tag-rugby","11":"tag-rugby-football","12":"tag-sports"},"share_on_mastodon":{"url":"https:\/\/pubeurope.com\/@fr\/114845468754056222","error":""},"_links":{"self":[{"href":"https:\/\/www.europesays.com\/fr\/wp-json\/wp\/v2\/posts\/246954","targetHints":{"allow":["GET"]}}],"collection":[{"href":"https:\/\/www.europesays.com\/fr\/wp-json\/wp\/v2\/posts"}],"about":[{"href":"https:\/\/www.europesays.com\/fr\/wp-json\/wp\/v2\/types\/post"}],"author":[{"embeddable":true,"href":"https:\/\/www.europesays.com\/fr\/wp-json\/wp\/v2\/users\/2"}],"replies":[{"embeddable":true,"href":"https:\/\/www.europesays.com\/fr\/wp-json\/wp\/v2\/comments?post=246954"}],"version-history":[{"count":0,"href":"https:\/\/www.europesays.com\/fr\/wp-json\/wp\/v2\/posts\/246954\/revisions"}],"wp:featuredmedia":[{"embeddable":true,"href":"https:\/\/www.europesays.com\/fr\/wp-json\/wp\/v2\/media\/246955"}],"wp:attachment":[{"href":"https:\/\/www.europesays.com\/fr\/wp-json\/wp\/v2\/media?parent=246954"}],"wp:term":[{"taxonomy":"category","embeddable":true,"href":"https:\/\/www.europesays.com\/fr\/wp-json\/wp\/v2\/categories?post=246954"},{"taxonomy":"post_tag","embeddable":true,"href":"https:\/\/www.europesays.com\/fr\/wp-json\/wp\/v2\/tags?post=246954"}],"curies":[{"name":"wp","href":"https:\/\/api.w.org\/{rel}","templated":true}]}}