{"id":246956,"date":"2025-07-13T10:32:08","date_gmt":"2025-07-13T10:32:08","guid":{"rendered":"https:\/\/www.europesays.com\/fr\/246956\/"},"modified":"2025-07-13T10:32:08","modified_gmt":"2025-07-13T10:32:08","slug":"lisraelien-guy-sasson-triomphe-en-double-en-tennis-fauteuil-a-wimbledon","status":"publish","type":"post","link":"https:\/\/www.europesays.com\/fr\/246956\/","title":{"rendered":"L&rsquo;Isra\u00e9lien Guy Sasson Triomphe En Double En Tennis Fauteuil \u00c0 Wimbledon"},"content":{"rendered":"<p class=\"\" data-is=\"component-paragraph\">L&rsquo;Isra\u00e9lien Guy Sasson, et son partenaire n\u00e9erlandais Niels Vink, ont remport\u00e9 samedi le tournoi de doubles quad de Wimbledon, s&rsquo;imposant 6-0, 6-2 face au Sud-Africain Donald Ramphadi et au Britannique Gregory Slade en finale.<\/p>\n<p class=\"\" data-is=\"component-paragraph\">Cette victoire marque le deuxi\u00e8me titre du Grand Chelem pour le duo Sasson-Vink cette ann\u00e9e, apr\u00e8s leur succ\u00e8s \u00e0 Roland-Garros il y a un mois. Pour l&rsquo;Isra\u00e9lien de 45 ans, il s&rsquo;agit de sa premi\u00e8re victoire \u00e0 Wimbledon, lui qui avait d\u00e9j\u00e0 remport\u00e9 l&rsquo;Open d&rsquo;Australie en 2023 avec Donald Ramphadi, ironiquement battu aujourd&rsquo;hui en finale.<\/p>\n<p class=\"\" data-is=\"component-paragraph\">\u00ab\u00a0Wimbledon est un tournoi tr\u00e8s sp\u00e9cial, c&rsquo;est autre chose. C&rsquo;est le sommet de la montagne, il n&rsquo;y a rien de plus \u00e9lev\u00e9\u00a0\u00bb, a d\u00e9clar\u00e9 Sasson \u00e0 l&rsquo;issue de la rencontre. \u00ab\u00a0Je suis fier de nous, c&rsquo;est ma premi\u00e8re victoire ici et j&rsquo;esp\u00e8re qu&rsquo;il y en aura beaucoup d&rsquo;autres.\u00a0\u00bb<\/p>\n<p class=\"\" data-is=\"component-paragraph\">Sasson, actuellement class\u00e9 3e mondial, a vu sa vie basculer en 2015 lors d&rsquo;un grave accident de snowboard en France qui l&rsquo;a laiss\u00e9 en fauteuil roulant suite \u00e0 une blessure \u00e0 la colonne vert\u00e9brale. Apr\u00e8s une longue r\u00e9\u00e9ducation, il a commenc\u00e9 \u00e0 s&rsquo;entra\u00eener au tennis au centre sportif pour handicap\u00e9s d&rsquo;Ilan \u00e0 Ramat Gan.<\/p>\n<p class=\"\" data-is=\"component-paragraph\">M\u00e9daill\u00e9 de bronze aux Jeux paralympiques de Paris 2024, Sasson est pass\u00e9 il y a deux ans de la cat\u00e9gorie \u00ab\u00a0open\u00a0\u00bb (handicap l\u00e9ger) \u00e0 la cat\u00e9gorie \u00ab\u00a0quad\u00a0\u00bb (handicap lourd) en raison d&rsquo;une d\u00e9t\u00e9rioration de son \u00e9tat physique.<\/p>\n<p class=\"\" data-is=\"component-paragraph\">Le pr\u00e9sident du comit\u00e9 paralympique isra\u00e9lien, Moshe Motz, a salu\u00e9 cette victoire : \u00ab\u00a0Guy continue d&rsquo;apporter honneur et fiert\u00e9 au sport paralympique et \u00e0 l&rsquo;\u00c9tat d&rsquo;Isra\u00ebl.\u00a0\u00bb<\/p>\n<p class=\"\" data-is=\"component-paragraph\">L&rsquo;Isra\u00e9lien a conclu par des mots empreints d&rsquo;\u00e9motion : \u00ab\u00a0Comme le lion rugit et comme le lionceau se dresse (r\u00e9f\u00e9rence aux noms des op\u00e9rations isra\u00e9liennes en Iran et \u00e0 Gaza tir\u00e9s d&rsquo;un verset de la Bible). Le peuple d&rsquo;Isra\u00ebl vit.\u00a0\u00bb<\/p>\n","protected":false},"excerpt":{"rendered":"L&rsquo;Isra\u00e9lien Guy Sasson, et son partenaire n\u00e9erlandais Niels Vink, ont remport\u00e9 samedi le tournoi de doubles quad de&hellip;\n","protected":false},"author":2,"featured_media":246957,"comment_status":"","ping_status":"","sticky":false,"template":"","format":"standard","meta":{"footnotes":""},"categories":[1415],"tags":[1011,27,60,1467],"class_list":{"0":"post-246956","1":"post","2":"type-post","3":"status-publish","4":"format-standard","5":"has-post-thumbnail","7":"category-tennis","8":"tag-fr","9":"tag-france","10":"tag-sports","11":"tag-tennis"},"share_on_mastodon":{"url":"https:\/\/pubeurope.com\/@fr\/114845472687735694","error":""},"_links":{"self":[{"href":"https:\/\/www.europesays.com\/fr\/wp-json\/wp\/v2\/posts\/246956","targetHints":{"allow":["GET"]}}],"collection":[{"href":"https:\/\/www.europesays.com\/fr\/wp-json\/wp\/v2\/posts"}],"about":[{"href":"https:\/\/www.europesays.com\/fr\/wp-json\/wp\/v2\/types\/post"}],"author":[{"embeddable":true,"href":"https:\/\/www.europesays.com\/fr\/wp-json\/wp\/v2\/users\/2"}],"replies":[{"embeddable":true,"href":"https:\/\/www.europesays.com\/fr\/wp-json\/wp\/v2\/comments?post=246956"}],"version-history":[{"count":0,"href":"https:\/\/www.europesays.com\/fr\/wp-json\/wp\/v2\/posts\/246956\/revisions"}],"wp:featuredmedia":[{"embeddable":true,"href":"https:\/\/www.europesays.com\/fr\/wp-json\/wp\/v2\/media\/246957"}],"wp:attachment":[{"href":"https:\/\/www.europesays.com\/fr\/wp-json\/wp\/v2\/media?parent=246956"}],"wp:term":[{"taxonomy":"category","embeddable":true,"href":"https:\/\/www.europesays.com\/fr\/wp-json\/wp\/v2\/categories?post=246956"},{"taxonomy":"post_tag","embeddable":true,"href":"https:\/\/www.europesays.com\/fr\/wp-json\/wp\/v2\/tags?post=246956"}],"curies":[{"name":"wp","href":"https:\/\/api.w.org\/{rel}","templated":true}]}}