{"id":246958,"date":"2025-07-13T10:34:10","date_gmt":"2025-07-13T10:34:10","guid":{"rendered":"https:\/\/www.europesays.com\/fr\/246958\/"},"modified":"2025-07-13T10:34:10","modified_gmt":"2025-07-13T10:34:10","slug":"bezzecchi-a-frole-lexploit-face-a-marquez","status":"publish","type":"post","link":"https:\/\/www.europesays.com\/fr\/246958\/","title":{"rendered":"Bezzecchi a fr\u00f4l\u00e9 l&rsquo;exploit face \u00e0 M\u00e1rquez"},"content":{"rendered":"<p><a href=\"https:\/\/fr.motorsport.com\/driver\/marco-bezzecchi\/441839\/\" target=\"_blank\" rel=\"noopener\">Marco Bezzecchi<\/a> est pass\u00e9 \u00e0 un cheveu d&rsquo;un double exploit, celui d&rsquo;inscrire un autre nom que M\u00e1rquez au rang des vainqueurs de sprint cette saison, et celui de battre le ma\u00eetre absolu du Sachsenring sur son terrain. Finalement, <a href=\"https:\/\/fr.motorsport.com\/driver\/marc-marquez\/92646\/\" target=\"_blank\" rel=\"noopener\">Marc M\u00e1rquez<\/a> a repris son d\u00fb dans le dernier tour et le pilote Aprilia s&rsquo;est inclin\u00e9, mais avec le sourire tant il savait cette issue in\u00e9luctable lorsque l&rsquo;Espagnol a commenc\u00e9 \u00e0 fondre sur lui.<\/p>\n<p>Bezzecchi avait pris les commandes d\u00e8s le lancement de ce sprint, notamment en profitant de l&rsquo;erreur de M\u00e1rquez au premier virage. Il a ensuite men\u00e9 l&rsquo;\u00e9preuve durant 14 tours, avec une avance qui a atteint la seconde et demie. Mais lorsque <a href=\"https:\/\/fr.motorsport.com\/motogp\/news\/championnat-marc-marquez-avance-pas-geant-10741610\/10741610\/\" target=\"_self\" rel=\"noopener\">le leader du championnat<\/a> a pris la deuxi\u00e8me place \u00e0 <a href=\"https:\/\/fr.motorsport.com\/driver\/fabio-quartararo\/109400\/\" target=\"_blank\" rel=\"noopener\">Fabio Quartararo<\/a> dans le neuvi\u00e8me tour, Bezzecchi pouvait presque entendre dans sa t\u00eate raisonner la musique mena\u00e7ante des Dents de la mer&#8230;<\/p>\n<p>Lire aussi :<\/p>\n<p>\u00ab\u00a0Je suis content, \u00e7a a \u00e9t\u00e9 une belle course. Clairement, \u00e7a aurait \u00e9t\u00e9 mieux avec un tour en moins\u00a0!\u00a0\u00bb, commentait-il en riant samedi apr\u00e8s-midi. \u00ab\u00a0Marc revenait tr\u00e8s fort et je m&rsquo;y attendais un peu. D\u00e8s que j&rsquo;ai vu que M\u00e1rquez \u00e9tait deuxi\u00e8me, je savais que je devais essayer de pousser au maximum pour qu&rsquo;il ne me rattrape pas, mais j&rsquo;ai peut-\u00eatre un peu trop attaqu\u00e9 au d\u00e9but de la course et un peu trop chauff\u00e9 le pneu arri\u00e8re sur le c\u00f4t\u00e9 gauche.\u00a0\u00bb<\/p>\n<p>\u00ab\u00a0Et surtout, dans le troisi\u00e8me secteur, dans toute la partie \u00e0 gauche avant le Waterfall, je n&rsquo;avais pas de grip, ni d&rsquo;acc\u00e9l\u00e9ration, alors que lui, il \u00e9tait super rapide \u00e0 cet endroit. Donc il s&rsquo;est rapproch\u00e9 et ensuite, malheureusement, il m&rsquo;a pass\u00e9.\u00a0\u00bb<\/p>\n<p><img decoding=\"async\" class=\"sizer\" draggable=\"false\" src=\"data:image\/png;base64,iVBORw0KGgoAAAANSUhEUgAAABAAAAAJCAYAAAA7KqwyAAAAGXRFWHRTb2Z0d2FyZQBBZG9iZSBJbWFnZVJlYWR5ccllPAAAABpJREFUeNpi\/P\/\/PwMlgImBQjBqwLAwACDAAOVfAw9\/ZDvcAAAAAElFTkSuQmCC\" alt=\"\" loading=\"lazy\"\/><\/p>\n<p class=\"title\">VID\u00c9O &#8211; R\u00c9SUM\u00c9 : La course sprint au GP d&rsquo;Allemagne<\/p>\n<p>\u00ab\u00a0J&rsquo;ai essay\u00e9 de tout donner pour r\u00e9sister et pour tenter de trouver quelques dixi\u00e8mes, mais malheureusement, j&rsquo;ai vu que Marc continuait \u00e0 me reprendre du temps, sans cesse. M\u00eame si je faisais mes meilleurs tours vers la fin, il se rapprochait quand m\u00eame. C&rsquo;\u00e9tait difficile mais c&rsquo;\u00e9tait bien en tout cas\u00a0!\u00a0\u00bb<\/p>\n<p>Cette journ\u00e9e a offert \u00e0 Marco Bezzecchi sa premi\u00e8re qualification en premi\u00e8re ligne avec l&rsquo;Aprilia, une belle r\u00e9compense sachant que la performance sur le tour lanc\u00e9 figure parmi les \u00e9l\u00e9ments \u00e0 am\u00e9liorer sur la RS-GP. Et il s&rsquo;est ensuite offert le luxe de se battre face \u00e0 Marc M\u00e1rquez, ce qui n&rsquo;est pas donn\u00e9 \u00e0 tout le monde au Sachsenring, alors c&rsquo;est avec une grande satisfaction que l&rsquo;Italien a accueilli ce r\u00e9sultat.<\/p>\n<p>\u00ab\u00a0Je suis tr\u00e8s content de cette journ\u00e9e\u00a0\u00bb, a-t-il expliqu\u00e9 au site officiel du MotoGP. \u00ab\u00a0L&rsquo;\u00e9quipe a tr\u00e8s bien travaill\u00e9. J&rsquo;ai fait de mon mieux pour am\u00e9liorer tous les d\u00e9tails et piloter du mieux possible. Malheureusement pour moi, Marc \u00e9tait l\u00e9g\u00e8rement plus rapide, en particulier dans le troisi\u00e8me secteur, o\u00f9 il avait une tr\u00e8s bonne motricit\u00e9. C&rsquo;\u00e9tait bien en tout cas.\u00a0\u00bb<\/p>\n<p>   <img decoding=\"async\" draggable=\"false\" src=\"https:\/\/www.europesays.com\/fr\/wp-content\/uploads\/2025\/07\/1752402850_888_marco-bezzecchi-aprilia-racing.jpg\" alt=\"Marco Bezzecchi a tenu 14 tours en t\u00eate.\" width=\"1200\" height=\"800\" loading=\"lazy\"\/> <\/p>\n<p class=\"title\">Marco Bezzecchi a tenu 14 tours en t\u00eate.<\/p>\n<p class=\"photographer\">Photo de: Gold and Goose Photography \/ LAT Images \/ via Getty Images<\/p>\n<p>\u00ab\u00a0Quand tu pars de chez toi pour aller au Sachsenring\u2026 Je ne m&rsquo;y attendais pas\u00a0!\u00a0Mais [samedi] matin, j&rsquo;ai vu que j&rsquo;\u00e9tais rapide et m\u00eame si les conditions changeaient, j&rsquo;ai r\u00e9ussi \u00e0 bien m&rsquo;adapter. [&#8230;]\u00a0Je suis content, \u00e7a a \u00e9t\u00e9 une tr\u00e8s belle course, un beau d\u00e9part et j&rsquo;ai men\u00e9 \u00e0 nouveau, c&rsquo;\u00e9tait bien\u00a0!\u00a0\u00bb<\/p>\n<p>D\u00e9j\u00e0 auteur de deux podiums \u00e0 Assen apr\u00e8s sa victoire \u00e0 Silverstone, Marco Bezzecchi savoure ces progr\u00e8s tout en ayant bien conscience de la sup\u00e9riorit\u00e9 toujours nette de Ducati\u00a0:\u00a0\u00ab\u00a0C&rsquo;est clairement le fruit de beaucoup de travail, que font les \u00e9quipes \u00e0 Noale, qu&rsquo;on fait nous aussi sur les courses et moi en tant que pilote. Mais on n&rsquo;y est pas encore, c&rsquo;est certain, il faut encore qu&rsquo;on continue \u00e0 fournir de gros efforts pour r\u00e9duire l&rsquo;\u00e9cart autant que possible. Il y a des pistes sur lesquelles on a un peu plus de mal, mais on essaye d&rsquo;y arriver.\u00a0\u00bb<\/p>\n<p>Lire aussi :<\/p>\n<p>Dans cet article<\/p>\n<p>Soyez le premier inform\u00e9 et souscrivez aux alertes mails pour recevoir les infos en temps r\u00e9el<\/p>\n<p>    S&rsquo;abonner aux alertes de news<\/p>\n","protected":false},"excerpt":{"rendered":"Marco Bezzecchi est pass\u00e9 \u00e0 un cheveu d&rsquo;un double exploit, celui d&rsquo;inscrire un autre nom que M\u00e1rquez au&hellip;\n","protected":false},"author":2,"featured_media":246959,"comment_status":"","ping_status":"","sticky":false,"template":"","format":"standard","meta":{"footnotes":""},"categories":[1413],"tags":[3563,1011,27,36254,1961,1457,1456,1458,36255,60],"class_list":{"0":"post-246958","1":"post","2":"type-post","3":"status-publish","4":"format-standard","5":"has-post-thumbnail","7":"category-moto","8":"tag-aprilia-racing-team","9":"tag-fr","10":"tag-france","11":"tag-gp-dallemagne","12":"tag-marco-bezzecchi","13":"tag-moto","14":"tag-motocycle","15":"tag-motogp","16":"tag-sachsenring","17":"tag-sports"},"share_on_mastodon":{"url":"https:\/\/pubeurope.com\/@fr\/114845480773908544","error":""},"_links":{"self":[{"href":"https:\/\/www.europesays.com\/fr\/wp-json\/wp\/v2\/posts\/246958","targetHints":{"allow":["GET"]}}],"collection":[{"href":"https:\/\/www.europesays.com\/fr\/wp-json\/wp\/v2\/posts"}],"about":[{"href":"https:\/\/www.europesays.com\/fr\/wp-json\/wp\/v2\/types\/post"}],"author":[{"embeddable":true,"href":"https:\/\/www.europesays.com\/fr\/wp-json\/wp\/v2\/users\/2"}],"replies":[{"embeddable":true,"href":"https:\/\/www.europesays.com\/fr\/wp-json\/wp\/v2\/comments?post=246958"}],"version-history":[{"count":0,"href":"https:\/\/www.europesays.com\/fr\/wp-json\/wp\/v2\/posts\/246958\/revisions"}],"wp:featuredmedia":[{"embeddable":true,"href":"https:\/\/www.europesays.com\/fr\/wp-json\/wp\/v2\/media\/246959"}],"wp:attachment":[{"href":"https:\/\/www.europesays.com\/fr\/wp-json\/wp\/v2\/media?parent=246958"}],"wp:term":[{"taxonomy":"category","embeddable":true,"href":"https:\/\/www.europesays.com\/fr\/wp-json\/wp\/v2\/categories?post=246958"},{"taxonomy":"post_tag","embeddable":true,"href":"https:\/\/www.europesays.com\/fr\/wp-json\/wp\/v2\/tags?post=246958"}],"curies":[{"name":"wp","href":"https:\/\/api.w.org\/{rel}","templated":true}]}}