{"id":246968,"date":"2025-07-13T10:39:10","date_gmt":"2025-07-13T10:39:10","guid":{"rendered":"https:\/\/www.europesays.com\/fr\/246968\/"},"modified":"2025-07-13T10:39:10","modified_gmt":"2025-07-13T10:39:10","slug":"les-paysages-dici-et-dailleurs-de-catherine-quemere-dans-la-salle-du-palais-au-blanc","status":"publish","type":"post","link":"https:\/\/www.europesays.com\/fr\/246968\/","title":{"rendered":"Les paysages d\u2019ici et d\u2019ailleurs de Catherine Qu\u00e9m\u00e9r\u00e9 dans la Salle du palais au Blanc"},"content":{"rendered":"<p>Catherine Qu\u00e9m\u00e9r\u00e9 est peintre. Jusqu\u2019au 26\u00a0juillet 2025, elle expose ses toiles <a target=\"_self\" href=\"https:\/\/www.lanouvellerepublique.fr\/le-blanc\/l-ancien-palais-de-justice-du-blanc-se-mue-en-lieu-d-exposition\" rel=\"noopener\">dans les locaux de l\u2019ancien tribunal, rebaptis\u00e9e Salle du palais<\/a>, gracieusement mise \u00e0 disposition par la municipalit\u00e9 du Blanc, propri\u00e9taire des lieux. \u00ab\u00a0C\u2019est la troisi\u00e8me exposition depuis l\u2019ouverture, l\u2019ann\u00e9e pass\u00e9e. Elle est destin\u00e9e \u00e0 tous les artistes locaux qui souhaitent montrer leurs travaux,<br \/>\n    Cet article a \u00e9t\u00e9 tronqu\u00e9. Abonnez-vous pour lire l&rsquo;article complet sur notre site.<\/p>\n<p style=\"margin: 0 !important; padding: 0 !important; font-size: 12px !important;\">Cet article a \u00e9t\u00e9 tronqu\u00e9. Abonnez-vous pour lire l&rsquo;article complet.<\/p>\n<p>    <a href=\"https:\/\/www.lanouvellerepublique.fr\/abonnements\" style=\"display: inline-block; margin-top: 5px !important; padding: 6px 12px !important; background: #cb1c27; color: white; text-decoration: none; border-radius: 4px; font-size: 12px !important;\" target=\"_blank\" rel=\"noopener\"><br \/>\n      S&rsquo;abonner<br \/>\n    <\/a><\/p>\n","protected":false},"excerpt":{"rendered":"Catherine Qu\u00e9m\u00e9r\u00e9 est peintre. Jusqu\u2019au 26\u00a0juillet 2025, elle expose ses toiles dans les locaux de l\u2019ancien tribunal, rebaptis\u00e9e&hellip;\n","protected":false},"author":2,"featured_media":246969,"comment_status":"","ping_status":"","sticky":false,"template":"","format":"standard","meta":{"footnotes":""},"categories":[1358],"tags":[1392,1348,1384,1385,1674,1386,58,59,1349,1011,27,5052,15388],"class_list":{"0":"post-246968","1":"post","2":"type-post","3":"status-publish","4":"format-standard","5":"has-post-thumbnail","7":"category-arts-et-design","8":"tag-a-la-une-local","9":"tag-arts","10":"tag-arts-and-design","11":"tag-arts-et-design","12":"tag-communes","13":"tag-design","14":"tag-divertissement","15":"tag-entertainment","16":"tag-expositions","17":"tag-fr","18":"tag-france","19":"tag-indre","20":"tag-le-blanc"},"share_on_mastodon":{"url":"https:\/\/pubeurope.com\/@fr\/114845500202756195","error":""},"_links":{"self":[{"href":"https:\/\/www.europesays.com\/fr\/wp-json\/wp\/v2\/posts\/246968","targetHints":{"allow":["GET"]}}],"collection":[{"href":"https:\/\/www.europesays.com\/fr\/wp-json\/wp\/v2\/posts"}],"about":[{"href":"https:\/\/www.europesays.com\/fr\/wp-json\/wp\/v2\/types\/post"}],"author":[{"embeddable":true,"href":"https:\/\/www.europesays.com\/fr\/wp-json\/wp\/v2\/users\/2"}],"replies":[{"embeddable":true,"href":"https:\/\/www.europesays.com\/fr\/wp-json\/wp\/v2\/comments?post=246968"}],"version-history":[{"count":0,"href":"https:\/\/www.europesays.com\/fr\/wp-json\/wp\/v2\/posts\/246968\/revisions"}],"wp:featuredmedia":[{"embeddable":true,"href":"https:\/\/www.europesays.com\/fr\/wp-json\/wp\/v2\/media\/246969"}],"wp:attachment":[{"href":"https:\/\/www.europesays.com\/fr\/wp-json\/wp\/v2\/media?parent=246968"}],"wp:term":[{"taxonomy":"category","embeddable":true,"href":"https:\/\/www.europesays.com\/fr\/wp-json\/wp\/v2\/categories?post=246968"},{"taxonomy":"post_tag","embeddable":true,"href":"https:\/\/www.europesays.com\/fr\/wp-json\/wp\/v2\/tags?post=246968"}],"curies":[{"name":"wp","href":"https:\/\/api.w.org\/{rel}","templated":true}]}}