{"id":246990,"date":"2025-07-13T10:50:09","date_gmt":"2025-07-13T10:50:09","guid":{"rendered":"https:\/\/www.europesays.com\/fr\/246990\/"},"modified":"2025-07-13T10:50:09","modified_gmt":"2025-07-13T10:50:09","slug":"le-rn-nest-pas-certain-de-voter-laccord-sur-la-nouvelle-caledonie","status":"publish","type":"post","link":"https:\/\/www.europesays.com\/fr\/246990\/","title":{"rendered":"le RN n\u2019est pas certain de voter l\u2019accord sur la Nouvelle-Cal\u00e9donie"},"content":{"rendered":"<p>\u00abCr\u00e9er une nationalit\u00e9 \u00e0 c\u00f4t\u00e9 de la nationalit\u00e9 fran\u00e7aise, \u00e7a pose une question fondamentale\u00bb, a relev\u00e9 le d\u00e9put\u00e9 RN Jean-Philippe Tanguy.<\/p>\n<p class=\"fig-paragraph\"><a href=\"http:\/\/www.lefigaro.fr\/vox\/politique\/comment-le-sentiment-de-declassement-des-cadres-nourrit-le-vote-rn-20250707\" target=\"_blank\" data-fig-type=\"Article\" rel=\"noopener\" data-gtm-custom-categorie=\"navigation\" data-gtm-custom-action=\"crossclick\" data-gtm-custom-label=\"Contextuel\" data-gtm-event=\"customEventSPE\" data-fig-domain=\"LEFIGARO\">Le Rassemblement national<\/a>\u00a0pourrait ne pas voter la modification de la Constitution qui pr\u00e9voit d&rsquo;y inscrire un futur \u00ab\u00c9tat de la Nouvelle-Cal\u00e9donie\u00bb, a annonc\u00e9 dimanche le d\u00e9put\u00e9 RN Jean-Philippe Tanguy, faisant \u00e9tat d&rsquo;un certain scepticisme de son parti sur\u00a0<a href=\"http:\/\/www.lefigaro.fr\/actualite-france\/nouvelle-caledonie-pas-d-independance-double-nationalite-ce-que-contient-l-accord-historique-signe-ce-samedi-20250712\" target=\"_blank\" data-fig-type=\"NewsFlash\" rel=\"noopener\" data-gtm-custom-categorie=\"navigation\" data-gtm-custom-action=\"crossclick\" data-gtm-custom-label=\"Contextuel\" data-gtm-event=\"customEventSPE\" data-fig-domain=\"LEFIGARO\">le projet d&rsquo;accord.\u00a0<\/a>\u00abC&rsquo;est possible qu&rsquo;on le vote, mais c&rsquo;est possible qu&rsquo;on ne le vote pas. Dans les annonces grand public qui ont \u00e9t\u00e9 faites autour de cet accord, nous avons de vives inqui\u00e9tudes sur les mots qui sont employ\u00e9s. \u00c9videmment, cr\u00e9er un \u00c9tat au sein de l&rsquo;\u00c9tat fran\u00e7ais, \u00e7a pose une question importante. Cr\u00e9er une nationalit\u00e9 \u00e0 c\u00f4t\u00e9 de la nationalit\u00e9 fran\u00e7aise, \u00e7a pose une question fondamentale\u00bb, a d\u00e9clar\u00e9 ce proche de Marine Le Pen sur LCI.<\/p>\n<p class=\"fig-paragraph\">Cet accord,\u00a0<a href=\"https:\/\/www.lefigaro.fr\/actualite-france\/en-direct-nouvelle-caledonie-un-accord-historique-signe-a-bougival-20250712\" target=\"_blank\" data-fig-type=\"Live\" rel=\"noopener\" data-gtm-custom-categorie=\"navigation\" data-gtm-custom-action=\"crossclick\" data-gtm-custom-label=\"Contextuel\" data-gtm-event=\"customEventSPE\" data-fig-domain=\"LEFIGARO\">annonc\u00e9 samedi<\/a>, acte la cr\u00e9ation d&rsquo;une nationalit\u00e9 cal\u00e9donienne, les habitants r\u00e9pondant aux crit\u00e8res de citoyennet\u00e9 du Caillou b\u00e9n\u00e9ficiant de la double nationalit\u00e9 fran\u00e7aise et cal\u00e9donienne. Un \u00ab\u00c9tat de la Nouvelle-Cal\u00e9donie\u00bb inscrit dans la Constitution de la R\u00e9publique fran\u00e7aise sera cr\u00e9\u00e9 et pourra \u00eatre reconnu par la communaut\u00e9 internationale. Pour cela, il faudra que soit vot\u00e9 un projet de loi constitutionnelle, qui devra \u00eatre adopt\u00e9 par le Parlement r\u00e9uni en Congr\u00e8s. \u00abD&rsquo;ores et d\u00e9j\u00e0, au-del\u00e0 des d\u00e9tails politiques et de souverainet\u00e9 de l&rsquo;accord, le volet \u00e9conomique nous semble extr\u00eamement fragile\u00bb, a \u00e9galement mis en garde Jean-Philippe Tanguy.<\/p>\n<p>                                    <a class=\"fig-a11y-skip a11y-hidden\" href=\"#fig-a11y-skip-main-inarticle\"><br \/>\n        Passer la publicit\u00e9<br \/>\n    <\/a><\/p>\n<p>Marine Le Pen n\u2019a pas encore r\u00e9agi<\/p>\n<p class=\"fig-paragraph\">L&rsquo;accord, qui doit d&rsquo;abord \u00eatre ent\u00e9rin\u00e9 en Nouvelle-Cal\u00e9donie par les partis et les mouvements qui l&rsquo;ont sign\u00e9 et qui doivent consulter leur base, aborde l&rsquo;\u00e9conomie avec un futur \u00abpacte de refondation \u00e9conomique et financi\u00e8re\u00bb qui pr\u00e9voit notamment un \u00abplan strat\u00e9gique\u00bb pour le nickel, ressource-cl\u00e9 du territoire, mais reste vague dans les ambitions et les termes.<\/p>\n<p class=\"fig-paragraph\">\u00abLe diable se cache dans les d\u00e9tails\u00bb, a pr\u00e9venu Jean-Philippe Tanguy dimanche, pour justifier la prudence de l&rsquo;extr\u00eame droite sur ce sujet, alors que la majorit\u00e9 de la classe politique, du PS \u00e0 LR, a salu\u00e9 cet accord. \u00abNous prenons avec s\u00e9rieux cet accord, nous n&rsquo;avons pas pris de posture politicienne imm\u00e9diatement, sans avoir \u00e0 conna\u00eetre du d\u00e9tail\u00bb, a-t-il ajout\u00e9, rejoignant en cela la r\u00e9action la veille de Jean-Luc M\u00e9lenchon pour La France insoumise.<\/p>\n<p class=\"fig-paragraph\">Marine Le Pen, qui se veut tr\u00e8s investie sur le sujet des Outre-mer, n&rsquo;a ainsi pas encore r\u00e9agi \u00e0 cet accord, qualifi\u00e9 d&rsquo;\u00abhistorique\u00bb par le pr\u00e9sident Emmanuel Macron. \u00abC&rsquo;est le silence de la r\u00e9flexion, du travail, du recul\u00bb, a justifi\u00e9 Jean-Philippe Tanguy sur LCI.<\/p>\n","protected":false},"excerpt":{"rendered":"\u00abCr\u00e9er une nationalit\u00e9 \u00e0 c\u00f4t\u00e9 de la nationalit\u00e9 fran\u00e7aise, \u00e7a pose une question fondamentale\u00bb, a relev\u00e9 le d\u00e9put\u00e9&hellip;\n","protected":false},"author":2,"featured_media":246991,"comment_status":"","ping_status":"","sticky":false,"template":"","format":"standard","meta":{"footnotes":""},"categories":[4],"tags":[11,1011,27,12,23874,1078,25],"class_list":{"0":"post-246990","1":"post","2":"type-post","3":"status-publish","4":"format-standard","5":"has-post-thumbnail","7":"category-france","8":"tag-actualites","9":"tag-fr","10":"tag-france","11":"tag-news","12":"tag-nouvelle-caledonie","13":"tag-rassemblement-national","14":"tag-republique-francaise"},"share_on_mastodon":{"url":"https:\/\/pubeurope.com\/@fr\/114845543706912849","error":""},"_links":{"self":[{"href":"https:\/\/www.europesays.com\/fr\/wp-json\/wp\/v2\/posts\/246990","targetHints":{"allow":["GET"]}}],"collection":[{"href":"https:\/\/www.europesays.com\/fr\/wp-json\/wp\/v2\/posts"}],"about":[{"href":"https:\/\/www.europesays.com\/fr\/wp-json\/wp\/v2\/types\/post"}],"author":[{"embeddable":true,"href":"https:\/\/www.europesays.com\/fr\/wp-json\/wp\/v2\/users\/2"}],"replies":[{"embeddable":true,"href":"https:\/\/www.europesays.com\/fr\/wp-json\/wp\/v2\/comments?post=246990"}],"version-history":[{"count":0,"href":"https:\/\/www.europesays.com\/fr\/wp-json\/wp\/v2\/posts\/246990\/revisions"}],"wp:featuredmedia":[{"embeddable":true,"href":"https:\/\/www.europesays.com\/fr\/wp-json\/wp\/v2\/media\/246991"}],"wp:attachment":[{"href":"https:\/\/www.europesays.com\/fr\/wp-json\/wp\/v2\/media?parent=246990"}],"wp:term":[{"taxonomy":"category","embeddable":true,"href":"https:\/\/www.europesays.com\/fr\/wp-json\/wp\/v2\/categories?post=246990"},{"taxonomy":"post_tag","embeddable":true,"href":"https:\/\/www.europesays.com\/fr\/wp-json\/wp\/v2\/tags?post=246990"}],"curies":[{"name":"wp","href":"https:\/\/api.w.org\/{rel}","templated":true}]}}