{"id":246996,"date":"2025-07-13T10:56:15","date_gmt":"2025-07-13T10:56:15","guid":{"rendered":"https:\/\/www.europesays.com\/fr\/246996\/"},"modified":"2025-07-13T10:56:15","modified_gmt":"2025-07-13T10:56:15","slug":"meurthe-et-moselle-emilio-est-ne-dans-la-voiture-de-ses-grands-parents-entre-blamont-et-luneville","status":"publish","type":"post","link":"https:\/\/www.europesays.com\/fr\/246996\/","title":{"rendered":"Meurthe-et-Moselle. Emilio est n\u00e9 dans la voiture de ses grands-parents entre Bl\u00e2mont et Lun\u00e9ville"},"content":{"rendered":"<p>Ce lundi 30\u00a0juin vers 8\u00a0h\u00a035, lorsque Madeline Dartois, qui r\u00e9side \u00e0 Bl\u00e2mont, re\u00e7oit un appel de sa fille \u00c9meline lui disant qu\u2019elle a de fortes contractions, elle comprend vite qu\u2019elle pourrait devenir grand-m\u00e8re pour la seconde fois, plus vite que pr\u00e9vu. Le temps d\u2019appeler son \u00e9poux, Patrick, qui vient \u00e0 peine de rentrer du travail, de chercher le petit \u00c9zio, 4 ans, pour le confier \u00e0 son oncle, et Patrick et Madeline Dartois descendent chez leur fille qui les attend devant chez elle.<\/p>\n<p>Le conjoint d\u2019\u00c9meline, Anthony Cossutta, est d\u00e9j\u00e0 au travail et le jeune couple n\u2019a pas de voiture pour aller \u00e0 la maternit\u00e9. Alors, Patrick embarque sa femme et sa fille, direction Lun\u00e9ville. Sur l\u2019autoroute, les contractions sont de plus en plus rapproch\u00e9es et \u00c9meline, assise \u00e0 l\u2019avant, \u00e9coute les conseils de sa maman\u00a0: \u00ab\u00a0Respire\u00a0!\u00a0\u00bb<\/p>\n<p>  \u00ab\u00a0Comme un ballon de rugby\u00a0!\u00a0\u00bb<\/p>\n<p>Sentant que sa fille perd les eaux, Madeline demande \u00e0 son \u00e9poux de s\u2019arr\u00eater. Patrick stoppe son v\u00e9hicule devant l\u2019\u00e9glise de Moncel-l\u00e8s-Lun\u00e9ville. Madeline descend de la voiture, ouvre la porti\u00e8re avant et s\u2019agenouille devant sa fille juste \u00e0 temps pour \u00ab\u00a0r\u00e9ceptionner dans ses bras le b\u00e9b\u00e9, comme un ballon de rugby\u00a0\u00bb. \u00c9milio est n\u00e9\u00a0!<\/p>\n<p>Grand-p\u00e8re une nouvelle fois, Patrick compose le num\u00e9ro des secours sur son t\u00e9l\u00e9phone. Moins de deux minutes apr\u00e8s, un camion conduit par une femme pompier s\u2019arr\u00eate. La conductrice, qui passait l\u00e0 par hasard, se gare et prodigue au b\u00e9b\u00e9 et sa maman les premiers soins avant qu\u2019un autre v\u00e9hicule de secours, celui qui avait re\u00e7u l\u2019appel, n\u2019arrive alors avec une voiture du SMUR.<\/p>\n<p>En tout, sept personnes, dont une sage-femme et deux m\u00e9decins, prennent soin de la jeune maman et du b\u00e9b\u00e9, son p\u00e8re ayant eu la pr\u00e9sence d\u2019esprit de poser une couverture de survie sur sa fille et son nouveau petit-fils.<\/p>\n<p>C\u2019est l\u2019un des pompiers qui coupera le cordon. Le stress immense ressenti par toute la famille, y compris le jeune papa joint par t\u00e9l\u00e9phone \u00e0 son travail, peut alors laisser place \u00e0 l\u2019apaisement et \u00e0 la joie.<\/p>\n<p>Officiellement, Emilio est n\u00e9 \u00e0 9\u00a0h\u00a030 le 30\u00a0juin \u00e0 Moncel-l\u00e8s-Lun\u00e9ville, l\u2019heure o\u00f9 les pompiers ont re\u00e7u l\u2019appel t\u00e9l\u00e9phonique. \u00c9milio pesait 2,870\u00a0kg et mesurait 45\u00a0cm. Sa naissance \u00e9tait initialement pr\u00e9vue le 1er \u00a0ao\u00fbt.<\/p>\n<p>Encore tout \u00e9mue, toute la famille Dartois-Cossutta renouvelle sa gratitude aux pompiers.<\/p>\n","protected":false},"excerpt":{"rendered":"Ce lundi 30\u00a0juin vers 8\u00a0h\u00a035, lorsque Madeline Dartois, qui r\u00e9side \u00e0 Bl\u00e2mont, re\u00e7oit un appel de sa fille&hellip;\n","protected":false},"author":2,"featured_media":246997,"comment_status":"","ping_status":"","sticky":false,"template":"","format":"standard","meta":{"footnotes":""},"categories":[9635],"tags":[1111,11,38732,9223,9724,1707,1704,1706,1705,1777,674,1011,27,775,1757,198,1702,12,25,104],"class_list":{"0":"post-246996","1":"post","2":"type-post","3":"status-publish","4":"format-standard","5":"has-post-thumbnail","7":"category-nancy","8":"tag-actu","9":"tag-actualites","10":"tag-blamont","11":"tag-carnet-du-jour","12":"tag-cc-de-vezouze-en-piemont-54a","13":"tag-edition-luneville","14":"tag-edition-nancy-et-agglomeration","15":"tag-edition-pont-a-mousson","16":"tag-edition-toul","17":"tag-eu","18":"tag-europe","19":"tag-fr","20":"tag-france","21":"tag-grand-est","22":"tag-insolite","23":"tag-naissance","24":"tag-nancy","25":"tag-news","26":"tag-republique-francaise","27":"tag-societe"},"share_on_mastodon":{"url":"https:\/\/pubeurope.com\/@fr\/114845567103720425","error":""},"_links":{"self":[{"href":"https:\/\/www.europesays.com\/fr\/wp-json\/wp\/v2\/posts\/246996","targetHints":{"allow":["GET"]}}],"collection":[{"href":"https:\/\/www.europesays.com\/fr\/wp-json\/wp\/v2\/posts"}],"about":[{"href":"https:\/\/www.europesays.com\/fr\/wp-json\/wp\/v2\/types\/post"}],"author":[{"embeddable":true,"href":"https:\/\/www.europesays.com\/fr\/wp-json\/wp\/v2\/users\/2"}],"replies":[{"embeddable":true,"href":"https:\/\/www.europesays.com\/fr\/wp-json\/wp\/v2\/comments?post=246996"}],"version-history":[{"count":0,"href":"https:\/\/www.europesays.com\/fr\/wp-json\/wp\/v2\/posts\/246996\/revisions"}],"wp:featuredmedia":[{"embeddable":true,"href":"https:\/\/www.europesays.com\/fr\/wp-json\/wp\/v2\/media\/246997"}],"wp:attachment":[{"href":"https:\/\/www.europesays.com\/fr\/wp-json\/wp\/v2\/media?parent=246996"}],"wp:term":[{"taxonomy":"category","embeddable":true,"href":"https:\/\/www.europesays.com\/fr\/wp-json\/wp\/v2\/categories?post=246996"},{"taxonomy":"post_tag","embeddable":true,"href":"https:\/\/www.europesays.com\/fr\/wp-json\/wp\/v2\/tags?post=246996"}],"curies":[{"name":"wp","href":"https:\/\/api.w.org\/{rel}","templated":true}]}}