{"id":247004,"date":"2025-07-13T11:01:11","date_gmt":"2025-07-13T11:01:11","guid":{"rendered":"https:\/\/www.europesays.com\/fr\/247004\/"},"modified":"2025-07-13T11:01:11","modified_gmt":"2025-07-13T11:01:11","slug":"pres-de-rouen-cette-friche-se-prepare-a-accueillir-une-caserne-de-pompiers-toute-neuve","status":"publish","type":"post","link":"https:\/\/www.europesays.com\/fr\/247004\/","title":{"rendered":"Pr\u00e8s de Rouen, cette friche se pr\u00e9pare \u00e0 accueillir une caserne de pompiers toute neuve"},"content":{"rendered":"<p>            Par<br \/>\n        <strong><br \/>\n            <a href=\"https:\/\/actu.fr\/auteur\/laredaction\" title=\"Consulter tous les articles de R\u00e9daction Normandie\" rel=\"nofollow noopener\" target=\"_blank\">R\u00e9daction Normandie<\/a><br \/>\n        <\/strong><\/p>\n<p>        Publi\u00e9 le<\/p>\n<p>            13 juil. 2025 \u00e0 11h58        <\/p>\n<p><strong>La future caserne de pompiers de la Vall\u00e9e du Cailly occupera 2 600 m\u00b2<\/strong> avec des locaux administratifs et op\u00e9rationnels. Elle b\u00e9n\u00e9ficiera d\u2019une grande aire de stockage pour les v\u00e9hicules, d\u2019une aire de man\u0153uvre et une zone sera sp\u00e9cifiquement r\u00e9serv\u00e9e au r\u00e9armement des v\u00e9hicules de secours aux personnes. Le rez-de-chauss\u00e9e du b\u00e2timent sera occup\u00e9 par une salle de r\u00e9union, des vestiaires et une petite salle de culture physique. Au premier \u00e9tage on trouvera surtout les locaux administratifs ainsi qu\u2019une salle de d\u00e9tente pour les repas.<\/p>\n<p>Une visite du chantier de la future caserne<\/p>\n<p class=\" wall-content\">Jeudi 26 juin 2025, une visite du chantier a eu lieu en pr\u00e9sence d\u2019Andr\u00e9 Gauthier pr\u00e9sident du Sdis, de l\u2019architecte de l\u2019atelier Des Deux Anges S\u00e9bastien Gamelin, d\u2019Ang\u00e9lique Fr\u00e9maux cheffe du service communication du Sdis, ainsi que du s\u00e9nateur Pascal Martin, de la maire de Montville Anne-Sophie Clabaut et de nombreux sapeurs-pompiers dont les deux chefs de centre de Montville et Malaunay ; Des membres des Amis du mus\u00e9e et des membres du conseil municipal \u00e9taient \u00e9galement pr\u00e9sents.<\/p>\n<p class=\" wall-content\">Lors de la visite, les chefs de centre ont insist\u00e9 sur ce qu\u2019ils consid\u00e8rent comme \u00ab un deuxi\u00e8me grand chantier, celui qui concerne l\u2019humain \u00bb. En effet, la fusion des deux centres va modifier les organisations et les habitudes de chacun.<\/p>\n<p class=\" wall-content\">Des groupes de travail ont \u00e9t\u00e9 mis en place, r\u00e9unissant des agents de Montville et de Malaunay. Un groupe de travail s\u2019int\u00e9resse \u00e0 l\u2019histoire et aux valeurs des centres de secours, et recherche des traces historiques, sachant que Malaunay a \u00e9t\u00e9 cr\u00e9\u00e9 en 1832 et Montville, en 1834. Le groupe travaille \u00e9galement avec des anciens sapeurs-pompiers et des jeunes. Un autre groupe travaille sur le d\u00e9m\u00e9nagement et l\u2019emm\u00e9nagement afin d\u2019\u00eatre pr\u00eat le jour J et de pouvoir se retrouver tous ensemble.<\/p>\n<p>    <img   decoding=\"async\" loading=\"lazy\" class=\"size-large\" src=\"https:\/\/www.europesays.com\/fr\/wp-content\/uploads\/2025\/07\/7be21e3ff66868fe21e3ff66873f21v-960x640.jpg\" alt=\"Le chantier vu de l'int\u00e9rieur\" width=\"960\" height=\"640\"\/><br \/>\n    Le chantier vu de l\u2019int\u00e9rieur. \u00a9Le Bulletin<\/p>\n<p class=\" wall-content\">Il n\u2019est pas pr\u00e9vu de recrutement de jeunes sapeurs-pompiers actuellement, ceci pour attendre la mise en place d\u2019une formation commune, car les deux centres n\u2019avaient pas les m\u00eames m\u00e9thodes de formation : un point \u00e0 travailler pour obtenir une harmonie.<\/p>\n<p>Un projet unique<\/p>\n<p class=\" wall-content\">Ce projet est unique, puisqu\u2019il repr\u00e9sente \u00e0 la fois une reconversion d\u2019une friche industrielle importante et un regroupement de deux casernes : une mise en commun des moyens et des hommes qui am\u00e9liorera consid\u00e9rablement les conditions de travail. Il devrait prendre le nom de Centre d\u2019Incendie et de Secours de la Vall\u00e9e du Cailly et \u00eatre op\u00e9rationnel \u00e0 l\u2019automne.<\/p>\n<p>Suivez l\u2019actualit\u00e9 de Rouen <a href=\"https:\/\/www.whatsapp.com\/channel\/0029VaKfnf99hXF2ddApFB1D\" rel=\"nofollow noopener\" target=\"_blank\">sur notre cha\u00eene WhatsApp<\/a> et <a href=\"https:\/\/www.tiktok.com\/@76actu.fr?lang=fr\" rel=\"nofollow noopener\" target=\"_blank\">sur notre compte TikTok<\/a><\/p>\n<p class=\" wall-content\">Suivez toute l\u2019actualit\u00e9 de vos villes et m\u00e9dias favoris en vous inscrivant \u00e0 <a href=\"https:\/\/moncompte.actu.fr\" title=\"D\u00e9couvez Mon Actu\" rel=\"nofollow noopener\" data-trk=\"{&quot;cta&quot;:{&quot;action&quot;:&quot;https:\\\/\\\/moncompte.actu.fr&quot;,&quot;category&quot;:&quot;mon compte&quot;,&quot;from&quot;:&quot;article footer&quot;,&quot;name&quot;:&quot;Mon actu&quot;,&quot;type&quot;:&quot;cta&quot;}}\" target=\"_blank\">Mon Actu<\/a>.<\/p>\n<p>                    <script async src=\"\/\/www.tiktok.com\/embed.js\"><\/script><\/p>\n","protected":false},"excerpt":{"rendered":"Par R\u00e9daction Normandie Publi\u00e9 le 13 juil. 2025 \u00e0 11h58 La future caserne de pompiers de la Vall\u00e9e&hellip;\n","protected":false},"author":2,"featured_media":247005,"comment_status":"","ping_status":"","sticky":false,"template":"","format":"standard","meta":{"footnotes":""},"categories":[9587],"tags":[1111,11,1777,674,1011,27,12,5161,1311,25,9590,104],"class_list":{"0":"post-247004","1":"post","2":"type-post","3":"status-publish","4":"format-standard","5":"has-post-thumbnail","7":"category-rouen","8":"tag-actu","9":"tag-actualites","10":"tag-eu","11":"tag-europe","12":"tag-fr","13":"tag-france","14":"tag-news","15":"tag-normandie","16":"tag-pompiers","17":"tag-republique-francaise","18":"tag-rouen","19":"tag-societe"},"share_on_mastodon":{"url":"https:\/\/pubeurope.com\/@fr\/114845586858969123","error":""},"_links":{"self":[{"href":"https:\/\/www.europesays.com\/fr\/wp-json\/wp\/v2\/posts\/247004","targetHints":{"allow":["GET"]}}],"collection":[{"href":"https:\/\/www.europesays.com\/fr\/wp-json\/wp\/v2\/posts"}],"about":[{"href":"https:\/\/www.europesays.com\/fr\/wp-json\/wp\/v2\/types\/post"}],"author":[{"embeddable":true,"href":"https:\/\/www.europesays.com\/fr\/wp-json\/wp\/v2\/users\/2"}],"replies":[{"embeddable":true,"href":"https:\/\/www.europesays.com\/fr\/wp-json\/wp\/v2\/comments?post=247004"}],"version-history":[{"count":0,"href":"https:\/\/www.europesays.com\/fr\/wp-json\/wp\/v2\/posts\/247004\/revisions"}],"wp:featuredmedia":[{"embeddable":true,"href":"https:\/\/www.europesays.com\/fr\/wp-json\/wp\/v2\/media\/247005"}],"wp:attachment":[{"href":"https:\/\/www.europesays.com\/fr\/wp-json\/wp\/v2\/media?parent=247004"}],"wp:term":[{"taxonomy":"category","embeddable":true,"href":"https:\/\/www.europesays.com\/fr\/wp-json\/wp\/v2\/categories?post=247004"},{"taxonomy":"post_tag","embeddable":true,"href":"https:\/\/www.europesays.com\/fr\/wp-json\/wp\/v2\/tags?post=247004"}],"curies":[{"name":"wp","href":"https:\/\/api.w.org\/{rel}","templated":true}]}}