{"id":247010,"date":"2025-07-13T11:07:17","date_gmt":"2025-07-13T11:07:17","guid":{"rendered":"https:\/\/www.europesays.com\/fr\/247010\/"},"modified":"2025-07-13T11:07:17","modified_gmt":"2025-07-13T11:07:17","slug":"de-barcelone-a-rennes-de-guitarricadelafuente-a-percubaba","status":"publish","type":"post","link":"https:\/\/www.europesays.com\/fr\/247010\/","title":{"rendered":"De Barcelone \u00e0 Rennes, de Guitarricadelafuente \u00e0 Percubaba"},"content":{"rendered":"<p>\n                                                Cette semaine dans notre selecta, il y a : du rock queer et insolent (Wet Leg) un petit prince espagnol du folk (Guitarricadelafuente) ou encore \u00abl&rsquo;histoire d&rsquo;un live\u00bb, celle d&rsquo;un groupe de la sc\u00e8ne alternative et festive fran\u00e7aise des ann\u00e9es 2000, Percubaba (photo).                    <\/p>\n<p>Avec aussi la complicit\u00e9 de <strong>Morgane de Cap\u00e8le<\/strong>, <strong>J\u00e9r\u00e9my Spellanzon<\/strong>\u00a0et <a target=\"_blank\" href=\"https:\/\/www.youtube.com\/@riderlepodcastmusique9945\" rel=\"noopener\"><strong>Lucas Bouiller<\/strong><\/a>\u00a0qui, de Paris \u00e0 Marseille en passant par Montr\u00e9al (Canada), nous disent tout sur leur m\u00e9tier : celui d&rsquo;attach\u00e9(e)s de presse ind\u00e9pendants d&rsquo;artistes \u00e9mergents.<\/p>\n<p style=\"text-align:center\"><strong>La selecta<\/strong><\/p>\n<p><strong>1\/ JUDY CARTER \u2013 \u00ab\u00a0Listen to the music\u00a0\u00bb<\/strong>,<strong> <\/strong>initialement sorti en 1983 (Paco Rabanne Design), il vient d&rsquo;\u00eatre remast\u00e9ris\u00e9 par<strong> <a target=\"_blank\" href=\"https:\/\/www.miraval-studios.com\/\" rel=\"noopener\">Miraval Studios<\/a>.<\/strong><\/p>\n<p>Et pour c\u00e9l\u00e9brer cette renaissance, <a target=\"_blank\" href=\"https:\/\/www.rabanne.com\/fr\/fr\/?utm_source=adwords&amp;utm_medium=paid_search_makeup&amp;utm_content=conversion&amp;utm_bu=makeup&amp;utm_mkbr=&amp;utm_campaign=PR_FRA_Makeup_FRA_ALL_Global_CONV&amp;utm_term=&amp;utm_clicktype=text&amp;gad_source=1&amp;gad_campaignid=20423751992&amp;gclid=CjwKCAjwprjDBhBTEiwA1m1d0gcto5DG3B8dMrFI-yO-qPr6Sz8wmCAu8GJFuPRySz161fPyZLP9UBoCTLwQAvD_BwE\" rel=\"noopener\"><strong>La Maison Rabanne<\/strong> <\/a>vient de lancer sur TitTok un challenge (<a target=\"_blank\" href=\"https:\/\/www.tiktok.com\/tag\/rabanneremix\" rel=\"noopener\"><strong>#RabanneRemix<\/strong><\/a>) ouvert aux producteurs, beatmakers, musiciens et cr\u00e9ateurs du monde entier.<\/p>\n<p>L\u2019objectif : remixer l\u2019original de \u00ab\u00a0Listen to the Music\u00a0\u00bb et lui insuffler une nouvelle \u00e9nergie.<\/p>\n<p>\u00c0 la cl\u00e9 : une r\u00e9sidence avec Damien Quintard, producteur multi-r\u00e9compens\u00e9 et co-fondateur de Miraval Studios.<\/p>\n<p><strong>2\/ <a target=\"_blank\" href=\"https:\/\/www.instagram.com\/hey.bony\/?hl=fr\" rel=\"noopener\">HEY BONY<\/a> x <a target=\"_blank\" href=\"https:\/\/www.instagram.com\/marla___officiel\/?hl=fr\" rel=\"noopener\">MARLA<\/a> &#8211; \u00ab\u00a0Tiens\u00a0\u00bb<\/strong>, extrait de Hyper Manioc (Blanc Manioc &#8211; 2025)<\/p>\n<p><strong>3\/ <a target=\"_blank\" href=\"https:\/\/www.instagram.com\/joanthiele\/\" rel=\"noopener\">JOAN THIELE <\/a>\u2013 \u00ab\u00a0Allucinazione\u00a0\u00bb<\/strong>, extrait de Joanita (A Numero Uno release \/ Sony Music &#8211; 2025)<\/p>\n<p>En tourn\u00e9e dans toute l&rsquo;Italie jusqu&rsquo;au mois de septembre, toutes les dates <a target=\"_blank\" href=\"https:\/\/www.livenation.it\/joan-thiele-tickets-adp1567880?fbclid=PAZXh0bgNhZW0CMTEAAae0nOpjvTZypOkLy_034dUPgNFFD-whtTE1D1pVKiX6_niDuK9-bCnS0dF-0Q_aem_sxZ4TBHESQ9wLXpufzhIxw\" rel=\"noopener\">ici<\/a><\/p>\n<p><strong>4\/\u00a0<\/strong><strong> <a target=\"_blank\" href=\"https:\/\/www.instagram.com\/guitarricadelafuente\/\" rel=\"noopener\">GUITARRICADELAFUENTE<\/a> &#8211; \u00ab\u00a0Full Time Papi\u00a0\u00bb<\/strong>, extrait de Spanish Leather (Sony Music &#8211; 2025)<\/p>\n<p>En tourn\u00e9e dans toute l&rsquo;Espagne jusqu&rsquo;au mois d&rsquo;octobre, toutes les dates <a target=\"_blank\" href=\"https:\/\/guitarricadelafuente.com\/?fbclid=PAZXh0bgNhZW0CMTEAAaeMvYdSpWVoPQoFmXpeF19rhSQnTUwxR85ciBK0g4RJzr8PPif5cX13-D77fQ_aem_WBSK687Gxz11AdABEfsklg\" rel=\"noopener\">ici<\/a><\/p>\n<p><strong>5\/ <a target=\"_blank\" href=\"https:\/\/www.instagram.com\/birdsonawiremusic\/?hl=fr\" rel=\"noopener\">BIRDS ON A WIRE<\/a>\u00a0 x <a target=\"_blank\" href=\"https:\/\/www.radiofrance.com\/la-maitrise-de-radio-france\" rel=\"noopener\">La Ma\u00eetrise de Radio France <\/a>\u2013 \u00ab\u00a0Smalltown Boy\u00a0\u00bb<\/strong>, \u00e0 retrouver sur Nu\u00e9es Ardentes (Sabia \/ Pias), \u00e0 para\u00eetre le 3 octobre.<\/p>\n<p><strong>\u00c0 noter<\/strong> : La chanteuse franco-am\u00e9ricaine <strong><a target=\"_blank\" href=\"https:\/\/www.instagram.com\/rosemarystandleyofficiel\/?hl=fr\" rel=\"noopener\">Rosemary Standley<\/a>\u00a0<\/strong>et la violoncelliste br\u00e9silienne <strong><a target=\"_blank\" href=\"https:\/\/www.instagram.com\/domlanena\/?hl=fr\" rel=\"noopener\">Dom La Nena<\/a><\/strong>\u00a0seront en concert le 17 juillet, au th\u00e9\u00e2tre Antique d\u2019<strong>Arles<\/strong>, dans le sud-est de la France, pour f\u00eater la 30\u1d49 anniversaire du festival <strong><a target=\"_blank\" href=\"https:\/\/www.suds-arles.com\/\" rel=\"noopener\">LES SUDS.<\/a><\/strong><\/p>\n<p>Un festival qui d\u00e8s demain investit le centre historique de la cit\u00e9 arl\u00e9sienne pour une semaine enti\u00e8re de f\u00eate et de rencontres autour des Musiques actuelles du Monde.<\/p>\n<p><strong>Bird on a wire<\/strong>, <strong>Salif Ke\u00eeta<\/strong>, <strong>Seu Jorge<\/strong> sont \u00e0 l\u2019affiche. <strong>Nathalie Amar<\/strong> et moi-m\u00eame serons dans la place avec nos \u00e9quipes !<\/p>\n<p>Rdv ce jeudi 17 juillet \u00e0 18h dans l\u2019enceinte de l\u2019\u00e9cole du clo\u00eetre pour l\u2019enregistrement <strong><a target=\"_self\" href=\"https:\/\/www.rfi.fr\/fr\/podcasts\/sur-le-pont-des-arts\/\" rel=\"noopener\">Sur le Pont des Arts<\/a><\/strong> et dimanche 20 juillet pour de Bonnes pulsations du monde especiales\u00a0!<\/p>\n<p><strong>6\/ <a target=\"_blank\" href=\"https:\/\/www.instagram.com\/davidwaltersplay\/?hl=fr\" rel=\"noopener\">DAVID WALTERS<\/a> &amp; <a target=\"_blank\" href=\"https:\/\/www.instagram.com\/keziahjonesofficiel\/\" rel=\"noopener\">KEZIAH JONES<\/a> &#8211; \u00ab\u00a0Kit\u00e9 Koul\u00e9\u00a0\u00bb<\/strong> (Heavenly Stweetness &#8211; 2025)<\/p>\n<p class=\"a-read-more\">\u00c0 retrouver ici<a target=\"_self\" href=\"https:\/\/www.rfi.fr\/fr\/musique\/20250310-la-playlist-officielle-de-rfi\" class=\"a-read-more__link\" rel=\"noopener\">La playlist Officielle RFI<\/a><\/p>\n<p><strong>7\/ <a target=\"_blank\" href=\"https:\/\/www.instagram.com\/dacruzmusic\/?hl=fr\" rel=\"noopener\">DA CRUZ<\/a> \u00a0x <a target=\"_blank\" href=\"https:\/\/www.instagram.com\/magugu1\/?hl=fr\" rel=\"noopener\">MAGUGU<\/a> &#8211; \u00ab\u00a0Chata\u00a0\u00bb <\/strong>(Boom Jah Records &#8211; 2025)<\/p>\n<p><strong>8\/ <a target=\"_blank\" href=\"https:\/\/www.instagram.com\/wetlegband\/\" rel=\"noopener\">WET LEG<\/a> \u2013 \u00ab\u00a0Catch These Fists\u00a0\u00bb,<\/strong> extrait de Moisturizer (Domino Records &#8211; 2025)<\/p>\n<p>Wet Leg : <strong><a target=\"_blank\" href=\"https:\/\/www.youtube.com\/watch?v=AzUHNjKMeV4\" rel=\"noopener\">Tiny Desk Concert<\/a><\/strong><\/p>\n<p><strong>9<\/strong>\/\u00a0<a target=\"_blank\" href=\"https:\/\/www.facebook.com\/p\/PERCUBABA-OFFICIEL-100062973951915\/?locale=fr_FR\" rel=\"noopener\"> <\/a><strong><a target=\"_blank\" href=\"https:\/\/www.facebook.com\/p\/PERCUBABA-OFFICIEL-100062973951915\/?locale=fr_FR\" rel=\"noopener\">PERCUBABA <\/a>\u2013 \u00ab\u00a0Le Meka\u00a0\u00bb<\/strong> extrait de Live (Foutadawa Distribution &#8211; 2004)<\/p>\n<p>\u00a0<\/p>\n<p>B.P.M. &#8211; La Rencontre<\/p>\n<p>Une fois par mois, <strong>Bonnes Pulsations du Monde<\/strong> s\u2019arr\u00eate toute enti\u00e8re aupr\u00e8s d\u2019un artiste, le temps d\u2019une rencontre intime qui m\u00eale sa vie \u00e0 son \u0153uvre, en le suivant dans un festival, dans son quartier ou alors sur les itin\u00e9raires familiers qui sont ceux de son inspiration.<\/p>\n<p>C&rsquo;est <strong><a href=\"https:\/\/www.rfi.fr\/fr\/podcasts\/sessionlab\/#podcast-about\" target=\"_self\" rel=\"noopener\">B.P.M. \u2013 La Rencontre<\/a><\/strong>\u00a0 : une conversation en toute intimit\u00e9 et en audio 3D (ou son spatialis\u00e9) au c\u0153ur des musiques et de leurs cr\u00e9ateurs !<\/p>\n<p>                <script async src=\"\/\/www.instagram.com\/embed.js\"><\/script><script async src=\"\/\/www.tiktok.com\/embed.js\"><\/script><\/p>\n","protected":false},"excerpt":{"rendered":"Cette semaine dans notre selecta, il y a : du rock queer et insolent (Wet Leg) un petit&hellip;\n","protected":false},"author":2,"featured_media":247011,"comment_status":"","ping_status":"","sticky":false,"template":"","format":"standard","meta":{"footnotes":""},"categories":[2821],"tags":[1111,11,31502,829,38734,1777,674,3881,1011,27,873,12,10044,3619,584,25,3621,7040,38733],"class_list":{"0":"post-247010","1":"post","2":"type-post","3":"status-publish","4":"format-standard","5":"has-post-thumbnail","7":"category-rennes","8":"tag-actu","9":"tag-actualites","10":"tag-bonnes-pulsations-du-monde","11":"tag-bretagne","12":"tag-disco","13":"tag-eu","14":"tag-europe","15":"tag-folk","16":"tag-fr","17":"tag-france","18":"tag-musique","19":"tag-news","20":"tag-pop","21":"tag-reggae","22":"tag-rennes","23":"tag-republique-francaise","24":"tag-rnb","25":"tag-rock","26":"tag-soul-music"},"share_on_mastodon":{"url":"https:\/\/pubeurope.com\/@fr\/114845610336940354","error":""},"_links":{"self":[{"href":"https:\/\/www.europesays.com\/fr\/wp-json\/wp\/v2\/posts\/247010","targetHints":{"allow":["GET"]}}],"collection":[{"href":"https:\/\/www.europesays.com\/fr\/wp-json\/wp\/v2\/posts"}],"about":[{"href":"https:\/\/www.europesays.com\/fr\/wp-json\/wp\/v2\/types\/post"}],"author":[{"embeddable":true,"href":"https:\/\/www.europesays.com\/fr\/wp-json\/wp\/v2\/users\/2"}],"replies":[{"embeddable":true,"href":"https:\/\/www.europesays.com\/fr\/wp-json\/wp\/v2\/comments?post=247010"}],"version-history":[{"count":0,"href":"https:\/\/www.europesays.com\/fr\/wp-json\/wp\/v2\/posts\/247010\/revisions"}],"wp:featuredmedia":[{"embeddable":true,"href":"https:\/\/www.europesays.com\/fr\/wp-json\/wp\/v2\/media\/247011"}],"wp:attachment":[{"href":"https:\/\/www.europesays.com\/fr\/wp-json\/wp\/v2\/media?parent=247010"}],"wp:term":[{"taxonomy":"category","embeddable":true,"href":"https:\/\/www.europesays.com\/fr\/wp-json\/wp\/v2\/categories?post=247010"},{"taxonomy":"post_tag","embeddable":true,"href":"https:\/\/www.europesays.com\/fr\/wp-json\/wp\/v2\/tags?post=247010"}],"curies":[{"name":"wp","href":"https:\/\/api.w.org\/{rel}","templated":true}]}}