{"id":247018,"date":"2025-07-13T11:11:11","date_gmt":"2025-07-13T11:11:11","guid":{"rendered":"https:\/\/www.europesays.com\/fr\/247018\/"},"modified":"2025-07-13T11:11:11","modified_gmt":"2025-07-13T11:11:11","slug":"croisieres-xxl-la-justice-suspend-larrete-du-president-de-la-metropole-nice-cote-dazur-christian-estrosi","status":"publish","type":"post","link":"https:\/\/www.europesays.com\/fr\/247018\/","title":{"rendered":"Croisi\u00e8res XXL: la justice suspend l&rsquo;arr\u00eat\u00e9 du pr\u00e9sident de la M\u00e9tropole Nice-C\u00f4te d&rsquo;Azur Christian Estrosi"},"content":{"rendered":"<p><a href=\"https:\/\/www.nicematin.com\/transports\/mega-croisieres-le-prefet-retoque-l-arrete-de-christian-estrosi-993820\" target=\"_blank\" rel=\"noopener\">Saisi par le pr\u00e9fet des Alpes-Maritimes<\/a>, \u00ab\u00a0le juge des r\u00e9f\u00e9r\u00e9s a suspendu l\u2019ex\u00e9cution de l\u2019arr\u00eat\u00e9 du 9 juillet 2025 du pr\u00e9sident de la M\u00e9tropole Nice C\u00f4te d\u2019Azur portant r\u00e9gulation du d\u00e9barquement et de l\u2019embarquement des passagers de navires de croisi\u00e8re\u00a0dans le port de Nice \/ Villefranche \u2013 Sant\u00e9\u00a0\u00bb, indique le tribunal administratif de Nice ce dimanche dans un communiqu\u00e9.<\/p>\n<p>Dans son ordonnance dat\u00e9e du 13 juillet 2025, le juge des r\u00e9f\u00e9r\u00e9s du tribunal administratif a estim\u00e9 que \u00ab\u00a0le pr\u00e9sident de la M\u00e9tropole Nice C\u00f4te d\u2019Azur n\u2019\u00e9tait pas comp\u00e9tent\u00a0\u00bb pour \u00e9dicter<a href=\"https:\/\/www.nicematin.com\/vie-locale\/bateau-xxl-ce-que-contient-de-nouvel-arrete-anti-croisieres-du-president-de-la-metropole-nice-cote-d-azur-christian-estrosi-993753\" target=\"_blank\" rel=\"noopener\"> des mesures d&rsquo;interdiction et de limitation d\u2019amarrage, d\u2019embarquement et de d\u00e9barquement des passagers des navires de croisi\u00e8re \u00e0 Nice et Villefranche-sur-Mer<\/a>.<\/p>\n<p>\u00ab\u00a0Seul le pr\u00e9fet des Alpes-Maritimes [peut], dans le cadre de ses pouvoirs de police du plan d\u2019eau, organiser les entr\u00e9es, les sorties et les mouvements des navires\u00a0\u00bb, rappelle le tribunal.<\/p>\n<p>\u00ab\u00a0Atteinte \u00e0 la libert\u00e9 d\u2019aller et venir et \u00e0 la libert\u00e9 du commerce et de l\u2019industrie\u00a0\u00bb<\/p>\n<p>Pour contrer l\u2019impact environnemental des navires de croisi\u00e8re de grande capacit\u00e9, Christian Estrosi a \u00e9dict\u00e9 un arr\u00eat\u00e9, entr\u00e9 en vigueur le 11 juillet 2025, interdisant dans le port de Nice l\u2019amarrage, l\u2019embarquement et le d\u00e9barquement des passagers des navires de croisi\u00e8re dont la capacit\u00e9 d\u2019accueil exc\u00e8de 450 passagers ainsi que l\u2019embarquement et le d\u00e9barquement dans le port de Villefranche \u2013 Sant\u00e9 des passagers des navires de croisi\u00e8re dont la capacit\u00e9 d\u2019accueil exc\u00e8de 2 500 passagers. En outre, l\u2019arr\u00eat\u00e9 limite \u00e0 65 par an, et dans la limite d\u2019un seul navire de croisi\u00e8re par jour, le nombre d\u2019escales des navires de croisi\u00e8re autoris\u00e9s dans le port de Villefranche \u2013 Sant\u00e9.<\/p>\n<p>Des mesures qui auraient pour effet de \u00ab\u00a0compromettre la libert\u00e9 d\u2019aller et venir des passagers des navires de croisi\u00e8re et la libert\u00e9 du commerce et d\u2019industrie des op\u00e9rateurs des navires de croisi\u00e8re\u00a0\u00bb, estime encore la justice.<\/p>\n<p>Estimant que de telles r\u00e8gles \u00ab\u00a0ne pouvaient l\u00e9galement \u00eatre prises par le pr\u00e9sident de la M\u00e9tropole\u00a0\u00bb et qu\u2019elles \u00e9taient \u00ab\u00a0de nature \u00e0 porter atteinte \u00e0 la libert\u00e9 d\u2019aller et venir et \u00e0 la libert\u00e9 du commerce et de l\u2019industrie\u00a0\u00bb, le pr\u00e9fet des Alpes-Maritimes avait saisi le juge des r\u00e9f\u00e9r\u00e9s du tribunal administratif de Nice avant m\u00eame l&rsquo;entr\u00e9e en vigueur du texte. Son d\u00e9f\u00e9r\u00e9 tendant \u00e0 la suspension de cet arr\u00eat\u00e9 a fait l\u2019objet d\u2019une audience publique jeudi.<\/p>\n<p>L&rsquo;ordonnance du juge des r\u00e9f\u00e9r\u00e9s, saisi en urgence, \u00ab\u00a0ne pr\u00e9juge pas du jugement qui sera rendu \u00e0 l\u2019occasion de l\u2019examen, par une formation coll\u00e9giale du tribunal, du d\u00e9f\u00e9r\u00e9 du pr\u00e9fet des Alpes-Maritimes tendant \u00e0 l\u2019annulation de cet arr\u00eat\u00e9 du pr\u00e9sident de la M\u00e9tropole Nice C\u00f4te d\u2019Azur\u00a0\u00bb, conclut le tribunal.<\/p>\n<p>Vendredi, Christian Estrosi avait \u00ab\u00a0s\u00e9ch\u00e9\u00a0\u00bb une table ronde sur le sujet organis\u00e9e par le pr\u00e9fet en pr\u00e9sence des maires concern\u00e9s et les professionnels du secteur, au motif qu&rsquo;il pr\u00e9sidait le conseil m\u00e9tropolitain. Mais \u00e0 l&rsquo;heure de la r\u00e9union, il \u00e9tait en r\u00e9alit\u00e9 en mairie de Nice, devant la presse, pour exposer ses mesures contre \u00ab\u00a0les nuisances induites par des populations errantes\u00a0\u00bb, au demeurant <a href=\"https:\/\/www.nicematin.com\/securite\/pour-chasser-les-toxicomanes-le-maire-de-nice-decide-de-fermer-une-rue-993984\" target=\"_blank\" rel=\"noopener\">la fermeture d&rsquo;une rue du centre-ville pour en chasser les toxicomanes<\/a>.\u00a0<\/p>\n","protected":false},"excerpt":{"rendered":"Saisi par le pr\u00e9fet des Alpes-Maritimes, \u00ab\u00a0le juge des r\u00e9f\u00e9r\u00e9s a suspendu l\u2019ex\u00e9cution de l\u2019arr\u00eat\u00e9 du 9 juillet&hellip;\n","protected":false},"author":2,"featured_media":247019,"comment_status":"","ping_status":"","sticky":false,"template":"","format":"standard","meta":{"footnotes":""},"categories":[2819],"tags":[1111,11,1777,674,1011,27,12,2401,882,25,3366],"class_list":{"0":"post-247018","1":"post","2":"type-post","3":"status-publish","4":"format-standard","5":"has-post-thumbnail","7":"category-nice","8":"tag-actu","9":"tag-actualites","10":"tag-eu","11":"tag-europe","12":"tag-fr","13":"tag-france","14":"tag-news","15":"tag-nice","16":"tag-provence-alpes-cote-dazur","17":"tag-republique-francaise","18":"tag-vie-locale"},"share_on_mastodon":{"url":"https:\/\/pubeurope.com\/@fr\/114845626196796877","error":""},"_links":{"self":[{"href":"https:\/\/www.europesays.com\/fr\/wp-json\/wp\/v2\/posts\/247018","targetHints":{"allow":["GET"]}}],"collection":[{"href":"https:\/\/www.europesays.com\/fr\/wp-json\/wp\/v2\/posts"}],"about":[{"href":"https:\/\/www.europesays.com\/fr\/wp-json\/wp\/v2\/types\/post"}],"author":[{"embeddable":true,"href":"https:\/\/www.europesays.com\/fr\/wp-json\/wp\/v2\/users\/2"}],"replies":[{"embeddable":true,"href":"https:\/\/www.europesays.com\/fr\/wp-json\/wp\/v2\/comments?post=247018"}],"version-history":[{"count":0,"href":"https:\/\/www.europesays.com\/fr\/wp-json\/wp\/v2\/posts\/247018\/revisions"}],"wp:featuredmedia":[{"embeddable":true,"href":"https:\/\/www.europesays.com\/fr\/wp-json\/wp\/v2\/media\/247019"}],"wp:attachment":[{"href":"https:\/\/www.europesays.com\/fr\/wp-json\/wp\/v2\/media?parent=247018"}],"wp:term":[{"taxonomy":"category","embeddable":true,"href":"https:\/\/www.europesays.com\/fr\/wp-json\/wp\/v2\/categories?post=247018"},{"taxonomy":"post_tag","embeddable":true,"href":"https:\/\/www.europesays.com\/fr\/wp-json\/wp\/v2\/tags?post=247018"}],"curies":[{"name":"wp","href":"https:\/\/api.w.org\/{rel}","templated":true}]}}