{"id":247020,"date":"2025-07-13T11:12:09","date_gmt":"2025-07-13T11:12:09","guid":{"rendered":"https:\/\/www.europesays.com\/fr\/247020\/"},"modified":"2025-07-13T11:12:09","modified_gmt":"2025-07-13T11:12:09","slug":"quels-sont-les-commerces-ouverts-ce-lundi","status":"publish","type":"post","link":"https:\/\/www.europesays.com\/fr\/247020\/","title":{"rendered":"quels sont les commerces ouverts ce lundi\u00a0?"},"content":{"rendered":"<p>            Par<br \/>\n        <strong><br \/>\n            <a href=\"https:\/\/actu.fr\/auteur\/clemence-pays02-actu-fr\" title=\"Consulter tous les articles de Cl\u00e9mence Pays\" rel=\"nofollow noopener\" target=\"_blank\">Cl\u00e9mence Pays<\/a><br \/>\n        <\/strong><\/p>\n<p>        Publi\u00e9 le<\/p>\n<p>            13 juil. 2025 \u00e0 12h30        <\/p>\n<p>\u00c0 l\u2019occasion de la <strong>F\u00eate nationale,<\/strong> la plupart des commerces et entreprises seront ferm\u00e9es \u00e0 Nantes, en raison du caract\u00e8re <strong>f\u00e9ri\u00e9<\/strong> de cette journ\u00e9e. Toutefois, certains ont d\u00e9cid\u00e9 de rester ouverts<strong> lundi 14\u00a0juillet 2025,<\/strong> pour permettre aux Nantaises et Nantais de faire leurs courses ou encore de profiter des soldes.<\/p>\n<p class=\" wall-content\">La r\u00e9daction fait <strong>le point sur les commerces ouverts.<\/strong><\/p>\n<p>Les centres commerciaux<\/p>\n<p class=\" wall-content\">Les galeries commerciales suivantes ont choisi d\u2019ouvrir exceptionnellement lundi 14\u00a0juillet\u2009:<\/p>\n<ul class=\" wall-content\">\n<li>le centre commercial <strong>Beaulieu<\/strong> sera ouvert de 10h \u00e0 19h, boulevard du G\u00e9n\u00e9ral-de-Gaulle, sur l\u2019\u00eele de Nantes\u2009;<\/li>\n<li>le centre commercial <strong>Paridis<\/strong> sera ouvert de 10h \u00e0 19h pour les boutiques et de 8h30 \u00e0 20h pour le supermarch\u00e9 E.Leclerc, 10, route de Paris, \u00e0 Nantes\u2009;<\/li>\n<li>le centre commercial <strong>Atlantis<\/strong> sera ouvert de 10h \u00e0 20h pour les boutiques, de 10h \u00e0 20h pour Ikea et de 8h \u00e0 20h pour le supermarch\u00e9 E.Leclerc, boulevard Salvador-Allende, \u00e0 <a href=\"https:\/\/actu.fr\/pays-de-la-loire\/saint-herblain_44162\" rel=\"nofollow noopener\" target=\"_blank\">Saint-Herblain<\/a>\u2009;<\/li>\n<li>le centre commercial <strong>Carrefour \u2013 Nantes La Beaujoire<\/strong> sera ouvert de 9h \u00e0 19h, ZAC de la Beaujoire \u00e0 Nantes\u2009;<\/li>\n<li>le centre commercial <strong>Auchan Nantes \u2013 Saint-S\u00e9bastien-sur-Loire<\/strong> sera ouvert de 10h \u00e0 18h30, le magasin Auchan ouvrira ses portes de 9h \u00e0 19h30, 2, rue Pierre-Mend\u00e8s-France, \u00e0 <a href=\"https:\/\/actu.fr\/pays-de-la-loire\/saint-sebastien-sur-loire_44190\" rel=\"nofollow noopener\" target=\"_blank\">Saint-S\u00e9bastien-sur-Loire<\/a>.<\/li>\n<\/ul>\n<p class=\" wall-content\">\u00c0 <a href=\"https:\/\/actu.fr\/pays-de-la-loire\/reze_44143\" rel=\"nofollow noopener\" target=\"_blank\">Rez\u00e9<\/a>, les galeries Oc\u00e9ane et Atout Sud seront ferm\u00e9es lundi 14\u00a0juillet. \u00c0 <a href=\"https:\/\/actu.fr\/pays-de-la-loire\/basse-goulaine_44009\" rel=\"nofollow noopener\" target=\"_blank\">Basse-Goulaine<\/a>, la galerie P\u00f4le Sud et le magasin E.Leclerc seront \u00e9galement ferm\u00e9s, mais certaines enseignes de la zone ouvriront exceptionnellement, comme le cin\u00e9ma P\u00f4le Sud (<a href=\"https:\/\/www.polesudshopping.fr\/informations-pratiques\/\" rel=\"nofollow noopener\" target=\"_blank\">liste d\u00e9taill\u00e9e ici<\/a>).<\/p>\n<p>Les boulangeries<\/p>\n<ul class=\" wall-content\">\n<li><strong>L\u2019Autre Boulangerie,<\/strong> de 7h30 \u00e0 13h, 4, rue de Cassini, \u00e0 Nantes (t\u00e9l. 02\u200928\u200901\u200945\u200933)\u2009;<\/li>\n<li>la boulangerie <strong>B\u00e9cam,<\/strong> du 24, rue Racine, \u00e0 Nantes, sera ouverte de 7h30 \u00e0 13h30 (t\u00e9l. 02\u200951\u200986\u200918\u200994)\u2009;<\/li>\n<li>la boulangerie <strong>B\u00e9cam,<\/strong> du 5, rue des Carmes, \u00e0 Nantes, sera ouverte entre 7h et 19h (horaires susceptibles de changer, t\u00e9l. 02\u200940\u200947\u200959\u200946)\u2009;<\/li>\n<li>la boulangerie <strong>B\u00e9cam,<\/strong> du 19, rue de Verdun, \u00e0 Nantes, sera ouverte de 7h \u00e0 19h (t\u00e9l. 02\u200940\u200947\u200918\u200938)\u2009;<\/li>\n<li>la chocolaterie-p\u00e2tisserie <strong>D\u00e9bott\u00e9,<\/strong> 2 rue des Hauts-Pav\u00e9s, \u00e0 Nantes, sera ouverte de 8h \u00e0 14h\u2009;<\/li>\n<li>la boulangerie <strong>Maison Antoine,<\/strong> au 53, boulevard Boulay-Paty sera ouverte de 8h \u00e0 12h30 (t\u00e9l. 02\u200940\u200976\u200960\u200982), la boulangerie Maison Antoine du boulevard des Anglais sera ferm\u00e9e.<\/li>\n<\/ul>\n<p>Cette liste de commerces est non exhaustive. Vous \u00eates commer\u00e7ant et souhaitez appara\u00eetre dans cette rubrique, \u00e9crivez-nous \u00e0 l\u2019adresse <a href=\"https:\/\/actu.fr\/cdn-cgi\/l\/email-protection\" class=\"__cf_email__\" data-cfemail=\"374552535654435e5859195956594352447756544342195145\" rel=\"nofollow noopener\" target=\"_blank\">[email\u00a0protected]<\/a><\/p>\n<p class=\" wall-content\">Suivez toute l\u2019actualit\u00e9 de vos villes et m\u00e9dias favoris en vous inscrivant \u00e0 <a href=\"https:\/\/moncompte.actu.fr\" title=\"D\u00e9couvez Mon Actu\" rel=\"nofollow noopener\" data-trk=\"{&quot;cta&quot;:{&quot;action&quot;:&quot;https:\\\/\\\/moncompte.actu.fr&quot;,&quot;category&quot;:&quot;mon compte&quot;,&quot;from&quot;:&quot;article footer&quot;,&quot;name&quot;:&quot;Mon actu&quot;,&quot;type&quot;:&quot;cta&quot;}}\" target=\"_blank\">Mon Actu<\/a>.<\/p>\n","protected":false},"excerpt":{"rendered":"Par Cl\u00e9mence Pays Publi\u00e9 le 13 juil. 2025 \u00e0 12h30 \u00c0 l\u2019occasion de la F\u00eate nationale, la plupart&hellip;\n","protected":false},"author":2,"featured_media":247021,"comment_status":"","ping_status":"","sticky":false,"template":"","format":"standard","meta":{"footnotes":""},"categories":[2818],"tags":[1111,11,215,1777,674,1011,27,766,12,2636,25,104],"class_list":{"0":"post-247020","1":"post","2":"type-post","3":"status-publish","4":"format-standard","5":"has-post-thumbnail","7":"category-nantes","8":"tag-actu","9":"tag-actualites","10":"tag-commerce","11":"tag-eu","12":"tag-europe","13":"tag-fr","14":"tag-france","15":"tag-nantes","16":"tag-news","17":"tag-pays-de-la-loire","18":"tag-republique-francaise","19":"tag-societe"},"share_on_mastodon":{"url":"https:\/\/pubeurope.com\/@fr\/114845630011310927","error":""},"_links":{"self":[{"href":"https:\/\/www.europesays.com\/fr\/wp-json\/wp\/v2\/posts\/247020","targetHints":{"allow":["GET"]}}],"collection":[{"href":"https:\/\/www.europesays.com\/fr\/wp-json\/wp\/v2\/posts"}],"about":[{"href":"https:\/\/www.europesays.com\/fr\/wp-json\/wp\/v2\/types\/post"}],"author":[{"embeddable":true,"href":"https:\/\/www.europesays.com\/fr\/wp-json\/wp\/v2\/users\/2"}],"replies":[{"embeddable":true,"href":"https:\/\/www.europesays.com\/fr\/wp-json\/wp\/v2\/comments?post=247020"}],"version-history":[{"count":0,"href":"https:\/\/www.europesays.com\/fr\/wp-json\/wp\/v2\/posts\/247020\/revisions"}],"wp:featuredmedia":[{"embeddable":true,"href":"https:\/\/www.europesays.com\/fr\/wp-json\/wp\/v2\/media\/247021"}],"wp:attachment":[{"href":"https:\/\/www.europesays.com\/fr\/wp-json\/wp\/v2\/media?parent=247020"}],"wp:term":[{"taxonomy":"category","embeddable":true,"href":"https:\/\/www.europesays.com\/fr\/wp-json\/wp\/v2\/categories?post=247020"},{"taxonomy":"post_tag","embeddable":true,"href":"https:\/\/www.europesays.com\/fr\/wp-json\/wp\/v2\/tags?post=247020"}],"curies":[{"name":"wp","href":"https:\/\/api.w.org\/{rel}","templated":true}]}}