{"id":247023,"date":"2025-07-13T11:15:12","date_gmt":"2025-07-13T11:15:12","guid":{"rendered":"https:\/\/www.europesays.com\/fr\/247023\/"},"modified":"2025-07-13T11:15:12","modified_gmt":"2025-07-13T11:15:12","slug":"instant-football-vrai-apres-bordeaux-andy-carroll-va-evoluer-en-sixieme-division-anglaise","status":"publish","type":"post","link":"https:\/\/www.europesays.com\/fr\/247023\/","title":{"rendered":"instant \u00ab\u00a0football vrai\u00a0\u00bb, apr\u00e8s Bordeaux, Andy Carroll va \u00e9voluer en sixi\u00e8me division anglaise"},"content":{"rendered":"<p class=\"mb-4 text-lg md:leading-8 break-words\"><a href=\"https:\/\/fr.news.yahoo.com\/sport\/d%C3%A9tails-salaire-tr%C3%A8s-surprenant-dandy-161449723.html\" data-ylk=\"slk:Andy Carroll;elm:context_link;itc:0;sec:content-canvas;outcm:mb_qualified_link;_E:mb_qualified_link;ct:story;\" class=\"link  yahoo-link\" target=\"_blank\" rel=\"noopener\">Andy Carroll<\/a> est de retour au pays. Apr\u00e8s deux ann\u00e9es en France, d&rsquo;abord avec Amiens en Ligue 2 puis avec les <a href=\"https:\/\/fr.news.yahoo.com\/sport\/plein-concert-dj-snake-annonce-195311152.html\" data-ylk=\"slk:Girondins de Bordeaux;elm:context_link;itc:0;sec:content-canvas;outcm:mb_qualified_link;_E:mb_qualified_link;ct:story;\" class=\"link  yahoo-link\" target=\"_blank\" rel=\"noopener\">Girondins de Bordeaux<\/a> en National 2, l&rsquo;attaquant anglais (36 ans) s&rsquo;est engag\u00e9 ce samedi avec le club de Dagenham &amp; Redbridge FC, qui \u00e9volue en sixi\u00e8me division anglaise.<\/p>\n<p>Le club rachet\u00e9 par des Qataris<\/p>\n<p class=\"mb-4 text-lg md:leading-8 break-words\">Dagenham &amp; Redbridge FC a multipli\u00e9 les annonces. Outre la venue de l&rsquo;ancien joueur de Newcastle et de <a href=\"https:\/\/fr.news.yahoo.com\/sport\/num%C3%A9ro-20-toujours-grande-annonce-193703718.html\" data-ylk=\"slk:Liverpool;elm:context_link;itc:0;sec:content-canvas;outcm:mb_qualified_link;_E:mb_qualified_link;ct:story;\" class=\"link  yahoo-link\" target=\"_blank\" rel=\"noopener\">Liverpool<\/a>, les dirigeants ont indiqu\u00e9 l&rsquo;acquisition \u00e0 100% des actions du club par un \u00ab\u00a0consortium d&rsquo;investisseurs priv\u00e9s qataris de premier plan\u00a0\u00bb. Les instances doivent encore valider cette reprise. Le nouveau maillot a \u00e9galement \u00e9t\u00e9 pr\u00e9sent\u00e9.<\/p>\n<p class=\"mb-4 text-lg md:leading-8 break-words\"><a href=\"https:\/\/rmcsport.bfmtv.com\/football\/transferts\/direct-mercato-suivez-en-live-toutes-les-infos-et-rumeurs-du-10-juillet-2025_LN-202507100188.html\" rel=\"nofollow noopener\" target=\"_blank\" data-ylk=\"slk:&gt;&gt; Les infos mercato EN DIRECT;elm:context_link;itc:0;sec:content-canvas\" class=\"link \">&gt;&gt; Les infos mercato EN DIRECT<\/a><\/p>\n<p class=\"mb-4 text-lg md:leading-8 break-words\">Andy Carroll apportera donc son exp\u00e9rience \u00e0 un projet ambitieux. Avec Bordeaux, le v\u00e9t\u00e9ran reste sur une saison \u00e0 11 buts, en 21 matchs jou\u00e9s en National 2. Le joueur, qui avait \u00e9t\u00e9 recrut\u00e9 pour 41 millions d&rsquo;euros par Liverpool en 2011, avait refus\u00e9 des contrats bien plus int\u00e9ressants pour rejoindre les Girondins. Sa signature \u00e0 Amiens avait d\u00e9j\u00e0 surpris.<\/p>\n<p class=\"mb-4 text-lg md:leading-8 break-words\">\u00ab\u00a0Je ne vous dirai pas le chiffre exact, mais pour vous donner une id\u00e9e, depuis que je vis ici, je loue une jolie petite maison et mon salaire est inf\u00e9rieur \u00e0 mon loyer. Si j&rsquo;ai rejoint Bordeaux, ce n&rsquo;est \u00e9videmment pas pour l&rsquo;argent\u00a0\u00bb, confiait l&rsquo;int\u00e9ress\u00e9 \u00e0 L&rsquo;Equipe. \u00ab\u00a0J&rsquo;ai d&rsquo;ailleurs eu des propositions pour jouer en Arabie saoudite, mais \u00e7a ne m&rsquo;int\u00e9ressait pas.\u00a0\u00bb<\/p>\n<p class=\"mb-4 text-lg md:leading-8 break-words\"><a href=\"https:\/\/rmcsport.bfmtv.com\/football\/transferts\/mercato-instant-football-vrai-apres-bordeaux-andy-carroll-va-evoluer-en-sixieme-division-anglaise_AV-202507130177.html#xtor=AL-68\" rel=\"nofollow noopener\" target=\"_blank\" data-ylk=\"slk:Article original publi\u00e9 sur RMC Sport;elm:context_link;itc:0;sec:content-canvas\" class=\"link \">Article original publi\u00e9 sur RMC Sport<\/a><\/p>\n","protected":false},"excerpt":{"rendered":"Andy Carroll est de retour au pays. Apr\u00e8s deux ann\u00e9es en France, d&rsquo;abord avec Amiens en Ligue 2&hellip;\n","protected":false},"author":2,"featured_media":247024,"comment_status":"","ping_status":"","sticky":false,"template":"","format":"standard","meta":{"footnotes":""},"categories":[2817],"tags":[1111,11,38739,1997,38738,1777,674,1011,27,2908,446,3490,12,2219,25],"class_list":{"0":"post-247023","1":"post","2":"type-post","3":"status-publish","4":"format-standard","5":"has-post-thumbnail","7":"category-bordeaux","8":"tag-actu","9":"tag-actualites","10":"tag-andy-carroll","11":"tag-bordeaux","12":"tag-dagenham-redbridge-fc","13":"tag-eu","14":"tag-europe","15":"tag-fr","16":"tag-france","17":"tag-girondins-de-bordeaux","18":"tag-ligue-2","19":"tag-liverpool","20":"tag-news","21":"tag-nouvelle-aquitaine","22":"tag-republique-francaise"},"share_on_mastodon":{"url":"https:\/\/pubeurope.com\/@fr\/114845641840821759","error":""},"_links":{"self":[{"href":"https:\/\/www.europesays.com\/fr\/wp-json\/wp\/v2\/posts\/247023","targetHints":{"allow":["GET"]}}],"collection":[{"href":"https:\/\/www.europesays.com\/fr\/wp-json\/wp\/v2\/posts"}],"about":[{"href":"https:\/\/www.europesays.com\/fr\/wp-json\/wp\/v2\/types\/post"}],"author":[{"embeddable":true,"href":"https:\/\/www.europesays.com\/fr\/wp-json\/wp\/v2\/users\/2"}],"replies":[{"embeddable":true,"href":"https:\/\/www.europesays.com\/fr\/wp-json\/wp\/v2\/comments?post=247023"}],"version-history":[{"count":0,"href":"https:\/\/www.europesays.com\/fr\/wp-json\/wp\/v2\/posts\/247023\/revisions"}],"wp:featuredmedia":[{"embeddable":true,"href":"https:\/\/www.europesays.com\/fr\/wp-json\/wp\/v2\/media\/247024"}],"wp:attachment":[{"href":"https:\/\/www.europesays.com\/fr\/wp-json\/wp\/v2\/media?parent=247023"}],"wp:term":[{"taxonomy":"category","embeddable":true,"href":"https:\/\/www.europesays.com\/fr\/wp-json\/wp\/v2\/categories?post=247023"},{"taxonomy":"post_tag","embeddable":true,"href":"https:\/\/www.europesays.com\/fr\/wp-json\/wp\/v2\/tags?post=247023"}],"curies":[{"name":"wp","href":"https:\/\/api.w.org\/{rel}","templated":true}]}}