{"id":247033,"date":"2025-07-13T11:20:10","date_gmt":"2025-07-13T11:20:10","guid":{"rendered":"https:\/\/www.europesays.com\/fr\/247033\/"},"modified":"2025-07-13T11:20:10","modified_gmt":"2025-07-13T11:20:10","slug":"marseille-une-femme-poignardee-a-plusieurs-reprises-son-compagnon-suspecte-egalement-blesse","status":"publish","type":"post","link":"https:\/\/www.europesays.com\/fr\/247033\/","title":{"rendered":"Marseille. Une femme poignard\u00e9e \u00e0 plusieurs reprises, son compagnon suspect\u00e9 \u00e9galement bless\u00e9"},"content":{"rendered":"<p>            Par<br \/>\n        <strong><br \/>\n            <a href=\"https:\/\/actu.fr\/auteur\/fabien-binacchi\" title=\"Consulter tous les articles de Fabien Binacchi\" target=\"_blank\" rel=\"noopener\">Fabien Binacchi<\/a><br \/>\n        <\/strong><\/p>\n<p>        Publi\u00e9 le<\/p>\n<p>            13 juil. 2025 \u00e0 13h02        <\/p>\n<p><strong>INFO ACTU MARSEILLE.<\/strong> Une tr\u00e8s violente agression suite \u00e0 une agression de couple. Ce dimanche 13 juillet 2025, dans la matin\u00e9e, une femme a \u00e9t\u00e9 frapp\u00e9e de <strong>plusieurs coups de couteau<\/strong> dans le 8e arrondissement de <a href=\"https:\/\/actu.fr\/marseille\/\" target=\"_blank\" rel=\"noopener\">Marseille<\/a>, apprend-on des marins-pompiers.<\/p>\n<p class=\" wall-content\">Elle a \u00e9t\u00e9 transport\u00e9e \u00e0 l\u2019h\u00f4pital.<\/p>\n<p>Plusieurs coups mais pas de blessure grave<\/p>\n<p class=\" wall-content\">Les secours sont intervenus sur les coups de 10h30 ce dimanche 13 juillet <strong>dans le secteur de Point-Rouge,<\/strong> dans le Sud de la cit\u00e9 phoc\u00e9enne. Une femme, poignard\u00e9e \u00e0 plusieurs reprises, a \u00e9t\u00e9 rapidement prise en charge par les marins-pompiers.<\/p>\n<p class=\" wall-content\">Heureusement, la victime n\u2019a pas \u00e9t\u00e9 bless\u00e9e gravement.<\/p>\n<p class=\" wall-content\">Elle a \u00e9t\u00e9 transport\u00e9e non m\u00e9dicalis\u00e9e \u00e0 l\u2019h\u00f4pital, pr\u00e9cisent les secours.<\/p>\n<p>Vid\u00e9os : en ce moment sur ActuIl s\u2019\u00e9chappe par le toit<\/p>\n<p class=\" wall-content\">Son compagnon, qui pourrait \u00eatre l\u2019auteur des coups, <strong>a \u00e9galement \u00e9t\u00e9 bless\u00e9,<\/strong> vraisemblablement en s\u2019\u00e9chappant par le toit et en p\u00e9n\u00e9trant dans un autre appartement.<\/p>\n<p class=\" wall-content\">Selon une source proche, les faits feraient suite \u00e0 un diff\u00e9rend de couple.<\/p>\n<p class=\" wall-content\">Une enqu\u00eate pourra d\u00e9terminer les circonstances exactes de l\u2019agression.<\/p>\n<p class=\" wall-content\">Suivez toute l\u2019actualit\u00e9 de vos villes et m\u00e9dias favoris en vous inscrivant \u00e0 <a href=\"https:\/\/moncompte.actu.fr\" title=\"D\u00e9couvez Mon Actu\" rel=\"nofollow noopener\" data-trk=\"{&quot;cta&quot;:{&quot;action&quot;:&quot;https:\\\/\\\/moncompte.actu.fr&quot;,&quot;category&quot;:&quot;mon compte&quot;,&quot;from&quot;:&quot;article footer&quot;,&quot;name&quot;:&quot;Mon actu&quot;,&quot;type&quot;:&quot;cta&quot;}}\" target=\"_blank\">Mon Actu<\/a>.<\/p>\n<ul class=\"ac-article-tag wall-content\">\n<li><a href=\"https:\/\/actu.fr\/tag\/marin-pompier\" data-trk=\"{&quot;cta&quot;:{&quot;action&quot;:&quot;Marin Pompier&quot;,&quot;category&quot;:&quot;tag&quot;,&quot;from&quot;:&quot;article footer&quot;,&quot;name&quot;:&quot;Marin Pompier&quot;,&quot;type&quot;:&quot;cta&quot;}}\" target=\"_blank\" rel=\"noopener\">#Marin Pompier<\/a><\/li>\n<li><a href=\"https:\/\/actu.fr\/tag\/violences-conjugales\" data-trk=\"{&quot;cta&quot;:{&quot;action&quot;:&quot;Violences conjugales&quot;,&quot;category&quot;:&quot;tag&quot;,&quot;from&quot;:&quot;article footer&quot;,&quot;name&quot;:&quot;Violences conjugales&quot;,&quot;type&quot;:&quot;cta&quot;}}\" target=\"_blank\" rel=\"noopener\">#Violences conjugales<\/a><\/li>\n<\/ul>\n","protected":false},"excerpt":{"rendered":"Par Fabien Binacchi Publi\u00e9 le 13 juil. 2025 \u00e0 13h02 INFO ACTU MARSEILLE. Une tr\u00e8s violente agression suite&hellip;\n","protected":false},"author":2,"featured_media":247034,"comment_status":"","ping_status":"","sticky":false,"template":"","format":"standard","meta":{"footnotes":""},"categories":[2814],"tags":[1111,11,1777,674,118,1011,27,17289,884,12,882,25,798],"class_list":{"0":"post-247033","1":"post","2":"type-post","3":"status-publish","4":"format-standard","5":"has-post-thumbnail","7":"category-marseille","8":"tag-actu","9":"tag-actualites","10":"tag-eu","11":"tag-europe","12":"tag-faits-divers","13":"tag-fr","14":"tag-france","15":"tag-marin-pompier","16":"tag-marseille","17":"tag-news","18":"tag-provence-alpes-cote-dazur","19":"tag-republique-francaise","20":"tag-violences-conjugales"},"share_on_mastodon":{"url":"https:\/\/pubeurope.com\/@fr\/114845661499377962","error":""},"_links":{"self":[{"href":"https:\/\/www.europesays.com\/fr\/wp-json\/wp\/v2\/posts\/247033","targetHints":{"allow":["GET"]}}],"collection":[{"href":"https:\/\/www.europesays.com\/fr\/wp-json\/wp\/v2\/posts"}],"about":[{"href":"https:\/\/www.europesays.com\/fr\/wp-json\/wp\/v2\/types\/post"}],"author":[{"embeddable":true,"href":"https:\/\/www.europesays.com\/fr\/wp-json\/wp\/v2\/users\/2"}],"replies":[{"embeddable":true,"href":"https:\/\/www.europesays.com\/fr\/wp-json\/wp\/v2\/comments?post=247033"}],"version-history":[{"count":0,"href":"https:\/\/www.europesays.com\/fr\/wp-json\/wp\/v2\/posts\/247033\/revisions"}],"wp:featuredmedia":[{"embeddable":true,"href":"https:\/\/www.europesays.com\/fr\/wp-json\/wp\/v2\/media\/247034"}],"wp:attachment":[{"href":"https:\/\/www.europesays.com\/fr\/wp-json\/wp\/v2\/media?parent=247033"}],"wp:term":[{"taxonomy":"category","embeddable":true,"href":"https:\/\/www.europesays.com\/fr\/wp-json\/wp\/v2\/categories?post=247033"},{"taxonomy":"post_tag","embeddable":true,"href":"https:\/\/www.europesays.com\/fr\/wp-json\/wp\/v2\/tags?post=247033"}],"curies":[{"name":"wp","href":"https:\/\/api.w.org\/{rel}","templated":true}]}}