{"id":247037,"date":"2025-07-13T11:22:12","date_gmt":"2025-07-13T11:22:12","guid":{"rendered":"https:\/\/www.europesays.com\/fr\/247037\/"},"modified":"2025-07-13T11:22:12","modified_gmt":"2025-07-13T11:22:12","slug":"meteo-france-place-lyon-et-le-rhone-en-vigilance-jaune","status":"publish","type":"post","link":"https:\/\/www.europesays.com\/fr\/247037\/","title":{"rendered":"M\u00e9t\u00e9o France place Lyon et le Rh\u00f4ne en vigilance jaune"},"content":{"rendered":"<p itemprop=\"description\"><strong>L\u2019alerte est valable\u00a0jusqu\u2019\u00e0 lundi 14 juillet \u00e0 la mi-journ\u00e9e.<\/strong><\/p>\n<p>M\u00e9t\u00e9o France a plac\u00e9 le d\u00e9partement du Rh\u00f4ne ainsi que la M\u00e9tropole de Lyon en\u00a0vigilance jaune pour orages\u00a0ce dimanche 13 juillet \u00e0 partir de 13 heures,\u00a0<\/p>\n<p>Cette d\u00e9cision s\u2019explique par une d\u00e9gradation des conditions m\u00e9t\u00e9orologiques apr\u00e8s plusieurs jours de fortes chaleurs. Les temp\u00e9ratures avoisinaient\u00a0les 32\u00b0C ce dimanche apr\u00e8s-midi, favorisant l&rsquo;instabilit\u00e9 de l\u2019air.<\/p>\n<p>Selon M\u00e9t\u00e9o France,\u00a0le risque orageux devrait se g\u00e9n\u00e9raliser au fil de la soir\u00e9e\u00a0dans l\u2019ensemble du d\u00e9partement. La pr\u00e9fecture du Rh\u00f4ne appelle \u00e0 la prudence et invite la population \u00e0\u00a0\u00ab\u00a0adapter ses d\u00e9placements\u00a0\u00bb\u00a0en fonction de la m\u00e9t\u00e9o.<\/p>\n<p>Neuf autres d\u00e9partements d\u2019Auvergne-Rh\u00f4ne-Alpes sont \u00e9galement concern\u00e9s par cette vigilance jaune :\u00a0l\u2019Ain, la Loire, la Haute-Loire, l\u2019Allier, le Puy-de-D\u00f4me, l\u2019Ard\u00e8che, l\u2019Is\u00e8re, la Savoie et la Haute-Savoie.<\/p>\n<blockquote class=\"twitter-tweet\"><p>&#13;<\/p>\n<p dir=\"ltr\" lang=\"fr\">\ud83d\udfe1\ud83c\udf29\ufe0f<a href=\"https:\/\/twitter.com\/meteofrance?ref_src=twsrc%5Etfw\" rel=\"nofollow noopener\" target=\"_blank\">@meteofrance<\/a> place le d\u00e9partement du <a href=\"https:\/\/twitter.com\/hashtag\/Rhone?src=hash&amp;ref_src=twsrc%5Etfw\" rel=\"nofollow noopener\" target=\"_blank\">#Rhone<\/a> et la m\u00e9tropole de <a href=\"https:\/\/twitter.com\/hashtag\/Lyon?src=hash&amp;ref_src=twsrc%5Etfw\" rel=\"nofollow noopener\" target=\"_blank\">#Lyon<\/a> en <a href=\"https:\/\/twitter.com\/hashtag\/vigilancejaune?src=hash&amp;ref_src=twsrc%5Etfw\" rel=\"nofollow noopener\" target=\"_blank\">#vigilancejaune<\/a> <a href=\"https:\/\/twitter.com\/hashtag\/orage?src=hash&amp;ref_src=twsrc%5Etfw\" rel=\"nofollow noopener\" target=\"_blank\">#orage<\/a> \u00e0 partir de 13h00 aujourd\u2019hui.<\/p>\n<p>\u26a0\ufe0fAdaptez vos d\u00e9placements en fonction du risque m\u00e9t\u00e9orologique !<\/p>\n<p>\u2139\ufe0f <a href=\"https:\/\/t.co\/ABUHWXFmyK\" rel=\"nofollow\">https:\/\/t.co\/ABUHWXFmyK<\/a> <a href=\"https:\/\/t.co\/oDIeNQ3eL6\" rel=\"nofollow\">pic.twitter.com\/oDIeNQ3eL6<\/a><\/p>\n<p>&#13;<br \/>\n\u2014 Pr\u00e9f\u00e8te de r\u00e9gion Auvergne-Rh\u00f4ne-Alpes et du Rh\u00f4ne (@prefetrhone) <a href=\"https:\/\/twitter.com\/prefetrhone\/status\/1944309400467898501?ref_src=twsrc%5Etfw\" rel=\"nofollow noopener\" target=\"_blank\">July 13, 2025<\/a><\/p><\/blockquote>\n<p>\t\t  <script async src=\"https:\/\/platform.twitter.com\/widgets.js\" charset=\"utf-8\"><\/script><\/p>\n","protected":false},"excerpt":{"rendered":"L\u2019alerte est valable\u00a0jusqu\u2019\u00e0 lundi 14 juillet \u00e0 la mi-journ\u00e9e. M\u00e9t\u00e9o France a plac\u00e9 le d\u00e9partement du Rh\u00f4ne ainsi&hellip;\n","protected":false},"author":2,"featured_media":247038,"comment_status":"","ping_status":"","sticky":false,"template":"","format":"standard","meta":{"footnotes":""},"categories":[1889],"tags":[1111,11,2813,2190,2430,1109,251,1112,2811,1777,674,118,1011,27,1922,1110,1114,2428,2810,12,241,316,25,2812,517,800],"class_list":{"0":"post-247037","1":"post","2":"type-post","3":"status-publish","4":"format-standard","5":"has-post-thumbnail","7":"category-lyon","8":"tag-actu","9":"tag-actualites","10":"tag-article","11":"tag-asvel","12":"tag-auvergne-rhone-alpes","13":"tag-breves","14":"tag-culture","15":"tag-depeches","16":"tag-economique","17":"tag-eu","18":"tag-europe","19":"tag-faits-divers","20":"tag-fr","21":"tag-france","22":"tag-info","23":"tag-informations","24":"tag-infos","25":"tag-lyon","26":"tag-lyonmag","27":"tag-news","28":"tag-ol","29":"tag-politique","30":"tag-republique-francaise","31":"tag-sociale","32":"tag-sport","33":"tag-transports"},"share_on_mastodon":{"url":"https:\/\/pubeurope.com\/@fr\/114845669323408815","error":""},"_links":{"self":[{"href":"https:\/\/www.europesays.com\/fr\/wp-json\/wp\/v2\/posts\/247037","targetHints":{"allow":["GET"]}}],"collection":[{"href":"https:\/\/www.europesays.com\/fr\/wp-json\/wp\/v2\/posts"}],"about":[{"href":"https:\/\/www.europesays.com\/fr\/wp-json\/wp\/v2\/types\/post"}],"author":[{"embeddable":true,"href":"https:\/\/www.europesays.com\/fr\/wp-json\/wp\/v2\/users\/2"}],"replies":[{"embeddable":true,"href":"https:\/\/www.europesays.com\/fr\/wp-json\/wp\/v2\/comments?post=247037"}],"version-history":[{"count":0,"href":"https:\/\/www.europesays.com\/fr\/wp-json\/wp\/v2\/posts\/247037\/revisions"}],"wp:featuredmedia":[{"embeddable":true,"href":"https:\/\/www.europesays.com\/fr\/wp-json\/wp\/v2\/media\/247038"}],"wp:attachment":[{"href":"https:\/\/www.europesays.com\/fr\/wp-json\/wp\/v2\/media?parent=247037"}],"wp:term":[{"taxonomy":"category","embeddable":true,"href":"https:\/\/www.europesays.com\/fr\/wp-json\/wp\/v2\/categories?post=247037"},{"taxonomy":"post_tag","embeddable":true,"href":"https:\/\/www.europesays.com\/fr\/wp-json\/wp\/v2\/tags?post=247037"}],"curies":[{"name":"wp","href":"https:\/\/api.w.org\/{rel}","templated":true}]}}