{"id":247061,"date":"2025-07-13T11:37:11","date_gmt":"2025-07-13T11:37:11","guid":{"rendered":"https:\/\/www.europesays.com\/fr\/247061\/"},"modified":"2025-07-13T11:37:11","modified_gmt":"2025-07-13T11:37:11","slug":"borne-va-demander-plus-de-severite-aux-correcteurs","status":"publish","type":"post","link":"https:\/\/www.europesays.com\/fr\/247061\/","title":{"rendered":"Borne va demander plus de s\u00e9v\u00e9rit\u00e9 aux correcteurs"},"content":{"rendered":"<p>La ministre de l\u2019\u00c9ducation nationale a affirm\u00e9 qu\u2019\u00abil faut \u00eatre exigeant sur le niveau des \u00e9l\u00e8ves\u00bb, et que les consignes de \u00abbienveillance\u00bb au bac ne venaient pas de son minist\u00e8re.<\/p>\n<p class=\"fig-paragraph\">La ministre de l&rsquo;\u00c9ducation nationale\u00a0<a href=\"http:\/\/www.lefigaro.fr\/actualite-france\/elisabeth-borne-veut-encourager-l-annee-de-cesure-apres-le-bac-20250604\" target=\"_blank\" data-fig-type=\"Article\" rel=\"noopener\" data-gtm-custom-categorie=\"navigation\" data-gtm-custom-action=\"crossclick\" data-gtm-custom-label=\"Contextuel\" data-gtm-event=\"customEventSPE\" data-fig-domain=\"LEFIGARO\">\u00c9lisabeth Borne<\/a>\u00a0a annonc\u00e9 dimanche sur Radio J l&rsquo;envoi d&rsquo;une circulaire sur les consignes de correction du baccalaur\u00e9at, pour qu&rsquo;il n&rsquo;y ait pas de \u00absuspicion\u00bb sur le niveau de l&rsquo;examen. \u00abJ&rsquo;ai vu dans la presse des consignes de bienveillance excessive qui pouvaient \u00eatre donn\u00e9es dans les corrections\u00bb, mais \u00abelles ne viennent pas de la rue de Grenelle\u00bb, o\u00f9 est install\u00e9 le minist\u00e8re de l&rsquo;\u00c9ducation, a-t-elle assur\u00e9. C&rsquo;est pourquoi \u00abj&rsquo;adresserai une instruction \u00e0 la rentr\u00e9e sur les consignes qui sont donn\u00e9es aux correcteurs\u00bb, car \u00abc&rsquo;est tr\u00e8s important qu&rsquo;on n&rsquo;ait pas une suspicion sur\u00a0<a href=\"http:\/\/www.lefigaro.fr\/vox\/societe\/la-devaluation-du-baccalaureat-produit-un-echec-massif-des-etudiants-a-l-universite-20250711\" target=\"_blank\" data-fig-type=\"Article\" rel=\"noopener\" data-gtm-custom-categorie=\"navigation\" data-gtm-custom-action=\"crossclick\" data-gtm-custom-label=\"Contextuel\" data-gtm-event=\"customEventSPE\" data-fig-domain=\"LEFIGARO\">le niveau du bac\u00bb<\/a>, a ajout\u00e9 l&rsquo;ancienne cheffe du gouvernement.<\/p>\n<p class=\"fig-paragraph\">Le cru 2025 du baccalaur\u00e9at affiche un taux de r\u00e9ussite de 91,8%,\u00a0<a href=\"https:\/\/etudiant.lefigaro.fr\/article\/bac\/91-8-ont-ete-admis-au-bac-2025-un-chiffre-en-hausse-de-0-4-point-sur-un-an-20250711\/\" target=\"_blank\" data-fig-type=\"Article\" rel=\"nofollow noopener\" data-gtm-custom-categorie=\"navigation\" data-gtm-custom-action=\"crossclick\" data-gtm-custom-label=\"Contextuel\" data-gtm-event=\"customEventSPE\" data-fig-domain=\"ETUDIANT\">en hausse de 0,4 point<\/a>, selon le minist\u00e8re de l&rsquo;\u00c9ducation nationale. \u00c9lisabeth Borne a affirm\u00e9 qu&rsquo;\u00abil faut \u00eatre exigeant sur le niveau des \u00e9l\u00e8ves\u00bb et ce sera \u00able sens des consignes qui seront donn\u00e9es\u00bb, car \u00abc&rsquo;est vraiment un mauvais service qu&rsquo;on rend aux bacheliers en donnant l&rsquo;impression qu&rsquo;on peut avoir une mauvaise copie et une bonne note\u00bb.<\/p>\n<p>                                    <a class=\"fig-a11y-skip a11y-hidden\" href=\"#fig-a11y-skip-main-inarticle\"><br \/>\n        Passer la publicit\u00e9<br \/>\n    <\/a><\/p>\n<p>Un s\u00e9same pour l\u2019enseignement sup\u00e9rieur<\/p>\n<p class=\"fig-paragraph\">Il faut en effet \u00ababsolument garantir\u00bb que le bac \u00abreconna\u00eet un niveau de comp\u00e9tence et de connaissances qu&rsquo;on doit acqu\u00e9rir en terminale\u00bb, a-t-elle expliqu\u00e9. Et comme \u00abc&rsquo;est aussi le s\u00e9same pour aller dans l&rsquo;enseignement sup\u00e9rieur, il faut qu&rsquo;on s&rsquo;assure que les jeunes qui ont le bac ont toutes les chances de r\u00e9ussir dans l&rsquo;enseignement sup\u00e9rieur\u00bb.<\/p>\n<p class=\"fig-paragraph\">Tout en f\u00e9licitant \u00ables 680.000 nouveaux bacheliers et les 725.000 coll\u00e9giens qui ont obtenu leur brevet cette ann\u00e9e\u00bb, \u00c9lisabeth Borne a martel\u00e9 qu&rsquo;\u00abon ne donne pas le bac \u00e0 tout le monde et on ne doit pas donner le bac \u00e0 tout le monde\u00bb. Pendant le Covid, \u00able taux de r\u00e9ussite au bac a augment\u00e9 et est rest\u00e9 depuis \u00e9lev\u00e9\u00bb donc \u00abj&rsquo;ai demand\u00e9 \u00e0 mes services de trouver les raisons de ces augmentations et le cas \u00e9ch\u00e9ant, on prendra les mesures n\u00e9cessaires\u00bb, a-t-elle affirm\u00e9.<\/p>\n","protected":false},"excerpt":{"rendered":"La ministre de l\u2019\u00c9ducation nationale a affirm\u00e9 qu\u2019\u00abil faut \u00eatre exigeant sur le niveau des \u00e9l\u00e8ves\u00bb, et que&hellip;\n","protected":false},"author":2,"featured_media":247062,"comment_status":"","ping_status":"","sticky":false,"template":"","format":"standard","meta":{"footnotes":""},"categories":[2],"tags":[1111,47,11,1109,1112,118,1108,107,1106,1107,1011,27,1110,1114,14,12,1113,316,25],"class_list":{"0":"post-247061","1":"post","2":"type-post","3":"status-publish","4":"format-standard","5":"has-post-thumbnail","7":"category-actualites","8":"tag-actu","9":"tag-actualite","10":"tag-actualites","11":"tag-breves","12":"tag-depeches","13":"tag-faits-divers","14":"tag-fil","15":"tag-fil-info","16":"tag-flash","17":"tag-flash-actu","18":"tag-fr","19":"tag-france","20":"tag-informations","21":"tag-infos","22":"tag-international","23":"tag-news","24":"tag-nouvelles","25":"tag-politique","26":"tag-republique-francaise"},"share_on_mastodon":{"url":"https:\/\/pubeurope.com\/@fr\/114845728334377175","error":""},"_links":{"self":[{"href":"https:\/\/www.europesays.com\/fr\/wp-json\/wp\/v2\/posts\/247061","targetHints":{"allow":["GET"]}}],"collection":[{"href":"https:\/\/www.europesays.com\/fr\/wp-json\/wp\/v2\/posts"}],"about":[{"href":"https:\/\/www.europesays.com\/fr\/wp-json\/wp\/v2\/types\/post"}],"author":[{"embeddable":true,"href":"https:\/\/www.europesays.com\/fr\/wp-json\/wp\/v2\/users\/2"}],"replies":[{"embeddable":true,"href":"https:\/\/www.europesays.com\/fr\/wp-json\/wp\/v2\/comments?post=247061"}],"version-history":[{"count":0,"href":"https:\/\/www.europesays.com\/fr\/wp-json\/wp\/v2\/posts\/247061\/revisions"}],"wp:featuredmedia":[{"embeddable":true,"href":"https:\/\/www.europesays.com\/fr\/wp-json\/wp\/v2\/media\/247062"}],"wp:attachment":[{"href":"https:\/\/www.europesays.com\/fr\/wp-json\/wp\/v2\/media?parent=247061"}],"wp:term":[{"taxonomy":"category","embeddable":true,"href":"https:\/\/www.europesays.com\/fr\/wp-json\/wp\/v2\/categories?post=247061"},{"taxonomy":"post_tag","embeddable":true,"href":"https:\/\/www.europesays.com\/fr\/wp-json\/wp\/v2\/tags?post=247061"}],"curies":[{"name":"wp","href":"https:\/\/api.w.org\/{rel}","templated":true}]}}