{"id":247063,"date":"2025-07-13T11:38:13","date_gmt":"2025-07-13T11:38:13","guid":{"rendered":"https:\/\/www.europesays.com\/fr\/247063\/"},"modified":"2025-07-13T11:38:13","modified_gmt":"2025-07-13T11:38:13","slug":"gaza-29-morts-dans-de-nouvelles-frappes-israeliennes-toute-lactualite-en-france-et-dans-le-monde","status":"publish","type":"post","link":"https:\/\/www.europesays.com\/fr\/247063\/","title":{"rendered":"Gaza : 29 morts dans de nouvelles frappes isra\u00e9liennes | Toute l\u2019actualit\u00e9 en France et dans le Monde"},"content":{"rendered":"\n<p>Selon le porte-parole de cette organisation de premiers secours, huit Palestiniens dont des femmes et des enfants ont \u00e9t\u00e9 tu\u00e9s dans des frappes nocturnes contre des habitations \u00e0 Gaza-ville (nord). Dans le camp de r\u00e9fugi\u00e9s de Nousseirat (centre), 10 personnes ont p\u00e9ri dans une frappe.<\/p>\n<p>Huit Palestiniens ont \u00e9t\u00e9 tu\u00e9s t\u00f4t le matin pr\u00e8s d&rsquo;un point de distribution d&rsquo;eau potable \u00e9galement \u00e0 Nousseirat. Trois autres ont p\u00e9ri dans un raid contre le camp de d\u00e9plac\u00e9s d&rsquo;Al-Mawassi (sud), selon lui.<\/p>\n<p>Bilans difficiles \u00e0 v\u00e9rifier<\/p>\n<p>L&rsquo;arm\u00e9e isra\u00e9lienne, interrog\u00e9e par l&rsquo;AFP, a dit examiner ces informations. Tous les jours, la D\u00e9fense civile rapporte des morts dans les bombardements isra\u00e9liens sur le territoire.<\/p>\n<p>Compte tenu des restrictions impos\u00e9es aux m\u00e9dias par Isra\u00ebl qui assi\u00e8ge Gaza et des difficult\u00e9s d&rsquo;acc\u00e8s sur le terrain, l&rsquo;AFP n&rsquo;est pas en mesure de v\u00e9rifier de mani\u00e8re ind\u00e9pendante les bilans et affirmations des diff\u00e9rentes parties. Des images de l&rsquo;AFP montrent quasi quotidiennement des d\u00e9pouilles dont celles d&rsquo;enfants transport\u00e9es dans des h\u00f4pitaux de Gaza.<\/p>\n<p>Bilan humain consid\u00e9rable<\/p>\n<p>L&rsquo;attaque du 7 octobre a fait 1.219 morts du c\u00f4t\u00e9 isra\u00e9lien, en majorit\u00e9 des civils, selon un d\u00e9compte de l&rsquo;AFP r\u00e9alis\u00e9 \u00e0 partir de donn\u00e9es officielles. Sur les 251 personnes enlev\u00e9es lors de l&rsquo;attaque du 7 octobre, 49 sont toujours retenues \u00e0 Gaza, dont 27 ont \u00e9t\u00e9 d\u00e9clar\u00e9es mortes par l&rsquo;arm\u00e9e isra\u00e9lienne.<\/p>\n<p>Au moins 57.882 Palestiniens, majoritairement des civils, ont \u00e9t\u00e9 tu\u00e9s dans la campagne de repr\u00e9sailles isra\u00e9liennes dans le territoire palestinien. Ces donn\u00e9es du minist\u00e8re de la Sant\u00e9 \u00e0 Gaza sont jug\u00e9es fiables par l&rsquo;ONU.<\/p>\n<p>N\u00e9gociations dans l&rsquo;impasse<\/p>\n<p>Samedi, une source palestinienne proche des pourparlers a dit que le Hamas rejetait \u00ab totalement \u00bb un plan d&rsquo;Isra\u00ebl qui pr\u00e9voit \u00ab le maintien de ses forces sur plus de 40 % de la superficie de Gaza \u00bb. Les n\u00e9gociations \u00e0 Doha rencontrent \u00ab des obstacles et des difficult\u00e9s \u00bb, a-t-elle dit \u00e0 l&rsquo;AFP.<\/p>\n<p>Selon cette source, l&rsquo;arm\u00e9e isra\u00e9lienne envisagerait de se red\u00e9ployer tout autour du territoire de plus de deux millions d&rsquo;habitants vivant dans des conditions terribles selon l&rsquo;ONU. Isra\u00ebl a pour objectif \u00ab d&rsquo;entasser des centaines de milliers de d\u00e9plac\u00e9s \u00bb dans le sud de Gaza, \u00ab en pr\u00e9paration d&rsquo;un d\u00e9placement forc\u00e9 de la population vers l&rsquo;\u00c9gypte ou d&rsquo;autres pays \u00bb.<\/p>\n<p>Signes de progr\u00e8s limit\u00e9s<\/p>\n<p>Une deuxi\u00e8me source palestinienne a tout de m\u00eame fait \u00e9tat de \u00ab progr\u00e8s \u00bb sur les questions li\u00e9es \u00e0 l&rsquo;entr\u00e9e de l&rsquo;aide humanitaire \u00e0 Gaza et l&rsquo;\u00e9change d&rsquo;otages contre des prisonniers palestiniens d\u00e9tenus par Isra\u00ebl. \u00ab Isra\u00ebl a d\u00e9montr\u00e9 sa volont\u00e9 de faire preuve de flexibilit\u00e9 dans les n\u00e9gociations \u00bb, a r\u00e9torqu\u00e9 un responsable isra\u00e9lien.<\/p>\n<p>Les m\u00e9dias locaux rapportent qu&rsquo;un nouveau plan de retrait de l&rsquo;arm\u00e9e pourrait \u00eatre pr\u00e9sent\u00e9 \u00e0 Doha. Le responsable a accus\u00e9 le Hamas de refuser de \u00ab faire des compromis \u00bb et de mener \u00ab une guerre psychologique visant \u00e0 saboter les n\u00e9gociations \u00bb.<\/p>\n<p>Objectifs isra\u00e9liens maintenus<\/p>\n<p>Le Premier ministre isra\u00e9lien Benjamin Netanyahu a r\u00e9affirm\u00e9 ces derniers jours les objectifs de son pays : lib\u00e9rer les otages toujours retenus, d\u00e9sarmer le Hamas et le chasser de Gaza. \u00c0 Tel-Aviv, des milliers de personnes se sont rassembl\u00e9es, comme chaque samedi soir, pour r\u00e9clamer le retour des otages.<\/p>\n<p>\u00ab La fen\u00eatre d&rsquo;opportunit\u00e9 pour ramener chez eux tous les otages est ouverte pour le moment, mais \u00e7a ne sera pas le cas longtemps \u00bb, a press\u00e9 un ancien otage lib\u00e9r\u00e9, Eli Sharabi.<\/p>\n<p>(AFP) Note : Cet article a \u00e9t\u00e9 \u00e9dit\u00e9 avec l&rsquo;aide de l&rsquo;Intelligence Artificielle.<\/p>\n","protected":false},"excerpt":{"rendered":"Selon le porte-parole de cette organisation de premiers secours, huit Palestiniens dont des femmes et des enfants ont&hellip;\n","protected":false},"author":2,"featured_media":247064,"comment_status":"","ping_status":"","sticky":false,"template":"","format":"standard","meta":{"footnotes":""},"categories":[2],"tags":[11,1011,27,12,9024,25],"class_list":{"0":"post-247063","1":"post","2":"type-post","3":"status-publish","4":"format-standard","5":"has-post-thumbnail","7":"category-actualites","8":"tag-actualites","9":"tag-fr","10":"tag-france","11":"tag-news","12":"tag-politics","13":"tag-republique-francaise"},"share_on_mastodon":{"url":"https:\/\/pubeurope.com\/@fr\/114845732330129214","error":""},"_links":{"self":[{"href":"https:\/\/www.europesays.com\/fr\/wp-json\/wp\/v2\/posts\/247063","targetHints":{"allow":["GET"]}}],"collection":[{"href":"https:\/\/www.europesays.com\/fr\/wp-json\/wp\/v2\/posts"}],"about":[{"href":"https:\/\/www.europesays.com\/fr\/wp-json\/wp\/v2\/types\/post"}],"author":[{"embeddable":true,"href":"https:\/\/www.europesays.com\/fr\/wp-json\/wp\/v2\/users\/2"}],"replies":[{"embeddable":true,"href":"https:\/\/www.europesays.com\/fr\/wp-json\/wp\/v2\/comments?post=247063"}],"version-history":[{"count":0,"href":"https:\/\/www.europesays.com\/fr\/wp-json\/wp\/v2\/posts\/247063\/revisions"}],"wp:featuredmedia":[{"embeddable":true,"href":"https:\/\/www.europesays.com\/fr\/wp-json\/wp\/v2\/media\/247064"}],"wp:attachment":[{"href":"https:\/\/www.europesays.com\/fr\/wp-json\/wp\/v2\/media?parent=247063"}],"wp:term":[{"taxonomy":"category","embeddable":true,"href":"https:\/\/www.europesays.com\/fr\/wp-json\/wp\/v2\/categories?post=247063"},{"taxonomy":"post_tag","embeddable":true,"href":"https:\/\/www.europesays.com\/fr\/wp-json\/wp\/v2\/tags?post=247063"}],"curies":[{"name":"wp","href":"https:\/\/api.w.org\/{rel}","templated":true}]}}