{"id":247067,"date":"2025-07-13T11:41:11","date_gmt":"2025-07-13T11:41:11","guid":{"rendered":"https:\/\/www.europesays.com\/fr\/247067\/"},"modified":"2025-07-13T11:41:11","modified_gmt":"2025-07-13T11:41:11","slug":"volley-ball-un-club-emblematique-de-ligue-a-feminine-liquide","status":"publish","type":"post","link":"https:\/\/www.europesays.com\/fr\/247067\/","title":{"rendered":"Volley-ball. Un club embl\u00e9matique de Ligue A f\u00e9minine liquid\u00e9"},"content":{"rendered":"<p>Le tribunal judiciaire d\u2019Aix-en-Provence a prononc\u00e9 ce vendredi la liquidation du club du Pays d\u2019Aix\/Venelles Volley-Ball. Le PAVVB, qui existait depuis 35 ans, disparait du monde du volley professionnel f\u00e9minin apr\u00e8s 19\u00a0ann\u00e9es au plus haut niveau.<\/p>\n<p>Le m\u00eame sort que Nantes<\/p>\n<p>Un nouveau coup dur pour la Ligue A f\u00e9minine qui, apr\u00e8s avoir perdu Nantes fin juin, voit un autre gros club dispara\u00eetre. Les Proven\u00e7ales venaient de r\u00e9aliser une excellente saison, chutant seulement en demi-finale des play-offs lors du match d\u00e9cisif contre\u2026 Nantes.<\/p>\n<p>Alors que la pr\u00e9sence de Bordeaux a \u00e9t\u00e9 confirm\u00e9e et que la d\u00e9cision concernant le RC Cannes devrait tomber dans les prochains jours, il n\u2019y a plus que douze \u00e9quipes engag\u00e9es en Ligue A pour 2025-2026.<\/p>\n","protected":false},"excerpt":{"rendered":"Le tribunal judiciaire d\u2019Aix-en-Provence a prononc\u00e9 ce vendredi la liquidation du club du Pays d\u2019Aix\/Venelles Volley-Ball. Le PAVVB,&hellip;\n","protected":false},"author":2,"featured_media":247068,"comment_status":"","ping_status":"","sticky":false,"template":"","format":"standard","meta":{"footnotes":""},"categories":[1417],"tags":[2389,107,1701,1011,27,517,60,1470,1633,1632,1469],"class_list":{"0":"post-247067","1":"post","2":"type-post","3":"status-publish","4":"format-standard","5":"has-post-thumbnail","7":"category-volley","8":"tag-alsace","9":"tag-fil-info","10":"tag-fil-info-sport","11":"tag-fr","12":"tag-france","13":"tag-sport","14":"tag-sports","15":"tag-volley","16":"tag-volley-mulhouse-alsace","17":"tag-volley-ball","18":"tag-volleyball"},"share_on_mastodon":{"url":"https:\/\/pubeurope.com\/@fr\/114845744040577768","error":""},"_links":{"self":[{"href":"https:\/\/www.europesays.com\/fr\/wp-json\/wp\/v2\/posts\/247067","targetHints":{"allow":["GET"]}}],"collection":[{"href":"https:\/\/www.europesays.com\/fr\/wp-json\/wp\/v2\/posts"}],"about":[{"href":"https:\/\/www.europesays.com\/fr\/wp-json\/wp\/v2\/types\/post"}],"author":[{"embeddable":true,"href":"https:\/\/www.europesays.com\/fr\/wp-json\/wp\/v2\/users\/2"}],"replies":[{"embeddable":true,"href":"https:\/\/www.europesays.com\/fr\/wp-json\/wp\/v2\/comments?post=247067"}],"version-history":[{"count":0,"href":"https:\/\/www.europesays.com\/fr\/wp-json\/wp\/v2\/posts\/247067\/revisions"}],"wp:featuredmedia":[{"embeddable":true,"href":"https:\/\/www.europesays.com\/fr\/wp-json\/wp\/v2\/media\/247068"}],"wp:attachment":[{"href":"https:\/\/www.europesays.com\/fr\/wp-json\/wp\/v2\/media?parent=247067"}],"wp:term":[{"taxonomy":"category","embeddable":true,"href":"https:\/\/www.europesays.com\/fr\/wp-json\/wp\/v2\/categories?post=247067"},{"taxonomy":"post_tag","embeddable":true,"href":"https:\/\/www.europesays.com\/fr\/wp-json\/wp\/v2\/tags?post=247067"}],"curies":[{"name":"wp","href":"https:\/\/api.w.org\/{rel}","templated":true}]}}