{"id":247071,"date":"2025-07-13T11:43:11","date_gmt":"2025-07-13T11:43:11","guid":{"rendered":"https:\/\/www.europesays.com\/fr\/247071\/"},"modified":"2025-07-13T11:43:11","modified_gmt":"2025-07-13T11:43:11","slug":"jacquemot-qualifiee-pour-la-finale-a-contrexeville-fera-ses-debuts-dans-le-top-100-a-la-wta","status":"publish","type":"post","link":"https:\/\/www.europesays.com\/fr\/247071\/","title":{"rendered":"Jacquemot, qualifi\u00e9e pour la finale \u00e0 Contrex\u00e9ville, fera ses d\u00e9buts dans le top 100 \u00e0 la WTA"},"content":{"rendered":"<p>                <img decoding=\"async\" src=\"https:\/\/www.europesays.com\/fr\/wp-content\/uploads\/2025\/07\/9DjZ.jpg\" alt=\"Jacquemot, qualifi\u00e9e pour la finale \u00e0 Contrex\u00e9ville, fera ses d\u00e9buts dans le top 100 \u00e0 la WTA\"\/><\/p>\n<p>Elsa Jacquemot disputera la finale du tournoi WTA 125 de Contrex\u00e9ville. La Fran\u00e7aise de 22 ans avait profit\u00e9 de ses succ\u00e8s contre Susan Bandecchi (6-2, 7-5), Kathinka Von Deichmann (3-6, 6-2, 6-2) et Simona Waltert (2-6, 6-2, 6-4) pour rejoindre le dernier carr\u00e9.<\/p>\n<p>Contre cette derni\u00e8re en quarts, Jacquemot \u00e9tait men\u00e9e 3-0 dans la troisi\u00e8me manche avant de finalement l\u2019emporter contre l\u2019une de ses b\u00eates noires (elle \u00e9tait men\u00e9e 5-1 dans les confrontations directes avec la Suissesse avant ce match).<\/p>\n<p>En demi-finales, le sc\u00e9nario des deux derni\u00e8res rencontres s\u2019est r\u00e9p\u00e9t\u00e9, et la Lyonnaise a conc\u00e9d\u00e9 la premi\u00e8re manche contre Oksana Selekhmetova. La joueuse russe, tombeuse de la t\u00eate de s\u00e9rie num\u00e9ro 1 Varvara Gracheva au tour pr\u00e9c\u00e9dent, voulait s\u2019offrir une deuxi\u00e8me Fran\u00e7aise dans les Vosges, mais s\u2019est cette fois heurt\u00e9e \u00e0 la solidit\u00e9 d\u2019Elsa Jacquemot.<\/p>\n<p>Dans un match tendu, Jacquemot s\u2019en est sortie au bout du combat sur la terre battue de Contrex\u00e9ville. Apr\u00e8s 2h42 de jeu, elle s\u2019en est finalement sortie devant son public (3-6, 7-6, 7-6) pour rejoindre la finale o\u00f9 elle affrontera Francesca Jones, 122e mondiale, ce dimanche apr\u00e8s-midi.<\/p>\n<p>Apr\u00e8s avoir atteint le troisi\u00e8me tour \u00e0 Roland-Garros et le deuxi\u00e8me tour \u00e0 Wimbledon, Jacquemot, en forme ces derni\u00e8res semaines, fera ainsi ses d\u00e9buts dans le top 100 du classement WTA ce lundi (elle est 95e au classement Live).<\/p>\n","protected":false},"excerpt":{"rendered":"Elsa Jacquemot disputera la finale du tournoi WTA 125 de Contrex\u00e9ville. La Fran\u00e7aise de 22 ans avait profit\u00e9&hellip;\n","protected":false},"author":2,"featured_media":247072,"comment_status":"","ping_status":"","sticky":false,"template":"","format":"standard","meta":{"footnotes":""},"categories":[1415],"tags":[1011,27,60,1467],"class_list":{"0":"post-247071","1":"post","2":"type-post","3":"status-publish","4":"format-standard","5":"has-post-thumbnail","7":"category-tennis","8":"tag-fr","9":"tag-france","10":"tag-sports","11":"tag-tennis"},"share_on_mastodon":{"url":"https:\/\/pubeurope.com\/@fr\/114845751901033299","error":""},"_links":{"self":[{"href":"https:\/\/www.europesays.com\/fr\/wp-json\/wp\/v2\/posts\/247071","targetHints":{"allow":["GET"]}}],"collection":[{"href":"https:\/\/www.europesays.com\/fr\/wp-json\/wp\/v2\/posts"}],"about":[{"href":"https:\/\/www.europesays.com\/fr\/wp-json\/wp\/v2\/types\/post"}],"author":[{"embeddable":true,"href":"https:\/\/www.europesays.com\/fr\/wp-json\/wp\/v2\/users\/2"}],"replies":[{"embeddable":true,"href":"https:\/\/www.europesays.com\/fr\/wp-json\/wp\/v2\/comments?post=247071"}],"version-history":[{"count":0,"href":"https:\/\/www.europesays.com\/fr\/wp-json\/wp\/v2\/posts\/247071\/revisions"}],"wp:featuredmedia":[{"embeddable":true,"href":"https:\/\/www.europesays.com\/fr\/wp-json\/wp\/v2\/media\/247072"}],"wp:attachment":[{"href":"https:\/\/www.europesays.com\/fr\/wp-json\/wp\/v2\/media?parent=247071"}],"wp:term":[{"taxonomy":"category","embeddable":true,"href":"https:\/\/www.europesays.com\/fr\/wp-json\/wp\/v2\/categories?post=247071"},{"taxonomy":"post_tag","embeddable":true,"href":"https:\/\/www.europesays.com\/fr\/wp-json\/wp\/v2\/tags?post=247071"}],"curies":[{"name":"wp","href":"https:\/\/api.w.org\/{rel}","templated":true}]}}