{"id":247073,"date":"2025-07-13T11:45:20","date_gmt":"2025-07-13T11:45:20","guid":{"rendered":"https:\/\/www.europesays.com\/fr\/247073\/"},"modified":"2025-07-13T11:45:20","modified_gmt":"2025-07-13T11:45:20","slug":"cyclisme-lancien-pilote-de-motogp-aleix-espargaro-abandonne-apres-une-chute-survenue-lors-de-la-3e-etape","status":"publish","type":"post","link":"https:\/\/www.europesays.com\/fr\/247073\/","title":{"rendered":"Cyclisme. L&rsquo;ancien pilote de MotoGP Aleix Espargaro abandonne apr\u00e8s une chute survenue lors de la 3e \u00e9tape"},"content":{"rendered":"<p>Aleix Espargaro n&rsquo;ira pas au bout de sa premi\u00e8re course chez les professionnels. L&rsquo;ancien pilote de MotoGP, triple vainqueur en Grand Prix, a chut\u00e9, puis abandonn\u00e9 lors de la 3e \u00e9tape <a href=\"https:\/\/www.ledauphine.com\/sport\/2025\/07\/09\/je-veux-travailler-jusqu-a-exploser-premier-depart-en-world-tour-pour-l-ancien-pilote-motogp-aleix-espargaro\" target=\"_blank\" rel=\"nofollow noopener\">du Tour d&rsquo;Autriche<\/a> ce vendredi. Pire, il serait touch\u00e9 \u00e0 une main selon Lidl-Trek qui suspecte une \u00ab\u00a0fracture\u00a0\u00bb.\u00a0<\/p>\n<p>Jusque-l\u00e0, l&rsquo;Espagnol de 36 ans avait pris <a href=\"https:\/\/www.ledauphine.com\/sport\/2025\/07\/09\/aleix-espargaro-a-realise-une-belle-premiere-au-tour-d-autriche\" target=\"_blank\" rel=\"nofollow noopener\">les 85e<\/a> et 70e rangs lors des deux premi\u00e8res \u00e9tapes d&rsquo;une \u00e9preuve domin\u00e9e par Isaac del Toro, un coureur d&rsquo;UAE TEam Emirates.<\/p>\n","protected":false},"excerpt":{"rendered":"Aleix Espargaro n&rsquo;ira pas au bout de sa premi\u00e8re course chez les professionnels. L&rsquo;ancien pilote de MotoGP, triple&hellip;\n","protected":false},"author":2,"featured_media":247074,"comment_status":"","ping_status":"","sticky":false,"template":"","format":"standard","meta":{"footnotes":""},"categories":[1413],"tags":[1976,207,1701,1011,27,1457,1456,517,1947,60],"class_list":{"0":"post-247073","1":"post","2":"type-post","3":"status-publish","4":"format-standard","5":"has-post-thumbnail","7":"category-moto","8":"tag-auto-moto","9":"tag-cyclisme","10":"tag-fil-info-sport","11":"tag-fr","12":"tag-france","13":"tag-moto","14":"tag-motocycle","15":"tag-sport","16":"tag-sport-national","17":"tag-sports"},"share_on_mastodon":{"url":"https:\/\/pubeurope.com\/@fr\/114845759899884447","error":""},"_links":{"self":[{"href":"https:\/\/www.europesays.com\/fr\/wp-json\/wp\/v2\/posts\/247073","targetHints":{"allow":["GET"]}}],"collection":[{"href":"https:\/\/www.europesays.com\/fr\/wp-json\/wp\/v2\/posts"}],"about":[{"href":"https:\/\/www.europesays.com\/fr\/wp-json\/wp\/v2\/types\/post"}],"author":[{"embeddable":true,"href":"https:\/\/www.europesays.com\/fr\/wp-json\/wp\/v2\/users\/2"}],"replies":[{"embeddable":true,"href":"https:\/\/www.europesays.com\/fr\/wp-json\/wp\/v2\/comments?post=247073"}],"version-history":[{"count":0,"href":"https:\/\/www.europesays.com\/fr\/wp-json\/wp\/v2\/posts\/247073\/revisions"}],"wp:featuredmedia":[{"embeddable":true,"href":"https:\/\/www.europesays.com\/fr\/wp-json\/wp\/v2\/media\/247074"}],"wp:attachment":[{"href":"https:\/\/www.europesays.com\/fr\/wp-json\/wp\/v2\/media?parent=247073"}],"wp:term":[{"taxonomy":"category","embeddable":true,"href":"https:\/\/www.europesays.com\/fr\/wp-json\/wp\/v2\/categories?post=247073"},{"taxonomy":"post_tag","embeddable":true,"href":"https:\/\/www.europesays.com\/fr\/wp-json\/wp\/v2\/tags?post=247073"}],"curies":[{"name":"wp","href":"https:\/\/api.w.org\/{rel}","templated":true}]}}