{"id":247079,"date":"2025-07-13T11:48:12","date_gmt":"2025-07-13T11:48:12","guid":{"rendered":"https:\/\/www.europesays.com\/fr\/247079\/"},"modified":"2025-07-13T11:48:12","modified_gmt":"2025-07-13T11:48:12","slug":"aubameyang-se-rapproche-dun-retour-a-lom-qui-negocie-avec-le-lyonnais-malick-fofana","status":"publish","type":"post","link":"https:\/\/www.europesays.com\/fr\/247079\/","title":{"rendered":"Aubameyang se rapproche d\u2019un retour \u00e0 l\u2019OM, qui n\u00e9gocie avec le Lyonnais Malick Fofana"},"content":{"rendered":"<p>En qu\u00eate de renforts offensifs, l\u2019Olympique de Marseille discute avec Pierre-Emerick Aubameyang et Malick Fofana. Deux dossiers qui n\u2019ont pas les m\u00eames chances d\u2019aboutir.<\/p>\n<p class=\"fig-paragraph\">L\u2019OM passe \u00e0 l\u2019attaque. Apr\u00e8s des recrutements en d\u00e9fense (<a href=\"http:\/\/www.lefigaro.fr\/sports\/football\/ligue-1\/om-c-est-magnifique-la-recrue-facundo-medina-heureux-de-faire-partie-de-la-grande-histoire-de-ce-club-20250710\" target=\"_blank\" data-fig-type=\"NewsFlash\" rel=\"noopener\" data-gtm-custom-categorie=\"navigation\" data-gtm-custom-action=\"crossclick\" data-gtm-custom-label=\"Contextuel\" data-gtm-event=\"customEventSPE\" data-fig-domain=\"LEFIGARO\">Medina<\/a>, Egan-Riley) et au milieu de terrain (Angel Gomes), l\u2019Olympique de Marseille travaille pour renforcer son secteur offensif en vue d\u2019une prochaine saison charg\u00e9e avec la Ligue des champions ajout\u00e9e au calendrier. Aujourd\u2019hui,\u00a0<a href=\"http:\/\/www.lefigaro.fr\/sports\/football\/transferts\/mercato-l-om-songe-a-un-retour-d-aubameyang-un-an-apres-son-depart-20250709\" target=\"_blank\" data-fig-type=\"NewsFlash\" rel=\"noopener\" data-gtm-custom-categorie=\"navigation\" data-gtm-custom-action=\"crossclick\" data-gtm-custom-label=\"Contextuel\" data-gtm-event=\"customEventSPE\" data-fig-domain=\"LEFIGARO\">la piste la plus \u00abchaude\u00bb m\u00e8ne \u00e0&#8230; Pierre-Emerick Aubameyang<\/a>\u00a0qui se rapprocherait jour apr\u00e8s jour d\u2019un retour au stade V\u00e9lodrome.<\/p>\n<p class=\"fig-paragraph\">L\u2019attaquant gabonais de 36 ans, qui avait marqu\u00e9 30 buts en 51 matchs sous le maillot olympien en 2023\/2024, n\u00e9gocierait positivement avec la direction du club.\u00a0<a href=\"https:\/\/www.footmercato.net\/a6050082820756889742-om-ca-saccelere-pour-pierre-emerick-aubameyang\" target=\"_blank\" rel=\"sponsored noopener\" data-gtm-custom-categorie=\"navigation\" data-gtm-custom-action=\"crossclick\" data-gtm-custom-label=\"Contextuel\" data-gtm-event=\"customEventSPE\">Foot Mercato\u00a0<\/a>et le journaliste sp\u00e9cialiste des transferts Fabrizio Romano \u00e9voquent un contrat de deux ans pour l\u2019ancien joueur d\u2019Arsenal et du Bar\u00e7a qui devrait \u00eatre lib\u00e9r\u00e9 par le club saoudien d\u2019Al-Qadsiah. Cette saison, \u00abAubam\u00bb y a inscrit 21 buts en 36 rencontres et arriverait \u00e0 Marseille dans un r\u00f4le de doublure de luxe \u00e0 Amine Gouiri, pr\u00e9cise\u00a0<a href=\"https:\/\/rmcsport.bfmtv.com\/football\/clubs\/olympique-marseille\/mercato-aubameyang-negociations-avancees-pour-un-retour-a-l-om_AV-202507130154.html\" target=\"_blank\" rel=\"sponsored noopener\" data-gtm-custom-categorie=\"navigation\" data-gtm-custom-action=\"crossclick\" data-gtm-custom-label=\"Contextuel\" data-gtm-event=\"customEventSPE\">RMC Sport.<\/a><\/p>\n<p>                                    <a class=\"fig-a11y-skip a11y-hidden\" href=\"#fig-a11y-skip-main-inarticle\"><br \/>\n        Passer la publicit\u00e9<br \/>\n    <\/a><\/p>\n<p>Discussions entam\u00e9es avec Fofana, l\u2019OL sera-t-il vendeur\u00a0?<\/p>\n<p class=\"fig-paragraph\">En parall\u00e8le de ce dossier tr\u00e8s bien avanc\u00e9, le pr\u00e9sident olympien Pablo Longoria et son directeur du football Mehdi Benatia ont lanc\u00e9 la piste menant \u00e0 Malick Fofana, ailier virevoltant de 20 ans \u00e9voluant \u00e0 l\u2019Olympique Lyonnais. Les discussions entre l\u2019OM et les repr\u00e9sentants de l\u2019international belge sont d\u00e9j\u00e0 entam\u00e9es, r\u00e9v\u00e8le Foot Mercato.<\/p>\n<p class=\"fig-paragraph\">Reste \u00e0 savoir si l\u2019OL sera vendeur \u00e0 un concurrent direct en Ligue 1, et si oui \u00e0 quel prix. Suivi derni\u00e8rement par le Bayern Munich, Chelsea, Liverpool ou encore Nottingham Forest, Fofana poss\u00e8de une tr\u00e8s belle c\u00f4te sur le march\u00e9. Son club,\u00a0<a href=\"http:\/\/www.lefigaro.fr\/sports\/football\/ligue-1\/foot-entendu-en-appel-lyon-sauve-sa-place-en-ligue-1-20250709\" target=\"_blank\" data-fig-type=\"NewsFlash\" rel=\"noopener\" data-gtm-custom-categorie=\"navigation\" data-gtm-custom-action=\"crossclick\" data-gtm-custom-label=\"Contextuel\" data-gtm-event=\"customEventSPE\" data-fig-domain=\"LEFIGARO\">finalement maintenu dans l\u2019\u00e9lite par la DNCG<\/a>, a-t-il un v\u00e9ritable besoin de vendre dans les prochaines semaines\u00a0? Auquel cas, l\u2019OM pourrait tenter de rafler la mise, \u00e0 moins que cet int\u00e9r\u00eat ne soit un moyen de mettre la pression au Feyenoord Rotterdam qui refuserait de vendre<a href=\"http:\/\/www.lefigaro.fr\/sports\/football\/transferts\/mercato-paixao-sur-les-tablettes-de-l-om-pour-remplacer-enrique-20250708\" target=\"_blank\" data-fig-type=\"NewsFlash\" rel=\"noopener\" data-gtm-custom-categorie=\"navigation\" data-gtm-custom-action=\"crossclick\" data-gtm-custom-label=\"Contextuel\" data-gtm-event=\"customEventSPE\" data-fig-domain=\"LEFIGARO\">\u00a0le Br\u00e9silien Igo Paixao<\/a>\u00a0\u00e0 moins de 40 millions d\u2019euros. Affaire \u00e0 suivre&#8230;<\/p>\n","protected":false},"excerpt":{"rendered":"En qu\u00eate de renforts offensifs, l\u2019Olympique de Marseille discute avec Pierre-Emerick Aubameyang et Malick Fofana. Deux dossiers qui&hellip;\n","protected":false},"author":2,"featured_media":247080,"comment_status":"","ping_status":"","sticky":false,"template":"","format":"standard","meta":{"footnotes":""},"categories":[1410],"tags":[63,1011,27,1176,38746,60],"class_list":{"0":"post-247079","1":"post","2":"type-post","3":"status-publish","4":"format-standard","5":"has-post-thumbnail","7":"category-football","8":"tag-football","9":"tag-fr","10":"tag-france","11":"tag-olympique-de-marseille","12":"tag-pierre-emerick-aubameyang","13":"tag-sports"},"share_on_mastodon":{"url":"https:\/\/pubeurope.com\/@fr\/114845771540242749","error":""},"_links":{"self":[{"href":"https:\/\/www.europesays.com\/fr\/wp-json\/wp\/v2\/posts\/247079","targetHints":{"allow":["GET"]}}],"collection":[{"href":"https:\/\/www.europesays.com\/fr\/wp-json\/wp\/v2\/posts"}],"about":[{"href":"https:\/\/www.europesays.com\/fr\/wp-json\/wp\/v2\/types\/post"}],"author":[{"embeddable":true,"href":"https:\/\/www.europesays.com\/fr\/wp-json\/wp\/v2\/users\/2"}],"replies":[{"embeddable":true,"href":"https:\/\/www.europesays.com\/fr\/wp-json\/wp\/v2\/comments?post=247079"}],"version-history":[{"count":0,"href":"https:\/\/www.europesays.com\/fr\/wp-json\/wp\/v2\/posts\/247079\/revisions"}],"wp:featuredmedia":[{"embeddable":true,"href":"https:\/\/www.europesays.com\/fr\/wp-json\/wp\/v2\/media\/247080"}],"wp:attachment":[{"href":"https:\/\/www.europesays.com\/fr\/wp-json\/wp\/v2\/media?parent=247079"}],"wp:term":[{"taxonomy":"category","embeddable":true,"href":"https:\/\/www.europesays.com\/fr\/wp-json\/wp\/v2\/categories?post=247079"},{"taxonomy":"post_tag","embeddable":true,"href":"https:\/\/www.europesays.com\/fr\/wp-json\/wp\/v2\/tags?post=247079"}],"curies":[{"name":"wp","href":"https:\/\/api.w.org\/{rel}","templated":true}]}}