{"id":247083,"date":"2025-07-13T11:50:15","date_gmt":"2025-07-13T11:50:15","guid":{"rendered":"https:\/\/www.europesays.com\/fr\/247083\/"},"modified":"2025-07-13T11:50:15","modified_gmt":"2025-07-13T11:50:15","slug":"de-la-nouvelle-zelande-au-sud-de-la-france-ce-sculpteur-de-bois-a-choisi-dinstaller-son-atelier-a-carcassonne","status":"publish","type":"post","link":"https:\/\/www.europesays.com\/fr\/247083\/","title":{"rendered":"De la Nouvelle-Z\u00e9lande au sud de la France, ce sculpteur de bois a choisi d\u2019installer son atelier \u00e0 Carcassonne"},"content":{"rendered":"<p>\n                                                                Install\u00e9 \u00e0 Carcassonne depuis peu, Guy du Toit, ce sculpteur tourneur sur bois venu de Nouvelle-Z\u00e9lande, fa\u00e7onne des pi\u00e8ces uniques dans son atelier en plein centre-ville, entre tradition artisanale et passion du sur-mesure.\n                            <\/p>\n<p>Il y a des parcours de vie qui ressemblent \u00e0 des voyages initiatiques. Celui de Guy du Toit en est un. N\u00e9 en Afrique du Sud, il a pass\u00e9 dix ans de sa vie en Nouvelle-Z\u00e9lande avant de tout quitter pour poser ses valises \u00e0 Carcassonne. \u00ab\u00a0Je suis fier d\u2019\u00eatre citoyen n\u00e9o-z\u00e9landais. Aujourd\u2019hui, la France est ma nouvelle patrie apr\u00e8s mon retour sur la terre de mes anc\u00eatres huguenots\u00a0\u00bb, explique-t-il.<\/p>\n<p>        <img decoding=\"async\" class=\"std-img__img responsive-img\" src=\"https:\/\/www.europesays.com\/fr\/wp-content\/uploads\/2025\/07\/1752407413_343_image.jpg\" alt=\"Le sculpteur tourneur sur bois Guy du Toit dans son atelier ARTelier de Guy, 70 rue Georges Clemenceau \u00e0 Carcassonne.\"\/><\/p>\n<p>                Le sculpteur tourneur sur bois Guy du Toit dans son atelier ARTelier de Guy, 70 rue Georges Clemenceau \u00e0 Carcassonne.<br \/>\n                                    Independant &#8211; NATHALIE AMEN VALS<\/p>\n<p>Anciens travailleurs dans les \u00e9tablissements m\u00e9dicaux, il d\u00e9couvre la sculpture sur bois presque par hasard il y a huit ans en Nouvelle-Z\u00e9lande et d\u00e9cide de rejoindre un club d\u00e9di\u00e9 \u00e0 cet artisanat. Ce qui lui a permis de conna\u00eetre l\u2019\u00e9cole fran\u00e7aise de tournage sur bois Escoulen dans laquelle il choisit de se former et obtient son dipl\u00f4me en 2019. \u00ab\u00a0J\u2019ai \u00e9t\u00e9 encadr\u00e9 par certains des tourneurs, artisans et artistes sur bois les plus renomm\u00e9s au monde\u00a0\u00bb, explique Guy sur son site internet.<\/p>\n<p>\u00ab\u00a0C\u2019est ma passion, c\u2019est ma vie\u00a0\u00bb<\/p>\n<p>        <img decoding=\"async\" class=\"std-img__img responsive-img\" src=\"https:\/\/www.europesays.com\/fr\/wp-content\/uploads\/2025\/07\/1752407413_817_image.jpg\" alt=\"Les cr\u00e9ations de Guy du Toit \u00e0 la vente dans son atelier \u00e0 Carcassonne.\"\/><\/p>\n<p>                Les cr\u00e9ations de Guy du Toit \u00e0 la vente dans son atelier \u00e0 Carcassonne.<br \/>\n                                    Independant &#8211; Lucile Ozenne<\/p>\n<p>En 2017, alors qu\u2019il vient de d\u00e9buter, il remporte d\u00e9j\u00e0 un premier prix en tant que nouveau tourneur sur bois au festival annuel du bois de Kawerau, en Nouvelle-Z\u00e9lande. Suivront d\u2019autres distinctions, dont deux premi\u00e8res places \u00e0 la prestigieuse exposition royale d\u2019art de P\u00e2ques \u00e0 Auckland en 2019, et une seconde place en 2018 au Symposium de l\u2019\u00c9cole Escoulen \u00e0 Aiguines o\u00f9 il s\u2019est form\u00e9. \u00ab\u00a0C\u2019est ma passion, c\u2019est ma vie\u00a0\u00bb, affirme-t-il\u00a0aujourd\u2019hui avec sinc\u00e9rit\u00e9.<\/p>\n<p class=\"std-elt__inline\">\n        <strong>\u00c0 lire aussi :<\/strong><br \/>\n        <a href=\"https:\/\/www.lindependant.fr\/2025\/02\/10\/ca-bouge-dans-le-commerce-a-carcassonne-guy-du-toit-tourneur-sculpteur-sur-bois-ouvre-sa-boutique-atelier-en-centre-ville-12493912.php\" rel=\"nofollow noopener\" target=\"_blank\">\u00c7a bouge dans le commerce \u00e0 Carcassonne\u00a0: Guy du Toit, tourneur-sculpteur sur bois ouvre sa boutique-atelier en centre-ville<\/a>\n    <\/p>\n<p>Un coup de coeur pour la ville<\/p>\n<p>C\u2019est en 2022, lors d\u2019un voyage dans le sud de la France, que Guy du Toit a un coup de c\u0153ur. \u00ab\u00a0J\u2019ai fait un grand tour dans le Sud et j\u2019ai beaucoup aim\u00e9 Carcassonne\u00a0\u00bb, confie-t-il. Quelque temps\u00a0plus tard, avec son \u00e9pouse, ils prennent une d\u00e9cision\u00a0: s\u2019installer dans la cit\u00e9 m\u00e9di\u00e9vale. Depuis f\u00e9vrier\u00a02025, son atelier baptis\u00e9 ARTelier de Guy, a ouvert ses portes au 70 rue Georges Clemenceau en centre-ville. Dans cet atelier, il sculpte, tourne, fa\u00e7onne. Il y cr\u00e9e des pi\u00e8ces uniques avec parfois un travail de restauration d\u00e9licat. \u00ab\u00a0Actuellement, je suis en train de r\u00e9parer les jambes d\u2019une poup\u00e9e en bois datant du XVIIIe\u00a0si\u00e8cle.\u00a0\u00bb<\/p>\n<p>        <img decoding=\"async\" class=\"std-img__img responsive-img\" src=\"https:\/\/www.europesays.com\/fr\/wp-content\/uploads\/2025\/07\/1752407414_937_image.jpg\" alt=\"Une r\u00e9paration minutieuse d\u2019une poup\u00e9e en bois datant du XVIIIe\u00a0si\u00e8cle par Guy du Toit.\"\/><\/p>\n<p>                Une r\u00e9paration minutieuse d\u2019une poup\u00e9e en bois datant du XVIIIe\u00a0si\u00e8cle par Guy du Toit.<br \/>\n                                    Independant &#8211; Lucile Ozenne<\/p>\n<p>Un bois d\u2019exception<\/p>\n<p>Ce qui rend ses cr\u00e9ations encore plus singuli\u00e8res, c\u2019est le bois qu\u2019il travaille. Le Kauri, un arbre g\u00e9ant end\u00e9mique de Nouvelle-Z\u00e9lande, dont certaines souches extraites des marais ont plusieurs ann\u00e9es. \u00ab\u00a0C\u2019est un bois magnifique \u00e0 travailler, il change de couleur selon la pression et les min\u00e9raux qu\u2019il a absorb\u00e9s\u00a0\u00bb, s\u2019\u00e9merveille-t-il.\u00a0Chaque pi\u00e8ce est alors unique.<\/p>\n<p>        <img decoding=\"async\" class=\"std-img__img responsive-img\" src=\"https:\/\/www.europesays.com\/fr\/wp-content\/uploads\/2025\/07\/1752407415_117_image.jpg\" alt=\"Le sculpteur tourneur sur bois Guy du Toit pr\u00e9sente ses cr\u00e9ations en bois de Kauri, originaire de Nouvelle-Z\u00e9lande.\"\/><\/p>\n<p>                Le sculpteur tourneur sur bois Guy du Toit pr\u00e9sente ses cr\u00e9ations en bois de Kauri, originaire de Nouvelle-Z\u00e9lande.<br \/>\n                                    Independant &#8211; NATHALIE AMEN VALS<\/p>\n<p>\u00ab\u00a0J\u2019ai aussi beaucoup de commandes\u00a0\u00bb, pr\u00e9cise Guy. \u00c0 une \u00e9poque o\u00f9 les m\u00e9tiers d\u2019art se font rares, il continue, humblement mais avec ferveur, \u00e0 faire vivre un savoir-faire pr\u00e9cieux \u00e0 Carcassonne. \u00ab\u00a0Aujourd\u2019hui, c\u2019est un peu difficile de trouver ces m\u00e9tiers\u00a0\u00bb, regrette-t-il, tout en montrant chaque jour son talent et sa passion \u00e0 travers sa vitrine dans son atelier.<\/p>\n<p><a href=\"https:\/\/guydutoit.com\/fr\/\" target=\"_self\" rel=\"nofollow noopener\">guydutoit.com<\/a><\/p>\n","protected":false},"excerpt":{"rendered":"Install\u00e9 \u00e0 Carcassonne depuis peu, Guy du Toit, ce sculpteur tourneur sur bois venu de Nouvelle-Z\u00e9lande, fa\u00e7onne des&hellip;\n","protected":false},"author":2,"featured_media":247084,"comment_status":"","ping_status":"","sticky":false,"template":"","format":"standard","meta":{"footnotes":""},"categories":[1358],"tags":[1348,1384,1385,1386,58,59,1011,27],"class_list":{"0":"post-247083","1":"post","2":"type-post","3":"status-publish","4":"format-standard","5":"has-post-thumbnail","7":"category-arts-et-design","8":"tag-arts","9":"tag-arts-and-design","10":"tag-arts-et-design","11":"tag-design","12":"tag-divertissement","13":"tag-entertainment","14":"tag-fr","15":"tag-france"},"share_on_mastodon":{"url":"https:\/\/pubeurope.com\/@fr\/114845779765045927","error":""},"_links":{"self":[{"href":"https:\/\/www.europesays.com\/fr\/wp-json\/wp\/v2\/posts\/247083","targetHints":{"allow":["GET"]}}],"collection":[{"href":"https:\/\/www.europesays.com\/fr\/wp-json\/wp\/v2\/posts"}],"about":[{"href":"https:\/\/www.europesays.com\/fr\/wp-json\/wp\/v2\/types\/post"}],"author":[{"embeddable":true,"href":"https:\/\/www.europesays.com\/fr\/wp-json\/wp\/v2\/users\/2"}],"replies":[{"embeddable":true,"href":"https:\/\/www.europesays.com\/fr\/wp-json\/wp\/v2\/comments?post=247083"}],"version-history":[{"count":0,"href":"https:\/\/www.europesays.com\/fr\/wp-json\/wp\/v2\/posts\/247083\/revisions"}],"wp:featuredmedia":[{"embeddable":true,"href":"https:\/\/www.europesays.com\/fr\/wp-json\/wp\/v2\/media\/247084"}],"wp:attachment":[{"href":"https:\/\/www.europesays.com\/fr\/wp-json\/wp\/v2\/media?parent=247083"}],"wp:term":[{"taxonomy":"category","embeddable":true,"href":"https:\/\/www.europesays.com\/fr\/wp-json\/wp\/v2\/categories?post=247083"},{"taxonomy":"post_tag","embeddable":true,"href":"https:\/\/www.europesays.com\/fr\/wp-json\/wp\/v2\/tags?post=247083"}],"curies":[{"name":"wp","href":"https:\/\/api.w.org\/{rel}","templated":true}]}}