{"id":247085,"date":"2025-07-13T11:51:11","date_gmt":"2025-07-13T11:51:11","guid":{"rendered":"https:\/\/www.europesays.com\/fr\/247085\/"},"modified":"2025-07-13T11:51:11","modified_gmt":"2025-07-13T11:51:11","slug":"tour-de-france-tous-les-vainqueurs-detapes-de-1903-a-nos-jours","status":"publish","type":"post","link":"https:\/\/www.europesays.com\/fr\/247085\/","title":{"rendered":"Tour de France, tous les vainqueurs d\u2019\u00e9tapes de 1903 \u00e0 nos jours"},"content":{"rendered":"<p>Sans doute <a href=\"https:\/\/www.republicain-lorrain.fr\/tour-de-france\" target=\"_blank\" rel=\"nofollow noopener\">l\u2019\u00e9dition 2025 de la Grande Boucle<\/a> va-t-elle r\u00e9server encore quelques surprises. De nouveaux noms vont encore venir grossir la liste des vainqueurs d\u2019\u00e9tapes du Tour de France que J\u00e9r\u00f4me Bergot a m\u00e9ticuleusement r\u00e9pertori\u00e9 dans cet impressionnant (et n\u00e9cessaire) ouvrage. Un ouvrage de r\u00e9f\u00e9rence \u00e0 n\u2019en pas douter.<\/p>\n<p>Le journaliste de Ouest France offre ainsi \u00e0 tous les amoureux du v\u00e9lo et de la Grand Boucle une v\u00e9ritable bible\u00a0: au total, de <a href=\"https:\/\/www.republicain-lorrain.fr\/actualite\/2013\/06\/23\/premier-de-pedalee\" target=\"_blank\" rel=\"nofollow noopener\">Maurice Garin, le tout premier \u00e0 Lyon en 1903<\/a>, \u00e0 <a href=\"https:\/\/www.republicain-lorrain.fr\/p\/tadej-pogacar\" target=\"_blank\" rel=\"nofollow noopener\">Tadej Pogacar<\/a>, victorieux \u00e0 Nice en 2024, ce sont 848 coureurs qui d\u00e9filent devant nos yeux. On y croise le Britannique Mark Cavendish, recordman du nombre de victoires d\u2019\u00e9tapes (35) mais aussi 234 Fran\u00e7ais qui ont eu l\u2019immense bonheur de conna\u00eetre l\u2019ivresse incomparable de franchir la ligne d\u2019une \u00e9tape du Tour de France en vainqueur.<\/p>\n<p>\u00ab\u00a0Ils ont connu eux aussi l\u2019in\u00e9galable lumi\u00e8re du Tour\u00a0\u00bb<\/p>\n<p>La plupart des coureurs dont J\u00e9r\u00f4me Bergot dresse \u2013 avec talent \u2013 le portrait n\u2019ont pas remport\u00e9 la mythique \u00e9preuve. Mais eux aussi font ind\u00e9niablement partie de la l\u00e9gende du Tour. Ils sont donc tous l\u00e0, r\u00e9unis dans cet imposant ouvrage. C\u2019est leur histoire qui est ici racont\u00e9e par ordre d\u2019apparition.<\/p>\n<p>\u00ab\u00a0Ce sont cent vingt ans d\u2019histoires faites d\u2019un ou de plusieurs jours de gloire, o\u00f9 les plus illustres coureurs pass\u00e9s \u00e0 la post\u00e9rit\u00e9 du Tour c\u00f4toient ceux tomb\u00e9s parfois dans l\u2019oubli apr\u00e8s avoir pourtant connu eux aussi l\u2019in\u00e9galable lumi\u00e8re du Tour\u00a0\u00bb, \u00e9crit l\u2019auteur de ce livre qui vous permettra de revivre tout un pan de la grande Histoire de la Grande Boucle et de patienter entre deux\u2026 \u00e9tapes.<\/p>\n<p>Tour de France, tous les vainqueurs d\u2019\u00e9tapes de 1903 \u00e0 nos jours de J\u00e9r\u00f4me Bergot, <a href=\"https:\/\/www.talenteditions.fr\/livres-sport\/\" target=\"_blank\" rel=\"nofollow noopener\">Talent Sport<\/a>, 685 pages, 34,90 euros<\/p>\n","protected":false},"excerpt":{"rendered":"Sans doute l\u2019\u00e9dition 2025 de la Grande Boucle va-t-elle r\u00e9server encore quelques surprises. De nouveaux noms vont encore&hellip;\n","protected":false},"author":2,"featured_media":247086,"comment_status":"","ping_status":"","sticky":false,"template":"","format":"standard","meta":{"footnotes":""},"categories":[1357],"tags":[1379,1687,207,58,59,107,1701,1011,27,329,1380,2410,517,1947,210],"class_list":{"0":"post-247085","1":"post","2":"type-post","3":"status-publish","4":"format-standard","5":"has-post-thumbnail","7":"category-livres","8":"tag-books","9":"tag-culture-loisirs","10":"tag-cyclisme","11":"tag-divertissement","12":"tag-entertainment","13":"tag-fil-info","14":"tag-fil-info-sport","15":"tag-fr","16":"tag-france","17":"tag-france-monde","18":"tag-livres","19":"tag-livres-bd","20":"tag-sport","21":"tag-sport-national","22":"tag-tour-de-france"},"share_on_mastodon":{"url":"https:\/\/pubeurope.com\/@fr\/114845784179773543","error":""},"_links":{"self":[{"href":"https:\/\/www.europesays.com\/fr\/wp-json\/wp\/v2\/posts\/247085","targetHints":{"allow":["GET"]}}],"collection":[{"href":"https:\/\/www.europesays.com\/fr\/wp-json\/wp\/v2\/posts"}],"about":[{"href":"https:\/\/www.europesays.com\/fr\/wp-json\/wp\/v2\/types\/post"}],"author":[{"embeddable":true,"href":"https:\/\/www.europesays.com\/fr\/wp-json\/wp\/v2\/users\/2"}],"replies":[{"embeddable":true,"href":"https:\/\/www.europesays.com\/fr\/wp-json\/wp\/v2\/comments?post=247085"}],"version-history":[{"count":0,"href":"https:\/\/www.europesays.com\/fr\/wp-json\/wp\/v2\/posts\/247085\/revisions"}],"wp:featuredmedia":[{"embeddable":true,"href":"https:\/\/www.europesays.com\/fr\/wp-json\/wp\/v2\/media\/247086"}],"wp:attachment":[{"href":"https:\/\/www.europesays.com\/fr\/wp-json\/wp\/v2\/media?parent=247085"}],"wp:term":[{"taxonomy":"category","embeddable":true,"href":"https:\/\/www.europesays.com\/fr\/wp-json\/wp\/v2\/categories?post=247085"},{"taxonomy":"post_tag","embeddable":true,"href":"https:\/\/www.europesays.com\/fr\/wp-json\/wp\/v2\/tags?post=247085"}],"curies":[{"name":"wp","href":"https:\/\/api.w.org\/{rel}","templated":true}]}}