{"id":247087,"date":"2025-07-13T11:52:09","date_gmt":"2025-07-13T11:52:09","guid":{"rendered":"https:\/\/www.europesays.com\/fr\/247087\/"},"modified":"2025-07-13T11:52:09","modified_gmt":"2025-07-13T11:52:09","slug":"audiences-tv-emilien-booste-encore-les-12-coups-de-midi-crime-dans-le-larzac-bat-fort-boyard","status":"publish","type":"post","link":"https:\/\/www.europesays.com\/fr\/247087\/","title":{"rendered":"Audiences TV\u00a0: \u00c9milien booste encore \u00ab\u00a0Les 12 coups de midi\u00a0\u00bb, \u00ab\u00a0Crime dans le Larzac\u00a0\u00bb bat \u00ab\u00a0Fort Boyard\u00a0\u00bb"},"content":{"rendered":"<p class=\"paragraph text_align_left lp-f-body-02\">\u00c9milien gagne encore et toujours, m\u00eame du c\u00f4t\u00e9 des <a href=\"https:\/\/www.leparisien.fr\/culture-loisirs\/tv\/audiences\/\" target=\"_self\" rel=\"nofollow noopener\">audiences.<\/a> Une semaine apr\u00e8s son \u00e9limination apr\u00e8s 647 participations aux \u00ab\u00a012 coups de midi\u00a0\u00bb (<a href=\"https:\/\/www.leparisien.fr\/culture-loisirs\/tv\/emilien-elimine-des-12-coups-de-midi-audience-historique-pour-lemission-de-jean-luc-reichmann-07-07-2025-TVH6ZJ37IZAKXKMY6PKCS7WLOU.php\" target=\"_blank\" rel=\"noreferrer nofollow noopener\">salu\u00e9e par un record d\u2019audience\u00a0!<\/a>), <a href=\"https:\/\/www.leparisien.fr\/culture-loisirs\/tv\/les-12-coups-de-midi-emilien-le-plus-grand-gagnant-de-lhistoire-des-jeux-teles-en-france-raconte-comment-il-a-gagne-23-millions-deuros-26-05-2025-UWWCC5XUDBETBJ4SEWTPKPWYMI.php\" rel=\"nofollow noopener\" target=\"_blank\">le plus grand champion de l\u2019histoire des jeux t\u00e9l\u00e9 fran\u00e7ais<\/a>, \u00e9tait d\u00e9j\u00e0 de retour sur TF\u00a01. Et la Une s\u2019est \u00e0 nouveau plac\u00e9e en t\u00eate des audiences avec cette sp\u00e9ciale du <a href=\"https:\/\/www.leparisien.fr\/culture-loisirs\/tv\/jean-luc-reichmann-arrive-sur-nostalgie-passe-60-ans-jai-envie-de-quelque-chose-dintimiste-21-12-2024-UIY2FEWMBNGQFMG4DYXY5AFJW4.php\" target=\"_self\" rel=\"nofollow noopener\">Jean-Luc Reichmann<\/a> qui opposait \u00c9milien \u00e0 Xavier, un des autres grands ma\u00eetres de midi embl\u00e9matique.<\/p>\n<p class=\"paragraph text_align_left lp-f-body-02\">2,86\u00a0millions de personnes \u00e9taient devant leur t\u00e9l\u00e9viseur en moyenne pour la premi\u00e8re partie de la soir\u00e9e diffus\u00e9e jusqu\u2019\u00e0 22h45, selon M\u00e9diam\u00e9trie. Puis ils \u00e9taient encore 2,53\u00a0millions jusqu\u2019\u00e0 23h50 pour la suite et fin du programme.<\/p>\n<p class=\"paragraph text_align_left lp-f-body-02\">La part de march\u00e9 sur l\u2019ensemble du public de 4\u00a0ans et plus pr\u00e9sent \u00e0 ce moment-l\u00e0 devant la t\u00e9l\u00e9vision est de 24\u00a0% sur l\u2019ensemble de l\u2019\u00e9mission. Mais l\u2019essentiel pour la Une c\u2019est d\u2019\u00eatre en t\u00eate sur les femmes responsables des achats de moins de 50\u00a0ans (FRDA-50) avec 28,1\u00a0% de part de march\u00e9, ce qui est fondamental pour ses recettes publicitaires.<\/p>\n<p>\u00ab\u00a0Crime dans le Larzac\u00a0\u00bb, la valeur s\u00fbre de France\u00a03<\/p>\n<p class=\"paragraph text_align_left lp-f-body-02\">France\u00a03 est juste derri\u00e8re avec la rediffusion de \u00ab\u00a0Crime dans le Larzac\u00a0\u00bb. 2,66\u00a0millions de personnes ont regard\u00e9 le t\u00e9l\u00e9film port\u00e9 par <a href=\"https:\/\/www.leparisien.fr\/culture-loisirs\/tv\/astrid-raphaelle-et-alexandra-ehle-sur-france-2-quand-julie-depardieu-et-lola-dewaere-croisent-le-fer-01-11-2024-T23LPREA5ZGOLJBC6QH7DFGU7U.php\" target=\"_self\" rel=\"nofollow noopener\">Lola Dewaere<\/a>, Florence Pernel, St\u00e9phane Guillon et Guillaume Cramoisan en moyenne jusqu\u2019\u00e0 22h40, soit 18,6\u00a0% du public global. Mais elle n\u2019est que de 4,6\u00a0% sur les FRDA-50, ce qui prouve que, comme souvent avec les s\u00e9ries du service public, \u00ab\u00a0Crime dans le Larzac\u00a0\u00bb a s\u00e9duit principalement un public \u00e2g\u00e9.<\/p>\n<p class=\"paragraph text_align_left lp-f-body-02\">France\u00a02 compl\u00e8te le podium avec <a href=\"https:\/\/www.leparisien.fr\/culture-loisirs\/tv\/votre-confiance-je-ne-loublierai-jamais-sequence-emotion-pour-olivier-minne-a-fort-boyard-05-07-2025-3XTKEDYIVZED3KOUMKF45YQABI.php\" target=\"_self\" rel=\"nofollow noopener\">\u00ab\u00a0Fort Boyard\u00a0\u00bb <\/a>mais \u00e9choue d\u2019un rien \u00e0 d\u00e9passer la barre des deux millions de t\u00e9l\u00e9spectateurs, malgr\u00e9 la participation de <a href=\"https:\/\/www.leparisien.fr\/sports\/handball\/nikola-karabatic\/\" target=\"_self\" rel=\"nofollow noopener\">Nikola Karabatic, <\/a>Matthias Dandois, Claude Dartois, H\u00e9lo\u00efse Martin, Catherine Davydzenka et Major Mouvement. La part de march\u00e9 globale est de 14,5\u00a0% mais grimpe \u00e0 25,5\u00a0% sur les FRDA-50\u00a0!<\/p>\n<p class=\"paragraph text_align_left lp-f-body-02\">M 6 suit avec le lancement de la sixi\u00e8me saison de <a href=\"https:\/\/www.leparisien.fr\/culture-loisirs\/tv\/nathan-fillion-dans-the-rookie-le-metier-peut-etre-a-la-fois-tres-intense-et-dangereux-11-09-2020-8383098.php\" target=\"_self\" rel=\"nofollow noopener\">\u00ab\u00a0The Rookie\u00a0: le flic de Los Angeles\u00a0\u00bb, <\/a>dont le premier des trois \u00e9pisodes in\u00e9dits du soir a s\u00e9duit 880 000 adeptes de la s\u00e9rie am\u00e9ricaine (6\u00a0% de part d\u2019audience). La Six est au coude \u00e0 coude avec l\u2019escapade d\u2019\u00ab\u00a0\u00c9chapp\u00e9es belles\u00a0\u00bb \u00e0 Menton qui d\u00e9passe tout juste la barre des 800 000 t\u00e9l\u00e9spectateurs (5,6\u00a0%). \u00c0 noter que TMC s\u2019en sort bien avec Su\u00e8de\/Allemagne. Le nouveau match de poule de l\u2019Euro f\u00e9minin de football a attir\u00e9 720 000 amateurs de ballon rond (5,1\u00a0%).<\/p>\n","protected":false},"excerpt":{"rendered":"\u00c9milien gagne encore et toujours, m\u00eame du c\u00f4t\u00e9 des audiences. Une semaine apr\u00e8s son \u00e9limination apr\u00e8s 647 participations&hellip;\n","protected":false},"author":2,"featured_media":247088,"comment_status":"","ping_status":"","sticky":false,"template":"","format":"standard","meta":{"footnotes":""},"categories":[1356],"tags":[872,58,59,1011,27,252,2205,1364],"class_list":{"0":"post-247087","1":"post","2":"type-post","3":"status-publish","4":"format-standard","5":"has-post-thumbnail","7":"category-television","8":"tag-culture-et-loisirs","9":"tag-divertissement","10":"tag-entertainment","11":"tag-fr","12":"tag-france","13":"tag-television","14":"tag-television-medias","15":"tag-tv"},"share_on_mastodon":{"url":"https:\/\/pubeurope.com\/@fr\/114845787266410529","error":""},"_links":{"self":[{"href":"https:\/\/www.europesays.com\/fr\/wp-json\/wp\/v2\/posts\/247087","targetHints":{"allow":["GET"]}}],"collection":[{"href":"https:\/\/www.europesays.com\/fr\/wp-json\/wp\/v2\/posts"}],"about":[{"href":"https:\/\/www.europesays.com\/fr\/wp-json\/wp\/v2\/types\/post"}],"author":[{"embeddable":true,"href":"https:\/\/www.europesays.com\/fr\/wp-json\/wp\/v2\/users\/2"}],"replies":[{"embeddable":true,"href":"https:\/\/www.europesays.com\/fr\/wp-json\/wp\/v2\/comments?post=247087"}],"version-history":[{"count":0,"href":"https:\/\/www.europesays.com\/fr\/wp-json\/wp\/v2\/posts\/247087\/revisions"}],"wp:featuredmedia":[{"embeddable":true,"href":"https:\/\/www.europesays.com\/fr\/wp-json\/wp\/v2\/media\/247088"}],"wp:attachment":[{"href":"https:\/\/www.europesays.com\/fr\/wp-json\/wp\/v2\/media?parent=247087"}],"wp:term":[{"taxonomy":"category","embeddable":true,"href":"https:\/\/www.europesays.com\/fr\/wp-json\/wp\/v2\/categories?post=247087"},{"taxonomy":"post_tag","embeddable":true,"href":"https:\/\/www.europesays.com\/fr\/wp-json\/wp\/v2\/tags?post=247087"}],"curies":[{"name":"wp","href":"https:\/\/api.w.org\/{rel}","templated":true}]}}