{"id":247089,"date":"2025-07-13T11:53:24","date_gmt":"2025-07-13T11:53:24","guid":{"rendered":"https:\/\/www.europesays.com\/fr\/247089\/"},"modified":"2025-07-13T11:53:24","modified_gmt":"2025-07-13T11:53:24","slug":"les-trouvailles-de-la-france-den-bas-n1","status":"publish","type":"post","link":"https:\/\/www.europesays.com\/fr\/247089\/","title":{"rendered":"Les trouvailles de la France d&rsquo;en Bas &#8211; n\u00b01"},"content":{"rendered":"<p class=\"p1\">C\u2019est la France d\u2019en bas. Celle d\u2019en bas de chez toi. Celle qui depuis toujours joue la musique par passion, par plaisir et pour le partage, qui prend le volant aussi facilement que les instruments pour remplir les bars ou les salles. Celle qui fait souvent par ses propres moyens pour avancer. Qu\u2019ils soient noise rock, punk hardcore, \u00e9mo post hardcore, indie rock, garage psych\u00e9, ce sont plusieurs centaines d\u2019albums qui, chaque ann\u00e9e, contribuent \u00e0 la grande famille du rock fran\u00e7ais underground. D\u00e9sormais, Mowno en attrapera r\u00e9guli\u00e8rement au vol et vous proposera r\u00e9guli\u00e8rement une s\u00e9lection d\u2019enregistrements m\u00e9ritant tout sauf l\u2019indiff\u00e9rence g\u00e9n\u00e9rale. Bonne \u00e9coute et bonnes d\u00e9couvertes.<\/p>\n","protected":false},"excerpt":{"rendered":"C\u2019est la France d\u2019en bas. Celle d\u2019en bas de chez toi. Celle qui depuis toujours joue la musique&hellip;\n","protected":false},"author":2,"featured_media":15979,"comment_status":"","ping_status":"","sticky":false,"template":"","format":"standard","meta":{"footnotes":""},"categories":[1355],"tags":[26071,58,59,1011,27,38747,38748,1361,873,38749,517,38750,38751,38752,38753],"class_list":{"0":"post-247089","1":"post","2":"type-post","3":"status-publish","4":"format-standard","5":"has-post-thumbnail","7":"category-musique","8":"tag-claque","9":"tag-divertissement","10":"tag-entertainment","11":"tag-fr","12":"tag-france","13":"tag-gavagaii","14":"tag-monde-de-merde","15":"tag-music","16":"tag-musique","17":"tag-nampara","18":"tag-sport","19":"tag-tennger","20":"tag-timut","21":"tag-we-only-said","22":"tag-zir-pachet"},"share_on_mastodon":{"url":"https:\/\/pubeurope.com\/@fr\/114845791230648551","error":""},"_links":{"self":[{"href":"https:\/\/www.europesays.com\/fr\/wp-json\/wp\/v2\/posts\/247089","targetHints":{"allow":["GET"]}}],"collection":[{"href":"https:\/\/www.europesays.com\/fr\/wp-json\/wp\/v2\/posts"}],"about":[{"href":"https:\/\/www.europesays.com\/fr\/wp-json\/wp\/v2\/types\/post"}],"author":[{"embeddable":true,"href":"https:\/\/www.europesays.com\/fr\/wp-json\/wp\/v2\/users\/2"}],"replies":[{"embeddable":true,"href":"https:\/\/www.europesays.com\/fr\/wp-json\/wp\/v2\/comments?post=247089"}],"version-history":[{"count":0,"href":"https:\/\/www.europesays.com\/fr\/wp-json\/wp\/v2\/posts\/247089\/revisions"}],"wp:featuredmedia":[{"embeddable":true,"href":"https:\/\/www.europesays.com\/fr\/wp-json\/wp\/v2\/media\/15979"}],"wp:attachment":[{"href":"https:\/\/www.europesays.com\/fr\/wp-json\/wp\/v2\/media?parent=247089"}],"wp:term":[{"taxonomy":"category","embeddable":true,"href":"https:\/\/www.europesays.com\/fr\/wp-json\/wp\/v2\/categories?post=247089"},{"taxonomy":"post_tag","embeddable":true,"href":"https:\/\/www.europesays.com\/fr\/wp-json\/wp\/v2\/tags?post=247089"}],"curies":[{"name":"wp","href":"https:\/\/api.w.org\/{rel}","templated":true}]}}