{"id":247104,"date":"2025-07-13T12:01:08","date_gmt":"2025-07-13T12:01:08","guid":{"rendered":"https:\/\/www.europesays.com\/fr\/247104\/"},"modified":"2025-07-13T12:01:08","modified_gmt":"2025-07-13T12:01:08","slug":"un-seisme-ressenti-ce-dimanche-matin-en-vendee","status":"publish","type":"post","link":"https:\/\/www.europesays.com\/fr\/247104\/","title":{"rendered":"un s\u00e9isme ressenti ce dimanche matin en Vend\u00e9e"},"content":{"rendered":"<p>            Par<br \/>\n        <strong><br \/>\n            <a href=\"https:\/\/actu.fr\/auteur\/sebastien-bethune\" title=\"Consulter tous les articles de S\u00e9bastien B\u00e9thune\" target=\"_blank\" rel=\"noopener\">S\u00e9bastien B\u00e9thune<\/a><br \/>\n        <\/strong><\/p>\n<p>        Publi\u00e9 le<\/p>\n<p>            13 juil. 2025 \u00e0 12h42        <\/p>\n<p>\u00ab\u2009On pensait \u00e0 une explosion\u2009! <b>La maison a vibr\u00e9<\/b>\u2009\u00bb, s\u2019exprime une internaute sur Facebook. \u00ab\u2009Je pensais que c\u2019\u00e9tait de l\u2019orage\u2009\u00bb, \u00e9crit une autre.<\/p>\n<p class=\" wall-content\">Ils sont nombreux \u00e0 l\u2019avoir entendu\u2009: <b>un s\u00e9isme<\/b> a frapp\u00e9 la <a href=\"https:\/\/actu.fr\/pays-de-la-loire\/vendee_85\" target=\"_blank\" rel=\"noopener\">Vend\u00e9e<\/a>, dimanche 13\u00a0juillet, <b>vers 8\u2009h\u200917 ce matin.<\/b><\/p>\n<p>Au nord de la Vend\u00e9e<\/p>\n<p class=\" wall-content\">C\u2019est plus pr\u00e9cis\u00e9ment le nord du d\u00e9partement qui a \u00e9t\u00e9 touch\u00e9 avec un \u00ab\u2009\u00e9picentre vers Saint-Georges-de-Montaigu\u2009\u00bb, pr\u00e9cise notamment <a href=\"https:\/\/www.facebook.com\/search\/top\/?q=s%C3%A9isme%20vend%C3%A9e\" target=\"_blank\" rel=\"noopener\">Climat Vend\u00e9e<\/a>.<\/p>\n<p class=\" wall-content\">Selon le <b>R\u00e9seau national de surveillance sismique<\/b> (R\u00e9nass), le s\u00e9isme est \u00e9valu\u00e9 \u00e0 <a href=\"https:\/\/renass.unistra.fr\/fr\/zones\/france\/\" target=\"_blank\" rel=\"noopener\">3,4 sur l\u2019\u00e9chelle de Richter<\/a>.<\/p>\n<p class=\" wall-content\">Cet \u00e9v\u00e9nement n\u2019est pas rare en Vend\u00e9e, puisque <a href=\"https:\/\/actu.fr\/pays-de-la-loire\/les-sables-d-olonne_85194\/et-vous-avez-vous-senti-ce-sesime-qui-a-frappe-la-vendee-cette-nuit_62459105.html\" target=\"_blank\" rel=\"noopener\">le dernier date d\u2019avril\u00a02025<\/a> <b>avec une magnitude de 3,6.<\/b><\/p>\n<p class=\" wall-content\">Mais il est toujours impressionnant et surprenant de le ressentir.<\/p>\n<p>Vid\u00e9os : en ce moment sur Actu<\/p>\n<p class=\" wall-content\">\u00c0 noter que les pompiers de <a href=\"https:\/\/actu.fr\/pays-de-la-loire\/vendee_85\" target=\"_blank\" rel=\"noopener\">Vend\u00e9e<\/a> ont re\u00e7u une \u00ab\u2009dizaine d\u2019appels\u2009\u00bb mais qu\u2019aucune intervention n\u2019a \u00e9t\u00e9 op\u00e9r\u00e9e.<\/p>\n<p class=\" wall-content\">Suivez toute l\u2019actualit\u00e9 de vos villes et m\u00e9dias favoris en vous inscrivant \u00e0 <a href=\"https:\/\/moncompte.actu.fr\" title=\"D\u00e9couvez Mon Actu\" rel=\"nofollow noopener\" data-trk=\"{&quot;cta&quot;:{&quot;action&quot;:&quot;https:\\\/\\\/moncompte.actu.fr&quot;,&quot;category&quot;:&quot;mon compte&quot;,&quot;from&quot;:&quot;article footer&quot;,&quot;name&quot;:&quot;Mon actu&quot;,&quot;type&quot;:&quot;cta&quot;}}\" target=\"_blank\">Mon Actu<\/a>.<\/p>\n","protected":false},"excerpt":{"rendered":"Par S\u00e9bastien B\u00e9thune Publi\u00e9 le 13 juil. 2025 \u00e0 12h42 \u00ab\u2009On pensait \u00e0 une explosion\u2009! La maison a&hellip;\n","protected":false},"author":2,"featured_media":247105,"comment_status":"","ping_status":"","sticky":false,"template":"","format":"standard","meta":{"footnotes":""},"categories":[4],"tags":[11,118,1011,27,12,25,18565],"class_list":{"0":"post-247104","1":"post","2":"type-post","3":"status-publish","4":"format-standard","5":"has-post-thumbnail","7":"category-france","8":"tag-actualites","9":"tag-faits-divers","10":"tag-fr","11":"tag-france","12":"tag-news","13":"tag-republique-francaise","14":"tag-seismes"},"share_on_mastodon":{"url":"https:\/\/pubeurope.com\/@fr\/114845822741577254","error":""},"_links":{"self":[{"href":"https:\/\/www.europesays.com\/fr\/wp-json\/wp\/v2\/posts\/247104","targetHints":{"allow":["GET"]}}],"collection":[{"href":"https:\/\/www.europesays.com\/fr\/wp-json\/wp\/v2\/posts"}],"about":[{"href":"https:\/\/www.europesays.com\/fr\/wp-json\/wp\/v2\/types\/post"}],"author":[{"embeddable":true,"href":"https:\/\/www.europesays.com\/fr\/wp-json\/wp\/v2\/users\/2"}],"replies":[{"embeddable":true,"href":"https:\/\/www.europesays.com\/fr\/wp-json\/wp\/v2\/comments?post=247104"}],"version-history":[{"count":0,"href":"https:\/\/www.europesays.com\/fr\/wp-json\/wp\/v2\/posts\/247104\/revisions"}],"wp:featuredmedia":[{"embeddable":true,"href":"https:\/\/www.europesays.com\/fr\/wp-json\/wp\/v2\/media\/247105"}],"wp:attachment":[{"href":"https:\/\/www.europesays.com\/fr\/wp-json\/wp\/v2\/media?parent=247104"}],"wp:term":[{"taxonomy":"category","embeddable":true,"href":"https:\/\/www.europesays.com\/fr\/wp-json\/wp\/v2\/categories?post=247104"},{"taxonomy":"post_tag","embeddable":true,"href":"https:\/\/www.europesays.com\/fr\/wp-json\/wp\/v2\/tags?post=247104"}],"curies":[{"name":"wp","href":"https:\/\/api.w.org\/{rel}","templated":true}]}}