{"id":247106,"date":"2025-07-13T12:02:14","date_gmt":"2025-07-13T12:02:14","guid":{"rendered":"https:\/\/www.europesays.com\/fr\/247106\/"},"modified":"2025-07-13T12:02:14","modified_gmt":"2025-07-13T12:02:14","slug":"pourquoi-litalie-lallemagne-la-france-ou-lirlande-ont-plus-a-perdre-que-les-autres-pays-europeens-liberation","status":"publish","type":"post","link":"https:\/\/www.europesays.com\/fr\/247106\/","title":{"rendered":"pourquoi l\u2019Italie, l\u2019Allemagne, la France ou l\u2019Irlande ont plus \u00e0 perdre que les autres pays europ\u00e9ens \u2013 Lib\u00e9ration"},"content":{"rendered":"<p class=\"sc-ksZaOG ehjQrN text-element\">Il faut d\u00e9sormais, dixit Emmanuel Macron, \u00abacc\u00e9l\u00e9rer la pr\u00e9paration de contre-mesures cr\u00e9dibles\u00bb. Face \u00e0 la <a href=\"https:\/\/www.liberation.fr\/international\/amerique\/taxes-douanieres-donald-trump-annonce-la-douloureuse-a-lunion-europeenne-a-hauteur-de-30-20250712_Q7H6B2H3AREXFDBFEQOFV7UQXA\/\" target=\"_blank\" rel=\"nofollow noopener\" title=\"https:\/\/www.liberation.fr\/international\/amerique\/taxes-douanieres-donald-trump-annonce-la-douloureuse-a-lunion-europeenne-a-hauteur-de-30-20250712_Q7H6B2H3AREXFDBFEQOFV7UQXA\/\">nouvelle salve de menaces<\/a> commerciales de Donald Trump, ce n\u2019est pas tout \u00e0 fait la ligne de Berlin, qui intime \u00e0 <a href=\"https:\/\/www.liberation.fr\/international\/europe\/guerre-commerciale-leurope-tentee-par-la-capitulation-20250627_ESDDEUZMPJCKJL2L62BCLWLRIY\/\" target=\"_blank\" rel=\"nofollow noopener\" title=\"https:\/\/www.liberation.fr\/international\/europe\/guerre-commerciale-leurope-tentee-par-la-capitulation-20250627_ESDDEUZMPJCKJL2L62BCLWLRIY\/\">la Commission europ\u00e9enne de n\u00e9gocier<\/a> \u00abde mani\u00e8re pragmatique\u00bb dans l\u2019espoir d\u2019un accord avant le 1er ao\u00fbt. Trois petites semaines avant la nouvelle date butoir fix\u00e9e par le pr\u00e9sident am\u00e9ricain, qui a annonc\u00e9 samedi 12 juillet des droits de douane de 30 % sur tous les produits de l\u2019Union europ\u00e9enne. Mais, au vu de la structure de leur \u00e9conomie, tous les pays membres ne sont pas \u00e9gaux face aux surtaxes.<\/p>\n<p class=\"sc-ksZaOG ehjQrN text-element\">L\u2019Irlande, poids lourd europ\u00e9en de l\u2019industrie pharmaceutique dop\u00e9e par son cadre fiscal avantageux, est en premi\u00e8re ligne avec l\u2019Allemagne, qu<\/p>\n","protected":false},"excerpt":{"rendered":"Il faut d\u00e9sormais, dixit Emmanuel Macron, \u00abacc\u00e9l\u00e9rer la pr\u00e9paration de contre-mesures cr\u00e9dibles\u00bb. Face \u00e0 la nouvelle salve de&hellip;\n","protected":false},"author":2,"featured_media":247107,"comment_status":"","ping_status":"","sticky":false,"template":"","format":"standard","meta":{"footnotes":""},"categories":[2],"tags":[11,75,73,1011,27,1074,12,364],"class_list":{"0":"post-247106","1":"post","2":"type-post","3":"status-publish","4":"format-standard","5":"has-post-thumbnail","7":"category-actualites","8":"tag-actualites","9":"tag-donald-trump","10":"tag-etats-unis","11":"tag-fr","12":"tag-france","13":"tag-guerre-commerciale","14":"tag-news","15":"tag-union-europeenne"},"share_on_mastodon":{"url":"https:\/\/pubeurope.com\/@fr\/114845826580009818","error":""},"_links":{"self":[{"href":"https:\/\/www.europesays.com\/fr\/wp-json\/wp\/v2\/posts\/247106","targetHints":{"allow":["GET"]}}],"collection":[{"href":"https:\/\/www.europesays.com\/fr\/wp-json\/wp\/v2\/posts"}],"about":[{"href":"https:\/\/www.europesays.com\/fr\/wp-json\/wp\/v2\/types\/post"}],"author":[{"embeddable":true,"href":"https:\/\/www.europesays.com\/fr\/wp-json\/wp\/v2\/users\/2"}],"replies":[{"embeddable":true,"href":"https:\/\/www.europesays.com\/fr\/wp-json\/wp\/v2\/comments?post=247106"}],"version-history":[{"count":0,"href":"https:\/\/www.europesays.com\/fr\/wp-json\/wp\/v2\/posts\/247106\/revisions"}],"wp:featuredmedia":[{"embeddable":true,"href":"https:\/\/www.europesays.com\/fr\/wp-json\/wp\/v2\/media\/247107"}],"wp:attachment":[{"href":"https:\/\/www.europesays.com\/fr\/wp-json\/wp\/v2\/media?parent=247106"}],"wp:term":[{"taxonomy":"category","embeddable":true,"href":"https:\/\/www.europesays.com\/fr\/wp-json\/wp\/v2\/categories?post=247106"},{"taxonomy":"post_tag","embeddable":true,"href":"https:\/\/www.europesays.com\/fr\/wp-json\/wp\/v2\/tags?post=247106"}],"curies":[{"name":"wp","href":"https:\/\/api.w.org\/{rel}","templated":true}]}}