{"id":247119,"date":"2025-07-13T12:17:27","date_gmt":"2025-07-13T12:17:27","guid":{"rendered":"https:\/\/www.europesays.com\/fr\/247119\/"},"modified":"2025-07-13T12:17:27","modified_gmt":"2025-07-13T12:17:27","slug":"wtcs-dorian-coninx-rate-son-retour-et-termine-aux-portes-du-top-10","status":"publish","type":"post","link":"https:\/\/www.europesays.com\/fr\/247119\/","title":{"rendered":"WTCS. Dorian Coninx rate son retour et termine aux portes du top 10"},"content":{"rendered":"<p><a href=\"https:\/\/www.ledauphine.com\/p\/dorian-coninx\" target=\"_blank\" rel=\"noopener\">Dorian Coninx<\/a> est de retour sur le circuit WTCS. Absent lors de la manche inaugurale \u00e0 Abu Dhabi en f\u00e9vrier, le Grenoblois s\u2019est ensuite align\u00e9 sur la course de Yokohama (5e) avant de tomber malade \u00e0 quelques heures du d\u00e9part de l\u2019\u00e9preuve italienne, <a href=\"https:\/\/www.ledauphine.com\/sport\/2025\/05\/30\/coninx-veut-remonter-sur-la-boite\" target=\"_blank\" rel=\"noopener\">\u00e0 Alghero, en Sardaigne.<\/a> L\u2019Is\u00e9rois s\u2019est align\u00e9 <a href=\"https:\/\/www.ledauphine.com\/sport\/2025\/07\/11\/l-iserois-dorian-coninx-chef-de-file-des-bleus-a-hambourg\" target=\"_blank\" rel=\"noopener\"> sur l\u2019\u00e9preuve allemande \u00e0 Hambourg,<\/a> o\u00f9 il comptait bien retrouver le haut de l\u2019affiche. Les conditions m\u00e9t\u00e9o d\u00e9sastreuses (pluie et vent) n\u2019ont pas aid\u00e9 Dorian Coninx a trouv\u00e9 son rythme de croisi\u00e8re.<\/p>\n<p>  Coninx, un temps de retard<\/p>\n<p>Apr\u00e8s la natation, le Grenoblois est sorti du plan d\u2019eau avec une grosse dizaine de retard sur le groupe des leaders. Il n\u2019a jamais \u00e9t\u00e9 l\u00e2ch\u00e9 sur le v\u00e9lo mais il n\u2019a pas r\u00e9ussi \u00e0 refaire son retard avec les premiers et il a m\u00eame perdu du temps sur le parcours. La chauss\u00e9e tr\u00e8s humide n\u2019a pas aid\u00e9 le champion du monde WTCS 2023 pour remonter.<\/p>\n<p>Ce contenu est bloqu\u00e9 car vous n&rsquo;avez pas accept\u00e9 les cookies et autres traceurs.<\/p>\n<p>En cliquant sur \u00ab J\u2019accepte \u00bb, les cookies et autres traceurs seront d\u00e9pos\u00e9s et vous pourrez visualiser les contenus  (<a href=\"\" class=\"consentModule_policy\" target=\"_blank\" title=\"Consulter la politique de protection des donn\u00e9es du fournisseur\">plus d&rsquo;informations<\/a>).<\/p>\n<p>En cliquant sur \u00ab J\u2019accepte tous les cookies \u00bb, vous autorisez des d\u00e9p\u00f4ts de cookies et autres traceurs pour le stockage de vos donn\u00e9es sur nos sites et applications \u00e0 des fins de personnalisation et de ciblage publicitaire.<\/p>\n<p class=\"consentModule_secondaryText\">Vous gardez la possibilit\u00e9 de retirer votre consentement \u00e0 tout moment en consultant notre <a href=\"https:\/\/www.ledauphine.com\/protection-des-donnees\" target=\"_blank\" title=\"Consulter notre politique de protection des donn\u00e9es\" rel=\"noopener\">politique de protection des donn\u00e9es<\/a>. <br \/>&#13;<br \/>\n            <a href=\"https:\/\/www.ledauphine.com\/sport\/2025\/07\/12\/javascript:Didomi.notice.show()\" class=\"consentModule_cmp\" target=\"_blank\" rel=\"noopener\">G\u00e9rer mes choix<\/a>&#13;\n        <\/p>\n<p>&#13;<br \/>\n                        J&rsquo;accepte&#13;<br \/>\n            J&rsquo;accepte tous les cookies&#13;\n        <\/p>\n<p>Avant la course \u00e0 pied, il pointait \u00e0 18e\u00a0place \u00e0 32 secondes. Pendant la course \u00e0 pied, le favori, l&rsquo;Australien Matthew Hauser, a fait parler son physique pour prendre la poudre d\u2019escampette et semer ses adversaires. Il remporte l\u2019\u00e9preuve d\u2019Hambourg en 50\u201907\u2019\u2019 devant le Portugais Vasco Vilaca (+0\u201908\u2019\u2019) et l\u2019Italien Alessio Crociani (+0\u201929\u2019\u2019). Dorian Coninx signe le 11e temps \u00e0 1\u201912\u2019\u2019 du vainqueur du jour. Il est le meilleur Fran\u00e7ais. Yanis Seguin est 18e (+1\u201929\u2019\u2019) et Tom Richard, un temps avec les premiers, a chut\u00e9 lors de la partie v\u00e9lo\u00a0et a abandonn\u00e9.<\/p>\n<p>Dorian Coninx aura une nouvelle occasion de d\u00e9crocher un premier podium cette saison lors de la prochaine \u00e9tape sur la C\u00f4te d\u2019Azur. Le WTCS French Riviera entre Saint-Rapha\u00ebl et Fr\u00e9jus aura lieu le 31 ao\u00fbt.<\/p>\n","protected":false},"excerpt":{"rendered":"Dorian Coninx est de retour sur le circuit WTCS. Absent lors de la manche inaugurale \u00e0 Abu Dhabi&hellip;\n","protected":false},"author":2,"featured_media":247120,"comment_status":"","ping_status":"","sticky":false,"template":"","format":"standard","meta":{"footnotes":""},"categories":[9566],"tags":[1111,11,2430,112,1777,674,1701,1011,27,2731,2732,108,12,25,517,10997],"class_list":{"0":"post-247119","1":"post","2":"type-post","3":"status-publish","4":"format-standard","5":"has-post-thumbnail","7":"category-grenoble","8":"tag-actu","9":"tag-actualites","10":"tag-auvergne-rhone-alpes","11":"tag-edition-grenoble-agglomeration","12":"tag-eu","13":"tag-europe","14":"tag-fil-info-sport","15":"tag-fr","16":"tag-france","17":"tag-grenoble","18":"tag-grenoble-bassin","19":"tag-isere","20":"tag-news","21":"tag-republique-francaise","22":"tag-sport","23":"tag-triathlon"},"share_on_mastodon":{"url":"https:\/\/pubeurope.com\/@fr\/114845885550471504","error":""},"_links":{"self":[{"href":"https:\/\/www.europesays.com\/fr\/wp-json\/wp\/v2\/posts\/247119","targetHints":{"allow":["GET"]}}],"collection":[{"href":"https:\/\/www.europesays.com\/fr\/wp-json\/wp\/v2\/posts"}],"about":[{"href":"https:\/\/www.europesays.com\/fr\/wp-json\/wp\/v2\/types\/post"}],"author":[{"embeddable":true,"href":"https:\/\/www.europesays.com\/fr\/wp-json\/wp\/v2\/users\/2"}],"replies":[{"embeddable":true,"href":"https:\/\/www.europesays.com\/fr\/wp-json\/wp\/v2\/comments?post=247119"}],"version-history":[{"count":0,"href":"https:\/\/www.europesays.com\/fr\/wp-json\/wp\/v2\/posts\/247119\/revisions"}],"wp:featuredmedia":[{"embeddable":true,"href":"https:\/\/www.europesays.com\/fr\/wp-json\/wp\/v2\/media\/247120"}],"wp:attachment":[{"href":"https:\/\/www.europesays.com\/fr\/wp-json\/wp\/v2\/media?parent=247119"}],"wp:term":[{"taxonomy":"category","embeddable":true,"href":"https:\/\/www.europesays.com\/fr\/wp-json\/wp\/v2\/categories?post=247119"},{"taxonomy":"post_tag","embeddable":true,"href":"https:\/\/www.europesays.com\/fr\/wp-json\/wp\/v2\/tags?post=247119"}],"curies":[{"name":"wp","href":"https:\/\/api.w.org\/{rel}","templated":true}]}}