{"id":247132,"date":"2025-07-13T12:28:10","date_gmt":"2025-07-13T12:28:10","guid":{"rendered":"https:\/\/www.europesays.com\/fr\/247132\/"},"modified":"2025-07-13T12:28:10","modified_gmt":"2025-07-13T12:28:10","slug":"les-girondins-multiplient-les-pistes-pour-un-gardien-de-but-letellier-patron-sourzac","status":"publish","type":"post","link":"https:\/\/www.europesays.com\/fr\/247132\/","title":{"rendered":"Les Girondins multiplient les pistes pour un gardien de but : Letellier, Patron, Sourzac&#8230;"},"content":{"rendered":"<p><img decoding=\"async\" src=\"https:\/\/www.europesays.com\/fr\/wp-content\/uploads\/2025\/07\/671_59ca68b5964ca50b9fdaddc1d43e3acd.jpg\" alt=\"Les Girondins multiplient les pistes pour un gardien de but : Letellier, Patron, Sourzac...\" class=\"img-responsive mt-3\"\/><\/p>\n<p class=\"text-center mb-3\" style=\"font-size: 14px\">\u00a9 Iconsport<\/p>\n<p>      <strong>Lassana Diabat\u00e9 n\u2019a pas satisfait la direction sportive la saison derni\u00e8re<\/strong><\/p>\n<p style=\"text-align: justify;\">S&rsquo; il a fait de bonnes prestations (10 clean sheet en 30 matchs de N2), <a href=\"https:\/\/www.webgirondins.com\/actualite-girondins-mercato-les-girondins-prolongent-lassana-diabate-129671\" target=\"_blank\" rel=\"noopener\">Lassana Diabat\u00e9<\/a> (21 ans, 1,83m) a eu un passage \u00e0 vide durant sa saison, pas aid\u00e9 par les 3 changements d&rsquo;entraineurs des gardiens (Chaumin, Potel, Coupet). Par ailleurs, Lassana Diabat\u00e9 est arriv\u00e9 \u00e0 la reprise de l&rsquo;entra\u00eenement avec une blessure musculaire, ce qui ne plaide pas en sa faveur. En effet, il ne peut pas suivre la pr\u00e9paration avec le reste du groupe lors de cette premi\u00e8re semaine au moins.<\/p>\n<p style=\"text-align: justify;\">C\u2019est pourquoi Bordeaux s\u2019est mis en qu\u00eate de recruter un gardien plus exp\u00e9riment\u00e9. Pour cela, le club au scapulaire et son directeur sportif John Williams ont multipli\u00e9 les pistes.<\/p>\n<p><strong>Le Nanc\u00e9ien Sourzac, l\u2019ancien du PSG Letellier, Patron de QRM<\/strong><\/p>\n<p style=\"text-align: justify;\">Selon nos informations, la premi\u00e8re piste m\u00e8ne \u00e0 Martin Sourzac (33 ans, 1,86m), l\u2019excellent gardien de l\u2019AS Nancy Lorraine, club promu en Ligue 2. Sourzac a bien connu Bruno Irl\u00e8s lors de sa formation \u00e0 l\u2019AS Monaco. Joueur embl\u00e9matique de la mont\u00e9e des Lorrains en Ligue 2 (15 cleansheets), Sourzac a vu son club recruter ce vendredi le gardien de Guingamp Enzo Basilio (30 ans), ce qui le met en concurrence. N\u00e9anmoins, ce dossier est compliqu\u00e9 \u00e0 g\u00e9rer pour Bordeaux, car Sourzac est sous contrat avec Nancy jusqu&rsquo;en 2026. De plus, sa r\u00e9mun\u00e9ration est \u00e9lev\u00e9e pour un club de N2. Il n\u2019y aurait pas de contact entre les deux clubs.<\/p>\n<p>\u00a0<\/p>\n<p style=\"text-align: justify;\">Autre gardien de but \u00e9tudi\u00e9 selon nos informations, Alexandre Letellier (34 ans, 1,93m). Il est en fin de contrat avec le PSG depuis cet \u00e9t\u00e9. Il a tr\u00e8s peu jou\u00e9 ses trois derni\u00e8res ann\u00e9es et a eu un r\u00f4le de doublure avec le club parisien.<\/p>\n<p style=\"text-align: justify;\">En outre, la situation du gardien de but de QRM, Pierre Patron (27 ans, 1,91m) a aussi \u00e9t\u00e9 regard\u00e9e par les Girondins de Bordeaux. Il faut dire que Patron n\u2019est pas titulaire indiscutable avec QRM en National 1, et alterne entre le terrain, le banc et la tribune. Il a jou\u00e9 11 matchs de N1 la saison derni\u00e8re pour 4 cleansheets. Comme Sourzac, il est sous contrat jusqu\u2019en 2026 avec QRM.<\/p>\n<p style=\"text-align: justify;\">Enfin, les Girondins de Bordeaux ont \u00e9tudi\u00e9 un 4e profil de gardien de but. Le nom n\u2019a pas filtr\u00e9.<\/p>\n<p style=\"text-align: justify;\">Le club au scapulaire doit passer la vitesse sup\u00e9rieure dans les prochains jours sur un poste d\u00e9cisif dans une \u00e9quipe qui joue la mont\u00e9e \u00e0 l&rsquo;\u00e9chelon sup\u00e9rieur.<\/p>\n<p style=\"text-align: justify;\">N.P<\/p>\n<p style=\"text-align: justify;\">\u00c0 lire &gt;&gt; <strong><a href=\"https:\/\/www.webgirondins.com\/actualite-girondins-girondins-gerard-lopez-je-n-ai-pas-besoin-de-reconnaissance-publique-ni-de-justifier-chacune-de-mes-decisions-129694\" target=\"_blank\" rel=\"noopener\">G\u00e9rard Lopez : \u00ab\u00a0Je n\u2019ai pas besoin de reconnaissance publique, ni de justifier chacune de mes d\u00e9cisions\u00a0\u00bb<\/a><\/strong><\/p>\n<p>\u00a0<\/p>\n<p>\u00a0<\/p>\n<p>R\u00e9\u00e9dition article du 12 juillet 2025.<\/p>\n","protected":false},"excerpt":{"rendered":"\u00a9 Iconsport Lassana Diabat\u00e9 n\u2019a pas satisfait la direction sportive la saison derni\u00e8re S&rsquo; il a fait de&hellip;\n","protected":false},"author":2,"featured_media":247133,"comment_status":"","ping_status":"","sticky":false,"template":"","format":"standard","meta":{"footnotes":""},"categories":[2817],"tags":[1111,11,38761,1997,35863,394,8770,1777,674,1011,27,8772,1987,8769,38758,19608,12,2219,4030,29595,23641,2513,471,31437,1990,25,23299,20432,38759,38760,3840],"class_list":{"0":"post-247132","1":"post","2":"type-post","3":"status-publish","4":"format-standard","5":"has-post-thumbnail","7":"category-bordeaux","8":"tag-actu","9":"tag-actualites","10":"tag-afin","11":"tag-bordeaux","12":"tag-concurrencer","13":"tag-depuis","14":"tag-diabate","15":"tag-eu","16":"tag-europe","17":"tag-fr","18":"tag-france","19":"tag-gardien","20":"tag-girondins","21":"tag-lassana","22":"tag-letellier","23":"tag-multiplient","24":"tag-news","25":"tag-nouvelle-aquitaine","26":"tag-patron","27":"tag-personne","28":"tag-pistes","29":"tag-plusieurs","30":"tag-pour","31":"tag-recruter","32":"tag-remplacer","33":"tag-republique-francaise","34":"tag-secret","35":"tag-semaines","36":"tag-sourzac","37":"tag-travaillent","38":"tag-voir"},"share_on_mastodon":{"url":"https:\/\/pubeurope.com\/@fr\/114845929216401379","error":""},"_links":{"self":[{"href":"https:\/\/www.europesays.com\/fr\/wp-json\/wp\/v2\/posts\/247132","targetHints":{"allow":["GET"]}}],"collection":[{"href":"https:\/\/www.europesays.com\/fr\/wp-json\/wp\/v2\/posts"}],"about":[{"href":"https:\/\/www.europesays.com\/fr\/wp-json\/wp\/v2\/types\/post"}],"author":[{"embeddable":true,"href":"https:\/\/www.europesays.com\/fr\/wp-json\/wp\/v2\/users\/2"}],"replies":[{"embeddable":true,"href":"https:\/\/www.europesays.com\/fr\/wp-json\/wp\/v2\/comments?post=247132"}],"version-history":[{"count":0,"href":"https:\/\/www.europesays.com\/fr\/wp-json\/wp\/v2\/posts\/247132\/revisions"}],"wp:featuredmedia":[{"embeddable":true,"href":"https:\/\/www.europesays.com\/fr\/wp-json\/wp\/v2\/media\/247133"}],"wp:attachment":[{"href":"https:\/\/www.europesays.com\/fr\/wp-json\/wp\/v2\/media?parent=247132"}],"wp:term":[{"taxonomy":"category","embeddable":true,"href":"https:\/\/www.europesays.com\/fr\/wp-json\/wp\/v2\/categories?post=247132"},{"taxonomy":"post_tag","embeddable":true,"href":"https:\/\/www.europesays.com\/fr\/wp-json\/wp\/v2\/tags?post=247132"}],"curies":[{"name":"wp","href":"https:\/\/api.w.org\/{rel}","templated":true}]}}