{"id":247139,"date":"2025-07-13T12:33:10","date_gmt":"2025-07-13T12:33:10","guid":{"rendered":"https:\/\/www.europesays.com\/fr\/247139\/"},"modified":"2025-07-13T12:33:10","modified_gmt":"2025-07-13T12:33:10","slug":"a-marseille-par-peur-de-devoir-regler-15-000-euros-damendes-le-conducteur-tente-de-fuir-un-controle-de-police","status":"publish","type":"post","link":"https:\/\/www.europesays.com\/fr\/247139\/","title":{"rendered":"\u00c0 Marseille, par peur de devoir r\u00e9gler 15\u00a0000\u00a0euros d\u2019amendes, le conducteur tente de fuir un contr\u00f4le de police"},"content":{"rendered":"<p>C\u2019est peut-\u00eatre la phrase qui a \u00e9vit\u00e9 \u00e0 Allan A. les barreaux de la prison. En garde \u00e0 vue, le jeune homme de 23\u00a0ans, interpell\u00e9 le 15\u00a0mars dernier apr\u00e8s un refus d\u2019obtemp\u00e9rer dans le 5e arrondissement de la cit\u00e9 phoc\u00e9enne ayant tourn\u00e9 \u00e0 <a href=\"https:\/\/www.laprovence.com\/article\/faits-divers-justice\/39004872638447\/courses-poursuites-voiture-en-feu-apres-des-tonneaux-nuit-agitee-dans-les-quartiers-nord-de-marseille\" target=\"_blank\" rel=\"nofollow noopener\">la course-poursuite<\/a> dangereuse, a d\u00e9clar\u00e9 aux enqu\u00eateurs\u00a0: \u00ab\u00a0Je me suis arr\u00eat\u00e9 quand j\u2019ai vu les motards de la police. Je savais que si je les touchais, ce ne serait pas la m\u00eame chose que de toucher des policiers prot\u00e9g\u00e9s par une carrosserie.\u00a0\u00bb \u00e7a ne l\u2019a pas emp\u00each\u00e9, toutefois, d\u2019\u00e9coper devant le tribunal correctionnel de <a href=\"https:\/\/www.laprovence.com\/bouches-du-rhone\/marseille-13055\" target=\"_blank\" rel=\"nofollow noopener\">Marseille<\/a> ce vendredi 11\u00a0juillet, d\u2019une condamnation \u00e0 dix mois de d\u00e9tention \u00e0 domicile sous bracelet \u00e9lectronique.<\/p>\n","protected":false},"excerpt":{"rendered":"C\u2019est peut-\u00eatre la phrase qui a \u00e9vit\u00e9 \u00e0 Allan A. les barreaux de la prison. En garde \u00e0&hellip;\n","protected":false},"author":2,"featured_media":247140,"comment_status":"","ping_status":"","sticky":false,"template":"","format":"standard","meta":{"footnotes":""},"categories":[2814],"tags":[38763,17,1111,11,8057,12930,38764,1777,674,7049,274,1011,27,884,12,471,882,38762,25],"class_list":{"0":"post-247139","1":"post","2":"type-post","3":"status-publish","4":"format-standard","5":"has-post-thumbnail","7":"category-marseille","8":"tag-000e","9":"tag-17","10":"tag-actu","11":"tag-actualites","12":"tag-conducteur","13":"tag-course-poursuite","14":"tag-damendes","15":"tag-eu","16":"tag-europe","17":"tag-eviter","18":"tag-faits-divers-justice","19":"tag-fr","20":"tag-france","21":"tag-marseille","22":"tag-news","23":"tag-pour","24":"tag-provence-alpes-cote-dazur","25":"tag-regler","26":"tag-republique-francaise"},"share_on_mastodon":{"url":"https:\/\/pubeurope.com\/@fr\/114845948573283399","error":""},"_links":{"self":[{"href":"https:\/\/www.europesays.com\/fr\/wp-json\/wp\/v2\/posts\/247139","targetHints":{"allow":["GET"]}}],"collection":[{"href":"https:\/\/www.europesays.com\/fr\/wp-json\/wp\/v2\/posts"}],"about":[{"href":"https:\/\/www.europesays.com\/fr\/wp-json\/wp\/v2\/types\/post"}],"author":[{"embeddable":true,"href":"https:\/\/www.europesays.com\/fr\/wp-json\/wp\/v2\/users\/2"}],"replies":[{"embeddable":true,"href":"https:\/\/www.europesays.com\/fr\/wp-json\/wp\/v2\/comments?post=247139"}],"version-history":[{"count":0,"href":"https:\/\/www.europesays.com\/fr\/wp-json\/wp\/v2\/posts\/247139\/revisions"}],"wp:featuredmedia":[{"embeddable":true,"href":"https:\/\/www.europesays.com\/fr\/wp-json\/wp\/v2\/media\/247140"}],"wp:attachment":[{"href":"https:\/\/www.europesays.com\/fr\/wp-json\/wp\/v2\/media?parent=247139"}],"wp:term":[{"taxonomy":"category","embeddable":true,"href":"https:\/\/www.europesays.com\/fr\/wp-json\/wp\/v2\/categories?post=247139"},{"taxonomy":"post_tag","embeddable":true,"href":"https:\/\/www.europesays.com\/fr\/wp-json\/wp\/v2\/tags?post=247139"}],"curies":[{"name":"wp","href":"https:\/\/api.w.org\/{rel}","templated":true}]}}