{"id":247143,"date":"2025-07-13T12:35:09","date_gmt":"2025-07-13T12:35:09","guid":{"rendered":"https:\/\/www.europesays.com\/fr\/247143\/"},"modified":"2025-07-13T12:35:09","modified_gmt":"2025-07-13T12:35:09","slug":"lionel-68-ans-a-quitte-son-domicile-sans-telephone-ni-argent","status":"publish","type":"post","link":"https:\/\/www.europesays.com\/fr\/247143\/","title":{"rendered":"Lionel, 68 ans, a quitt\u00e9 son domicile sans t\u00e9l\u00e9phone ni argent"},"content":{"rendered":"<p itemprop=\"description\"><strong>La gendarmerie du Rh\u00f4ne a lanc\u00e9 un appel \u00e0 t\u00e9moins ce dimanche 13 juillet, apr\u00e8s la disparition jug\u00e9e inqui\u00e9tante de Lionel Ledroit, un habitant de\u00a0Saint-Genis-Laval, au sud-ouest de Lyon.<\/strong><\/p>\n<p>Selon les autorit\u00e9s, cet homme de\u00a068 ans\u00a0a quitt\u00e9 son domicile\u00a0\u00e0 pied, entre\u00a011h30 et 12h30, ce samedi 12 juillet sans t\u00e9l\u00e9phone\u00a0ni\u00a0moyen de paiement. Depuis, il n\u2019a plus donn\u00e9 signe de vie.<\/p>\n<p>Au moment de sa disparition, Lionel portait des\u00a0sandales, un\u00a0bermuda ocre\u00a0et un\u00a0t-shirt clair. Il mesure\u00a01m68, a les\u00a0cheveux courts grisonnants, ne porte\u00a0pas de barbe\u00a0et pr\u00e9sente une\u00a0cicatrice visible sur la joue gauche.<\/p>\n<p>Toute personne ayant aper\u00e7u Lionel ou disposant d&rsquo;informations est invit\u00e9e \u00e0 contacter\u00a0la gendarmerie en composant le 17.<\/p>\n","protected":false},"excerpt":{"rendered":"La gendarmerie du Rh\u00f4ne a lanc\u00e9 un appel \u00e0 t\u00e9moins ce dimanche 13 juillet, apr\u00e8s la disparition jug\u00e9e&hellip;\n","protected":false},"author":2,"featured_media":247144,"comment_status":"","ping_status":"","sticky":false,"template":"","format":"standard","meta":{"footnotes":""},"categories":[1889],"tags":[1111,11,2813,2190,2430,1109,251,1112,2811,1777,674,118,1011,27,1922,1110,1114,2428,2810,12,241,316,25,2812,517,800],"class_list":{"0":"post-247143","1":"post","2":"type-post","3":"status-publish","4":"format-standard","5":"has-post-thumbnail","7":"category-lyon","8":"tag-actu","9":"tag-actualites","10":"tag-article","11":"tag-asvel","12":"tag-auvergne-rhone-alpes","13":"tag-breves","14":"tag-culture","15":"tag-depeches","16":"tag-economique","17":"tag-eu","18":"tag-europe","19":"tag-faits-divers","20":"tag-fr","21":"tag-france","22":"tag-info","23":"tag-informations","24":"tag-infos","25":"tag-lyon","26":"tag-lyonmag","27":"tag-news","28":"tag-ol","29":"tag-politique","30":"tag-republique-francaise","31":"tag-sociale","32":"tag-sport","33":"tag-transports"},"share_on_mastodon":{"url":"https:\/\/pubeurope.com\/@fr\/114845956444477887","error":""},"_links":{"self":[{"href":"https:\/\/www.europesays.com\/fr\/wp-json\/wp\/v2\/posts\/247143","targetHints":{"allow":["GET"]}}],"collection":[{"href":"https:\/\/www.europesays.com\/fr\/wp-json\/wp\/v2\/posts"}],"about":[{"href":"https:\/\/www.europesays.com\/fr\/wp-json\/wp\/v2\/types\/post"}],"author":[{"embeddable":true,"href":"https:\/\/www.europesays.com\/fr\/wp-json\/wp\/v2\/users\/2"}],"replies":[{"embeddable":true,"href":"https:\/\/www.europesays.com\/fr\/wp-json\/wp\/v2\/comments?post=247143"}],"version-history":[{"count":0,"href":"https:\/\/www.europesays.com\/fr\/wp-json\/wp\/v2\/posts\/247143\/revisions"}],"wp:featuredmedia":[{"embeddable":true,"href":"https:\/\/www.europesays.com\/fr\/wp-json\/wp\/v2\/media\/247144"}],"wp:attachment":[{"href":"https:\/\/www.europesays.com\/fr\/wp-json\/wp\/v2\/media?parent=247143"}],"wp:term":[{"taxonomy":"category","embeddable":true,"href":"https:\/\/www.europesays.com\/fr\/wp-json\/wp\/v2\/categories?post=247143"},{"taxonomy":"post_tag","embeddable":true,"href":"https:\/\/www.europesays.com\/fr\/wp-json\/wp\/v2\/tags?post=247143"}],"curies":[{"name":"wp","href":"https:\/\/api.w.org\/{rel}","templated":true}]}}