{"id":247150,"date":"2025-07-13T12:41:17","date_gmt":"2025-07-13T12:41:17","guid":{"rendered":"https:\/\/www.europesays.com\/fr\/247150\/"},"modified":"2025-07-13T12:41:17","modified_gmt":"2025-07-13T12:41:17","slug":"info-va-paris-un-garcon-handicape-de-12-ans-agresse-par-un-suspect-en-fuite-implique-dans-une-rixe","status":"publish","type":"post","link":"https:\/\/www.europesays.com\/fr\/247150\/","title":{"rendered":"[Info VA] Paris : un gar\u00e7on handicap\u00e9 de 12 ans agress\u00e9 par un suspect en fuite impliqu\u00e9 dans une rixe"},"content":{"rendered":"<p>\t[Info VA] Paris : un gar\u00e7on handicap\u00e9 de 12 ans agress\u00e9 par un suspect en fuite impliqu\u00e9 dans une rixe &#8211; Valeurs actuelles<\/p>\n<p><a href=\"https:\/\/www.valeursactuelles.com\/\" rel=\"nofollow noopener\" target=\"_blank\">Accueil<\/a> \u00bb <a href=\"https:\/\/www.valeursactuelles.com\/faits-divers\" rel=\"nofollow noopener\" target=\"_blank\">Faits divers<\/a> \u00bb [Info VA] Paris : un gar\u00e7on handicap\u00e9 de 12 ans agress\u00e9 par un suspect en fuite impliqu\u00e9 dans une rixe<\/p>\n<p>            la boutique <img decoding=\"async\" class=\"lazy\" src=\"https:\/\/www.valeursactuelles.com\/assets\/themes\/krea-theme\/images\/valeurs-actuelles-yellow.svg\" title=\"Valeurs actuelles\"\/><\/p>\n<p>                                                            <img decoding=\"async\" class=\"lazy\" src=\"https:\/\/www.europesays.com\/fr\/wp-content\/uploads\/2025\/06\/VA_HS39_001B.jpg\"\/><\/p>\n<p>                                                    Voir le produit<\/p>\n<p>                                                            <img decoding=\"async\" class=\"lazy\" src=\"https:\/\/www.europesays.com\/fr\/wp-content\/uploads\/2025\/06\/WhatsApp-Image-2024-05-28-a-11.48.56_25edefee-1.jpg\"\/><\/p>\n<p>                                                    Voir le produit<\/p>\n<p>                                                            <img decoding=\"async\" class=\"lazy\" src=\"https:\/\/www.europesays.com\/fr\/wp-content\/uploads\/2025\/06\/SM017_001.jpg\"\/><\/p>\n<p>                                                    Voir le produit<\/p>\n","protected":false},"excerpt":{"rendered":"[Info VA] Paris : un gar\u00e7on handicap\u00e9 de 12 ans agress\u00e9 par un suspect en fuite impliqu\u00e9 dans&hellip;\n","protected":false},"author":2,"featured_media":247151,"comment_status":"","ping_status":"","sticky":false,"template":"","format":"standard","meta":{"footnotes":""},"categories":[1888],"tags":[11,1120,3916,28669,1777,674,1011,27,1943,12,626,25,5510],"class_list":{"0":"post-247150","1":"post","2":"type-post","3":"status-publish","4":"format-standard","5":"has-post-thumbnail","7":"category-paris","8":"tag-actualites","9":"tag-agression","10":"tag-blesse","11":"tag-depot-de-plainte","12":"tag-eu","13":"tag-europe","14":"tag-fr","15":"tag-france","16":"tag-handicap","17":"tag-news","18":"tag-paris","19":"tag-republique-francaise","20":"tag-rixe"},"share_on_mastodon":{"url":"https:\/\/pubeurope.com\/@fr\/114845980190047435","error":""},"_links":{"self":[{"href":"https:\/\/www.europesays.com\/fr\/wp-json\/wp\/v2\/posts\/247150","targetHints":{"allow":["GET"]}}],"collection":[{"href":"https:\/\/www.europesays.com\/fr\/wp-json\/wp\/v2\/posts"}],"about":[{"href":"https:\/\/www.europesays.com\/fr\/wp-json\/wp\/v2\/types\/post"}],"author":[{"embeddable":true,"href":"https:\/\/www.europesays.com\/fr\/wp-json\/wp\/v2\/users\/2"}],"replies":[{"embeddable":true,"href":"https:\/\/www.europesays.com\/fr\/wp-json\/wp\/v2\/comments?post=247150"}],"version-history":[{"count":0,"href":"https:\/\/www.europesays.com\/fr\/wp-json\/wp\/v2\/posts\/247150\/revisions"}],"wp:featuredmedia":[{"embeddable":true,"href":"https:\/\/www.europesays.com\/fr\/wp-json\/wp\/v2\/media\/247151"}],"wp:attachment":[{"href":"https:\/\/www.europesays.com\/fr\/wp-json\/wp\/v2\/media?parent=247150"}],"wp:term":[{"taxonomy":"category","embeddable":true,"href":"https:\/\/www.europesays.com\/fr\/wp-json\/wp\/v2\/categories?post=247150"},{"taxonomy":"post_tag","embeddable":true,"href":"https:\/\/www.europesays.com\/fr\/wp-json\/wp\/v2\/tags?post=247150"}],"curies":[{"name":"wp","href":"https:\/\/api.w.org\/{rel}","templated":true}]}}